{"id":95299,"date":"2022-01-13T09:15:31","date_gmt":"2022-01-13T09:15:31","guid":{"rendered":"https:\/\/ujoldal.julius-k9.com\/mar-kezdokent-is-nagyon-elvezetes-az-egyik-legujabb-kutyas-sport\/"},"modified":"2022-01-13T09:28:36","modified_gmt":"2022-01-13T09:28:36","slug":"mar-kezdokent-is-nagyon-elvezetes-az-egyik-legujabb-kutyas-sport","status":"publish","type":"post","link":"https:\/\/julius-k9.com\/hu\/mar-kezdokent-is-nagyon-elvezetes-az-egyik-legujabb-kutyas-sport\/","title":{"rendered":"M\u00e1r kezd\u0151k\u00e9nt is nagyon \u00e9lvezetes az egyik leg\u00fajabb kuty\u00e1s sport"},"content":{"rendered":"\t\t<div data-elementor-type=\"wp-post\" data-elementor-id=\"95299\" class=\"elementor elementor-95299 elementor-95242\" data-elementor-post-type=\"post\">\n\t\t\t\t\t\t<section class=\"elementor-section elementor-top-section elementor-element elementor-element-d6514cf elementor-section-boxed elementor-section-height-default elementor-section-height-default\" data-id=\"d6514cf\" data-element_type=\"section\" data-settings=\"{&quot;_ob_glider_is_slider&quot;:&quot;no&quot;}\">\n\t\t\t\t\t\t<div class=\"elementor-container elementor-column-gap-default\">\n\t\t\t\t\t<div class=\"elementor-column elementor-col-100 elementor-top-column elementor-element elementor-element-931138b\" data-id=\"931138b\" data-element_type=\"column\" data-settings=\"{&quot;_ob_column_hoveranimator&quot;:&quot;no&quot;,&quot;_ob_column_has_pseudo&quot;:&quot;no&quot;}\">\n\t\t\t<div class=\"elementor-widget-wrap elementor-element-populated\">\n\t\t\t\t\t\t<div class=\"elementor-element elementor-element-29a77ad ob-harakiri-inherit ob-has-background-overlay elementor-widget elementor-widget-text-editor\" data-id=\"29a77ad\" data-element_type=\"widget\" data-settings=\"{&quot;_ob_use_harakiri&quot;:&quot;yes&quot;,&quot;_ob_harakiri_writing_mode&quot;:&quot;inherit&quot;,&quot;_ob_postman_use&quot;:&quot;no&quot;,&quot;_ob_widget_stalker_use&quot;:&quot;no&quot;,&quot;_ob_poopart_use&quot;:&quot;yes&quot;,&quot;_ob_shadough_use&quot;:&quot;no&quot;,&quot;_ob_allow_hoveranimator&quot;:&quot;no&quot;}\" data-widget_type=\"text-editor.default\">\n\t\t\t\t<div class=\"elementor-widget-container\">\n\t\t\t\t\t\t\t\t\t<p><span style=\"color: #201f1e;\">Nagy b\u00fcszkes\u00e9g sz\u00e1munkra, hogy 2021-ben egy munkat\u00e1rsunk k\u00e9t kuty\u00e1j\u00e1val is r\u00e9szt vett a Puller Vil\u00e1gbajnoks\u00e1gon. Rusk\u00f3 Beatrix \u00e9s k\u00e9t border collie-ja, Amy \u00e9s Nola csup\u00e1n n\u00e9h\u00e1ny \u00e9vvel ezel\u0151tt ismerkedett meg ezzel a sporttal, \u00e9s mindkettej\u00fcknek nagyon j\u00f3 \u00e9rz\u00e9ke van a pullerhez. A vil\u00e1gbajnoks\u00e1gon Amy Running versenysz\u00e1mban az 5. helyen v\u00e9gzett, m\u00edg Jumpingban 18. lett. Nola pedig Runningban 9., Jumpingban 8. helyen z\u00e1rta a versenyt a nagyon er\u0151s 31 f\u0151s mez\u0151nyben.<\/span><\/p><p><span style=\"color: #201f1e;\">Be\u00e1\u00e9k k\u00e9t \u00e9vvel ezel\u0151tt, a kutyaiskol\u00e1ban pr\u00f3b\u00e1lt\u00e1k ki el\u0151sz\u00f6r a pullert. \u201cAhogy befejezt\u00fck az alapfok\u00fa tanfolyamot, volt egy verseny Monoron. Abszol\u00fat kezd\u0151k\u00e9nt ment\u00fcnk, t\u00e9t n\u00e9lk\u00fcl, \u00e1m nagyon \u00e9lvezt\u00fck! Utols\u00f3 el\u0151tti helyen v\u00e9gezt\u00fcnk mindk\u00e9t versenysz\u00e1mban. Akkor m\u00e9g csak Amy volt, valahogy a verseny k\u00f6r\u00fcli napokban d\u0151lt el, hogy lesz m\u00e1sodik kuty\u00e1nk. \u0150 lett Nola.\u201d Az\u00f3ta eltelt p\u00e1r \u00e9v, \u00e9s Be\u00e1\u00e9k m\u00e1r profi szinten \u0171zik a sportot.\u00a0<\/span><\/p><p><span style=\"color: #201f1e;\">A hivatalos verseny k\u00e9t j\u00e1t\u00e9km\u00f3db\u00f3l \u00e1ll: running \u00e9s jumping. Running kateg\u00f3ri\u00e1ban a kuty\u00e1nak az elhaj\u00edtott mozg\u00f3 pullert kell elkapnia \u00fagy, hogy a j\u00e1t\u00e9k t\u00falguruljon a dob\u00f3 z\u00f3n\u00e1b\u00f3l az elkap\u00f3 z\u00f3n\u00e1ba. Minden szab\u00e1lyos behozatal egy pontot \u00e9r. Jumping kateg\u00f3ri\u00e1ban a gazda kez\u00e9ben l\u00e9v\u0151 karik\u00e1t kell az ebnek megfognia, mik\u00f6zben lehet\u0151leg n\u00e9gy l\u00e1bbal felugrik a leveg\u0151be, majd le\u00e9rkez\u00e9s ut\u00e1n v\u00e1ltania kell a m\u00e1sik k\u00e9zben l\u00e9v\u0151 karik\u00e1ra. A kutya k\u00e9t pontot kap, ha elkap\u00e1skor mind a n\u00e9gy l\u00e1ba a leveg\u0151ben van, egy pontot pedig akkor, ha csak k\u00e9t l\u00e1bbal ugrik fel.<\/span><\/p><p><span style=\"color: #201f1e;\">A versenyz\u0151 kuty\u00e1kat \u2013 m\u00e9ret\u00fck \u00e9s fajt\u00e1juk szerint \u2013 k\u00fcl\u00f6n kateg\u00f3ri\u00e1kra osztj\u00e1k: lehet micro, mini, midi, maxi, heavyweight \u00e9s drive. Ut\u00f3bbi a nagysebess\u00e9g\u0171 kuty\u00e1k sz\u00e1m\u00e1ra j\u00f6tt l\u00e9tre, olyan kuty\u00e1k versenyeznek benne mint Amy vagy Nola is. Ezen k\u00edv\u00fcl vannak nem hivatalos kateg\u00f3ri\u00e1k is, mint a baba, kezd\u0151 vagy veter\u00e1n futamok.<\/span><\/p><p>\u00a0<\/p>\t\t\t\t\t\t\t\t<\/div>\n\t\t\t\t<\/div>\n\t\t\t\t<div class=\"elementor-element elementor-element-7233c72 ob-has-background-overlay elementor-widget elementor-widget-image\" data-id=\"7233c72\" data-element_type=\"widget\" data-settings=\"{&quot;_ob_photomorph_use&quot;:&quot;no&quot;,&quot;_ob_widget_stalker_use&quot;:&quot;no&quot;,&quot;_ob_poopart_use&quot;:&quot;yes&quot;,&quot;_ob_shadough_use&quot;:&quot;no&quot;,&quot;_ob_allow_hoveranimator&quot;:&quot;no&quot;}\" data-widget_type=\"image.default\">\n\t\t\t\t<div class=\"elementor-widget-container\">\n\t\t\t\t\t\t\t\t\t\t\t\t\t\t\t<img fetchpriority=\"high\" decoding=\"async\" width=\"1024\" height=\"640\" src=\"data:image\/svg+xml;charset=utf-8,%3Csvg xmlns%3D'http%3A%2F%2Fwww.w3.org%2F2000%2Fsvg' viewBox%3D'0 0 1024 640'%2F%3E\" data-src=\"https:\/\/julius-k9.com\/wp-content\/uploads\/2022\/01\/Sos-Edit2-1024x640.jpg\" class=\"lazy-load attachment-large size-large wp-image-95257\" alt=\"\" data-srcset=\"https:\/\/julius-k9.com\/wp-content\/uploads\/2022\/01\/Sos-Edit2-1024x640.jpg 1024w, https:\/\/julius-k9.com\/wp-content\/uploads\/2022\/01\/Sos-Edit2-300x188.jpg 300w, https:\/\/julius-k9.com\/wp-content\/uploads\/2022\/01\/Sos-Edit2-768x480.jpg 768w, https:\/\/julius-k9.com\/wp-content\/uploads\/2022\/01\/Sos-Edit2.jpg 1200w\" sizes=\"(max-width: 1024px) 100vw, 1024px\" \/>\t\t\t\t\t\t\t\t\t\t\t\t\t\t\t<\/div>\n\t\t\t\t<\/div>\n\t\t\t\t\t<\/div>\n\t\t<\/div>\n\t\t\t\t\t<\/div>\n\t\t<\/section>\n\t\t\t\t<\/div>\n\t\t","protected":false},"excerpt":{"rendered":"<p>Nagy b\u00fcszkes\u00e9g sz\u00e1munkra, hogy 2021-ben egy munkat\u00e1rsunk k\u00e9t kuty\u00e1j\u00e1val is r\u00e9szt vett a Puller Vil\u00e1gbajnoks\u00e1gon.  <\/p>\n","protected":false},"author":7,"featured_media":95284,"comment_status":"open","ping_status":"open","sticky":false,"template":"","format":"standard","meta":{"_acf_changed":false,"footnotes":""},"categories":[211],"tags":[],"class_list":["post-95299","post","type-post","status-publish","format-standard","has-post-thumbnail","hentry","category-blog-hu"],"acf":[],"_links":{"self":[{"href":"https:\/\/julius-k9.com\/hu\/wp-json\/wp\/v2\/posts\/95299","targetHints":{"allow":["GET"]}}],"collection":[{"href":"https:\/\/julius-k9.com\/hu\/wp-json\/wp\/v2\/posts"}],"about":[{"href":"https:\/\/julius-k9.com\/hu\/wp-json\/wp\/v2\/types\/post"}],"author":[{"embeddable":true,"href":"https:\/\/julius-k9.com\/hu\/wp-json\/wp\/v2\/users\/7"}],"replies":[{"embeddable":true,"href":"https:\/\/julius-k9.com\/hu\/wp-json\/wp\/v2\/comments?post=95299"}],"version-history":[{"count":0,"href":"https:\/\/julius-k9.com\/hu\/wp-json\/wp\/v2\/posts\/95299\/revisions"}],"wp:featuredmedia":[{"embeddable":true,"href":"https:\/\/julius-k9.com\/hu\/wp-json\/wp\/v2\/media\/95284"}],"wp:attachment":[{"href":"https:\/\/julius-k9.com\/hu\/wp-json\/wp\/v2\/media?parent=95299"}],"wp:term":[{"taxonomy":"category","embeddable":true,"href":"https:\/\/julius-k9.com\/hu\/wp-json\/wp\/v2\/categories?post=95299"},{"taxonomy":"post_tag","embeddable":true,"href":"https:\/\/julius-k9.com\/hu\/wp-json\/wp\/v2\/tags?post=95299"}],"curies":[{"name":"wp","href":"https:\/\/api.w.org\/{rel}","templated":true}]}}