{"id":85627,"date":"2021-10-05T06:06:39","date_gmt":"2021-10-05T06:06:39","guid":{"rendered":"https:\/\/julius-k9.com\/van-amikor-buszozni-igenis-jo\/"},"modified":"2021-10-05T06:06:39","modified_gmt":"2021-10-05T06:06:39","slug":"van-amikor-buszozni-igenis-jo","status":"publish","type":"post","link":"https:\/\/julius-k9.com\/hu\/van-amikor-buszozni-igenis-jo\/","title":{"rendered":"Van amikor buszozni igenis j\u00f3 :)"},"content":{"rendered":"<p>V\u00e1rosi kutya l\u00e9v\u00e9n n\u00e9ha t\u00f6megk\u00f6zleked\u00fcnk Mamival. Ez\u00e9rt t\u00f6bb szempontb\u00f3l sem rajongok, de legink\u00e1bb az\u00e9rt, mert sz\u00e1jkosarat kell felvennem. Hi\u00e1ba vagyok ter\u00e1pi\u00e1s kutya meg cuki, akkor is k\u00f6telez\u0151 ez a borzalom a buszon meg villamoson. A m\u00e1sik, amit nehezen viselek az az er\u0151s z\u00f6tyk\u00f6l\u0151d\u00e9s meg a hirtelen nagy f\u00e9kez\u00e9sek. A m\u00faltkor sim\u00e1n r\u00e1m l\u00e9ptek. Ezt megel\u0151zend\u0151 a Mami szorosan tart most m\u00e1r mindig, hogy meg tudjon v\u00e9deni ezekt\u0151l a kellemetlens\u00e9gekt\u0151l. Rakott is ma r\u00e1m egy olyan h\u00e1mot, amin van \u201ckapaszkod\u00f3\u201d, \u00edgy egyszer\u0171bben maga mellett tudott tartani, vagy od\u00e9bb h\u00fazni. Na f\u00e9lre ne \u00e9rts\u00e9tek, csak \u00e9n h\u00edvom kapaszkod\u00f3nak azt a f\u00fclet, j\u00f3l bef\u00fcr\u00f6dn\u00e9k ha Mami egyszer abba kapaszkodna; tal\u00e1n m\u00e9g nem eml\u00edtettem, de csup\u00e1n 13 kil\u00f3 vagyok. Sz\u00f3val ma megint utaztunk \u00e9s v\u00e9g\u00fcl megtal\u00e1ltam az igazi nyer\u0151 poz\u00edci\u00f3t. \u0150 le\u00fclt, \u00e9n a l\u00e1b\u00e1n\u00e1l \u00e9s bevetettem az ellen\u00e1llhatatlan n\u00e9z\u00e9sem. Persze, hogy 2 perc m\u00falva m\u00e1r az \u00f6l\u00e9ben \u00fcltem. Pont kil\u00e1ttam az ablakon, n\u00e9ztem, ahogy suhannak a f\u00e1k, Mami pedig szorosan \u00e1t\u00f6lelt. Nem is olyan rossz buli ez a buszoz\u00e1s \ud83d\ude09<\/p>\n<p>&nbsp;<\/p>\n<p><img fetchpriority=\"high\" decoding=\"async\" class=\"aligncenter size-full wp-image-85594\" src=\"https:\/\/ujoldal.julius-k9.com\/wp-content\/uploads\/2021\/10\/bus-12.jpg\" alt=\"\" width=\"526\" height=\"526\" \/><\/p>\n","protected":false},"excerpt":{"rendered":"<p>V\u00e1rosi kutya l\u00e9v\u00e9n n\u00e9ha t\u00f6megk\u00f6zleked\u00fcnk Mamival. Ez\u00e9rt t\u00f6bb szempontb\u00f3l sem rajongok, de legink\u00e1bb az\u00e9rt, mert sz\u00e1jkosarat kell felvennem. Hi\u00e1ba vagyok ter\u00e1pi\u00e1s kutya meg cuki, akkor is k\u00f6telez\u0151 ez a borzalom a buszon meg villamoson.<\/p>\n","protected":false},"author":4,"featured_media":85612,"comment_status":"closed","ping_status":"closed","sticky":false,"template":"","format":"standard","meta":{"_acf_changed":false,"footnotes":""},"categories":[211],"tags":[],"class_list":["post-85627","post","type-post","status-publish","format-standard","has-post-thumbnail","hentry","category-blog-hu","category-211","description-off"],"acf":[],"_links":{"self":[{"href":"https:\/\/julius-k9.com\/hu\/wp-json\/wp\/v2\/posts\/85627","targetHints":{"allow":["GET"]}}],"collection":[{"href":"https:\/\/julius-k9.com\/hu\/wp-json\/wp\/v2\/posts"}],"about":[{"href":"https:\/\/julius-k9.com\/hu\/wp-json\/wp\/v2\/types\/post"}],"author":[{"embeddable":true,"href":"https:\/\/julius-k9.com\/hu\/wp-json\/wp\/v2\/users\/4"}],"replies":[{"embeddable":true,"href":"https:\/\/julius-k9.com\/hu\/wp-json\/wp\/v2\/comments?post=85627"}],"version-history":[{"count":0,"href":"https:\/\/julius-k9.com\/hu\/wp-json\/wp\/v2\/posts\/85627\/revisions"}],"wp:featuredmedia":[{"embeddable":true,"href":"https:\/\/julius-k9.com\/hu\/wp-json\/wp\/v2\/media\/85612"}],"wp:attachment":[{"href":"https:\/\/julius-k9.com\/hu\/wp-json\/wp\/v2\/media?parent=85627"}],"wp:term":[{"taxonomy":"category","embeddable":true,"href":"https:\/\/julius-k9.com\/hu\/wp-json\/wp\/v2\/categories?post=85627"},{"taxonomy":"post_tag","embeddable":true,"href":"https:\/\/julius-k9.com\/hu\/wp-json\/wp\/v2\/tags?post=85627"}],"curies":[{"name":"wp","href":"https:\/\/api.w.org\/{rel}","templated":true}]}}