{"id":78921,"date":"2021-02-19T13:11:59","date_gmt":"2021-02-19T13:11:59","guid":{"rendered":"https:\/\/julius-k9.com\/az-intelligens-hamok-uj-szintre-emelik-az-ember-kutya-kapcsolatot\/"},"modified":"2021-02-19T13:11:59","modified_gmt":"2021-02-19T13:11:59","slug":"az-intelligens-hamok-uj-szintre-emelik-az-ember-kutya-kapcsolatot","status":"publish","type":"post","link":"https:\/\/julius-k9.com\/hu\/az-intelligens-hamok-uj-szintre-emelik-az-ember-kutya-kapcsolatot\/","title":{"rendered":"Az intelligens h\u00e1mok \u00faj szintre emelik az ember-kutya kapcsolatot"},"content":{"rendered":"<p>Magyarorsz\u00e1g innov\u00e1ci\u00f3s k\u00e9pess\u00e9geir\u0151l, \u00e9s benne a Julius-K9\u00ae-r\u0151l k\u00e9sz\u00edtett anyagot a NEWSWEEK. Az interj\u00fa ford\u00edt\u00e1sa al\u00e1bb olvashat\u00f3, az eredeti cikk pedig <a href=\"https:\/\/hungary.country-reports.net\/intelligent-dog-accessories-harness-next-level-innovations\/\" target=\"_blank\" rel=\"noopener\">ITT<\/a> tal\u00e1lhat\u00f3.<\/p>\n<p>&nbsp;<\/p>\n<p><strong>K: A JULIUS-K9\u00ae leny\u0171g\u00f6z\u0151 sikert\u00f6rt\u00e9nete Magyarorsz\u00e1gon kezd\u0151d\u00f6tt. A c\u00e9g 1997-ben indult, \u00e9s egy 15 m2-es gar\u00e1zsban m\u0171k\u00f6d\u0151 kisv\u00e1llalkoz\u00e1sb\u00f3l Eur\u00f3pa vezet\u0151 kutyafelszerel\u00e9s-gy\u00e1rt\u00f3 m\u00e1rk\u00e1j\u00e1v\u00e1 v\u00e1lt. Az interj\u00fa elej\u00e9n hadd k\u00e9rjelek arra, hogy foglald \u00f6ssze a c\u00e9g t\u00f6rt\u00e9net\u00e9t! Mi volt a v\u00edzi\u00f3d, amikor megalap\u00edtottad a c\u00e9get, \u00e9s mik voltak a legfontosabb t\u00e9nyez\u0151k, amelyek ilyen sikerre vezettek t\u00e9ged? <\/strong><\/p>\n<p><strong>Seb\u0151 Gyula: <\/strong>A JULIUS-K9\u00ae k\u00e9ttag\u00fa csal\u00e1di v\u00e1llalkoz\u00e1sk\u00e9nt indult. Szer\u00e9ny elv\u00e1r\u00e1sokkal l\u00e9pt\u00fcnk piacra. \u00c9n kor\u00e1bban Ausztri\u00e1ban dolgoztam kutyatr\u00e9nerk\u00e9nt. Nagyon elk\u00f6telezett voltam a kuty\u00e1kkal, k\u00fcl\u00f6n\u00f6sen a szolg\u00e1lati kuty\u00e1kkal val\u00f3 munka ir\u00e1nt. Akkoriban az a benyom\u00e1som alakult ki, hogy a szolg\u00e1lati kuty\u00e1k sz\u00e1m\u00e1ra nem voltak olyan igaz\u00e1n j\u00f3 felszerel\u00e9sek, amelyek jav\u00edtott\u00e1k volna a teljes\u00edtm\u00e9ny\u00fcket, vagy seg\u00edtett\u00e9k volna \u0151ket a munk\u00e1jukban. Teh\u00e1t h\u00e1rom \u00e9vig csak a piacot tanulm\u00e1nyoztam, osztr\u00e1k rend\u0151ri vezet\u0151kkel vettem fel a kapcsolatot, \u00e9s arra k\u00e9rtem \u0151ket, hogy mondj\u00e1k meg, milyen elv\u00e1r\u00e1saik vannak a kutyafelszerel\u00e9sekkel \u00e9s kieg\u00e9sz\u00edt\u0151kkel szemben, mi jelentene sz\u00e1mukra seg\u00edts\u00e9get, stb. Ekkor kezdt\u00fcnk el szolg\u00e1lati kutyafelszerel\u00e9seket, valamint hum\u00e1n katonai v\u00e9d\u0151felszerel\u00e9seket gy\u00e1rtani. A kezdeti sikereink lehet\u0151v\u00e9 tett\u00e9k, hogy r\u00e9szt vegy\u00fcnk a dortmundi World Dog Show kutyaki\u00e1ll\u00edt\u00e1son 2003-ban. Itt le\u00edrhatatlan sikere volt a term\u00e9keinknek, mik\u00f6zben r\u00e9szletes \u00e1ttekint\u00e9st kaptunk a piacr\u00f3l: l\u00e1ttuk a piaci ig\u00e9nyeket \u00e9s a piacban rejl\u0151 lehet\u0151s\u00e9geket. Ekkor \u00e9rtettem meg, mi az innov\u00e1ci\u00f3 l\u00e9nyege, hogy megel\u0151zi a kor\u00e1t \u00e9s a n\u00e9z\u0151nek szinte f\u00f6ldbe gy\u00f6kerezik a l\u00e1ba. Nem tudja otthagyni\u2026 Hat az \u00e9rtelemre, \u00e9s meg\u00e9rinti a sz\u00edv\u00fcket is. Ekkor v\u00e1lt vil\u00e1goss\u00e1 sz\u00e1munkra, hogy eg\u00e9sz Eur\u00f3p\u00e1ban ig\u00e9ny lenne a felszerel\u00e9seinkre, teh\u00e1t meg tudunk majd \u00e9lni bel\u0151le. Letiszt\u00edtottuk a portf\u00f3li\u00f3nkat: megsz\u00fcntett\u00fck a katonai v\u00e9d\u0151felszerel\u00e9sek gy\u00e1rt\u00e1s\u00e1t, \u00e9s kiz\u00e1r\u00f3lag a kutyafelszerel\u00e9sekre koncentr\u00e1ltunk. Ugyanakkor sohasem feledkezt\u00fcnk meg a gy\u00f6kereinkr\u0151l, \u00e9s azokr\u00f3l a min\u0151s\u00e9gi elv\u00e1r\u00e1sokr\u00f3l, amiknek meg kellett feleln\u00fcnk a katonai felszerel\u00e9sek gy\u00e1rt\u00e1sa sor\u00e1n. Ezzel a megk\u00f6zel\u00edt\u00e9ssel folytattuk a munk\u00e1t: a magas min\u0151s\u00e9gi elv\u00e1r\u00e1sokat be\u00e9p\u00edtett\u00fck a kutyafelszerel\u00e9s-gy\u00e1rt\u00e1sunkba.<\/p>\n<p>&nbsp;<\/p>\n<p><strong>K: Tudn\u00e1l n\u00e9h\u00e1ny kulcsfontoss\u00e1g\u00fa adatot \u00e9s sz\u00e1mot mondani, ami seg\u00edt meg\u00e9rten\u00fcnk a JULIUS-K9\u00ae jelent\u0151s\u00e9g\u00e9t, s\u00faly\u00e1t, n\u00f6veked\u00e9s\u00e9t \u00e9s fejl\u0151d\u00e9s\u00e9t az ut\u00f3bbi \u00e9vekben? Mik a legfrissebb eredm\u00e9nyeitek \u00e9s \u00fczleti teljes\u00edtm\u00e9nyeitek?<\/strong><\/p>\n<p><strong>Seb\u0151 Gyula: <\/strong>A 2009-es \u00e9v fontos m\u00e9rf\u00f6ldk\u0151 volt a c\u00e9g\u00fcnk sz\u00e1m\u00e1ra, mivel ekkor \u00e9rt\u00fck el a 10 milli\u00f3 eladott term\u00e9ksz\u00e1mot. Ezzel a teljes\u00edtm\u00e9nnyel ker\u00fclt\u00fcnk fel a t\u00e9rk\u00e9pre. Azt az \u00e9vet fordul\u00f3pontnak is tartom, mert ekkor kezdt\u00fck szabadalommal lev\u00e9detni a term\u00e9keinket. Azel\u0151tt hossz\u00fa \u00e9s intenz\u00edv jogi csat\u00e1roz\u00e1sokba bonyol\u00f3dtunk, mivel a term\u00e9keink \u00e9s felszerel\u00e9seink nem \u00e1lltak szabadalmi v\u00e9delem alatt, \u00e9s a szellemi tulajdonjogainkat folyton megs\u00e9rtett\u00e9k. Ez\u00e9rt 2009-ben elkezdt\u00fck v\u00e9deni a term\u00e9keinket az azokban az \u00e9vekben a piacot el\u00e1raszt\u00f3 hamis\u00edtv\u00e1nyokt\u00f3l. Ezek a m\u00e1solatok kiszor\u00edtottak benn\u00fcnket a legnagyobb \u00e1ruh\u00e1zl\u00e1ncokb\u00f3l. K\u00e9t f\u0151 strat\u00e9gi\u00e1nk volt arra, hogy ebb\u0151l a neh\u00e9z helyzetb\u0151l kil\u00e1baljunk: 1) m\u00e9g m\u00e9lyebben belevetett\u00fck magunkat az innov\u00e1ci\u00f3ba, \u00e9s l\u00e9trehoztunk egy \u00faj term\u00e9kcsal\u00e1dot \u00e9s 2) elkezdt\u00fck a jogainkat \u00e9rv\u00e9nyes\u00edteni. N\u00e9h\u00e1ny d\u00f6nt\u0151 jogi csat\u00e1t megnyert\u00fcnk, ki tudtuk szor\u00edtani a m\u00e1solatokat, \u00e9s visszaszerezt\u00fck a hely\u00fcnket az \u00e1ruh\u00e1zak polcain. Ezt az id\u0151szakot a folyamatos n\u00f6veked\u00e9s jellemezte mind a termel\u00e9s, mind a forgalom ter\u00fclet\u00e9n. Azt is eld\u00f6nt\u00f6tt\u00fck, hogy soha t\u00f6bb\u00e9 nem bocs\u00e1tunk ki \u00fagy term\u00e9ket, hogy az ne legyen szabadalmaztatva, \u00e9s ne \u00e9lvezze a jog teljes v\u00e9delm\u00e9t. Csak \u00edgy tudtunk kiker\u00fclni ebb\u0151l a helyzetb\u0151l, \u00edgy tudtuk meg\u0151rizni a piaci poz\u00edci\u00f3nkat, \u00e9s Eur\u00f3p\u00e1ban tartani a gy\u00e1rt\u00e1st.<\/p>\n<p>Igyeksz\u00fcnk a t\u00f6rv\u00e9ny teljes v\u00e9delm\u00e9t minden fontos piacon biztos\u00edtani a term\u00e9keink sz\u00e1m\u00e1ra, mert ezek az ut\u00e1nzatok nemcsak kiszor\u00edtanak minket, hanem a c\u00e9g\u00fcnk alap\u00e9rt\u00e9keit, az innov\u00e1ci\u00f3t \u00e9s a feltal\u00e1l\u00f3i l\u00e9t\u00fcnket is megk\u00e9rd\u0151jelezik. Mi pedig azok vagyunk, \u00e9s azok is akarunk maradni. Ennek a hozz\u00e1\u00e1ll\u00e1snak k\u00f6sz\u00f6nhet\u0151en az anyac\u00e9g\u00fcnk folyamatos, kb. \u00e9vi 5-10%-os n\u00f6veked\u00e9st tudott el\u00e9rni. Egyes keresked\u0151k ugyanakkor 50-60%-kal n\u00f6vekednek \u00e9vente. A term\u00e9keink \u00fajdons\u00e1ga l\u00e1that\u00f3lag akkora hat\u00e1st gyakorolt a piacra, hogy nem is tudjuk a keresletet teljesen kiel\u00e9g\u00edteni. Term\u00e9keink 98%-ban Magyarorsz\u00e1gon k\u00e9sz\u00fclnek. Itt 500 munkav\u00e1llal\u00f3t foglalkoztatunk. Az \u00e9ves \u00f6sszelad\u00e1sunk Magyarorsz\u00e1gr\u00f3l 20 M Euro.<\/p>\n<p>&nbsp;<\/p>\n<p><strong><img fetchpriority=\"high\" decoding=\"async\" class=\"aligncenter size-full wp-image-78911\" src=\"https:\/\/julius-k9.com\/wp-content\/uploads\/2021\/02\/Julius2.jpg\" alt=\"\" width=\"940\" height=\"627\" srcset=\"https:\/\/julius-k9.com\/wp-content\/uploads\/2021\/02\/Julius2.jpg 940w, https:\/\/julius-k9.com\/wp-content\/uploads\/2021\/02\/Julius2-300x200.jpg 300w, https:\/\/julius-k9.com\/wp-content\/uploads\/2021\/02\/Julius2-768x512.jpg 768w\" sizes=\"(max-width: 940px) 100vw, 940px\" \/>\u00a0<\/strong><\/p>\n<p><strong>K: Annak ellen\u00e9re, hogy eredetileg \u00e9p\u00edt\u00e9szetet \u00e9s zen\u00e9t tanult\u00e1l, az \u00e9letedet m\u00e9gis a h\u00e1zikedvencekkel kapcsolatos innov\u00e1ci\u00f3nak szentelted. Mondj m\u00e9g egy p\u00e1r sz\u00f3t a JULIUS-K9\u00ae z\u00e1szl\u00f3shaj\u00f3inak sz\u00e1m\u00edt\u00f3 term\u00e9kekr\u0151l! Miben emelkednek ki a t\u00f6bbi hasonl\u00f3 term\u00e9khez k\u00e9pest? Milyen hozz\u00e1adott \u00e9rt\u00e9ket ny\u00fajt a JULIUS-K9\u00ae a vev\u0151k sz\u00e1m\u00e1ra? Konkr\u00e9tan milyen szaktud\u00e1st fejlesztettetek ki?<\/strong><\/p>\n<p><strong>Seb\u0151 Gyula: <\/strong>Az els\u0151 innov\u00e1ci\u00f3, amivel t\u00e9nyleg nagy hat\u00e1st \u00e9s \u00e1tt\u00f6r\u00e9st \u00e9rt\u00fcnk el, az az \u00fagynevezett besz\u00e9l\u0151 kutyah\u00e1m volt. Nem csak a kutyatulajdonosokra, de a nem-kuty\u00e1sokra is hat\u00e1st gyakorolt. Ezekr\u0151l a fejleszt\u00e9sekr\u0151l \u00e9s innov\u00e1ci\u00f3kr\u00f3l azok is \u00e9rtes\u00fcltek, akik egy\u00e9bk\u00e9nt nem voltak kuty\u00e1sok. Az\u00e9rt nevezz\u00fck \u0151ket besz\u00e9l\u0151 kutyah\u00e1moknak, mert kifejlesztett\u00fck hozz\u00e1juk a cser\u00e9lhet\u0151 c\u00edmk\u00e9ket, amikre b\u00e1rmilyen feliratot vagy \u00fczenetet r\u00e1 lehet tenni, amit a tulajdonos meg akar jelen\u00edteni a kuty\u00e1ja h\u00e1mj\u00e1n. A mi vev\u0151ink olyan emberek, akik sz\u00e1m\u00e1ra minden perc fontos, amit a kuty\u00e1jukkal t\u00f6ltenek. A cser\u00e9lhet\u0151 felirat \u00f6tlet\u00e9t eredetileg a rend\u0151rkuty\u00e1k adt\u00e1k, ahol egy\u00e9bk\u00e9nt p\u00e9lda\u00e9rt\u00e9k\u0171 ember \u00e9s kutya egy\u00fcttm\u0171k\u00f6d\u00e9se. A rend\u0151rkutya-vezet\u0151k r\u00e1teszik a \u201eRend\u0151rs\u00e9g\u201d feliratot a kutyah\u00e1mra, de amikor munka ut\u00e1n hazamennek, akkor a felirat m\u00e1r nem \u00e9rv\u00e9nyes, hiszen a kutya ekkor m\u00e1r nincs szolg\u00e1latban, teh\u00e1t m\u00e1sik feliratra van sz\u00fcks\u00e9g. Nagyon sok vicces felirat k\u00e9sz\u00fclt, t\u00f6bb ezer volt bel\u0151l\u00fck. Az\u00e9rt gyakoroltak hat\u00e1st a sz\u00e9lesebb k\u00f6z\u00f6ss\u00e9gre, \u00e9s nem csak a kutyatulajdonosokra, mert a kuty\u00e1kat a felt\u0171n\u0151 h\u00e1mforma \u00e9s a felirat miatt mindenki megn\u00e9zte, \u00e9s a sz\u00f6vegeket \u00e9rtelmezte. Ezek a feliratok rem\u00e9nyeink szerint nagyban hozz\u00e1j\u00e1rultak a kuty\u00e1k pozit\u00edv meg\u00edt\u00e9l\u00e9s\u00e9hez a t\u00e1rsadalomban.<\/p>\n<p>&nbsp;<\/p>\n<p><strong>K: A j\u00f6v\u0151re n\u00e9zve milyen innov\u00e1ci\u00f3t tartogattok? Milyen \u00faj koncepci\u00f3kon vagy term\u00e9keken dolgoztok jelenleg?<\/strong><\/p>\n<p><strong>Seb\u0151 Gyula: <\/strong>Az \u00e9vek sor\u00e1n bebizony\u00edtottuk, hogy k\u00e9pesek vagyunk meg\u00fajulni, tov\u00e1bb tudunk fejl\u0151dni \u00e9s term\u00e9keink innov\u00e1ci\u00f3j\u00e1val meg tudjuk lepni a fogyaszt\u00f3kat. Az ut\u00f3bbi id\u0151ben a term\u00e9kfejleszt\u00e9sben tudom\u00e1nyosabb megk\u00f6zel\u00edt\u00e9st alkalmazunk. A leg\u00fajabb innov\u00e1ci\u00f3nk a fizika \u00e9s az orvostudom\u00e1ny, ezen bel\u00fcl az anat\u00f3mia eredm\u00e9nyeire t\u00e1maszkodik. Anal\u00f3g \u00e9s digit\u00e1lis eszk\u00f6z\u00f6kkel elemezz\u00fck az ember \u00e9s a kutya mozg\u00e1smint\u00e1zata k\u00f6z\u00f6tti \u00f6sszef\u00fcgg\u00e9seket p\u00f3r\u00e1zon s\u00e9t\u00e1ltat\u00e1skor: az izmokra \u00e9s az \u00edz\u00fcletekre gyakorolt hat\u00e1st, valamint a v\u00e1zizomzat szempontj\u00e1b\u00f3l t\u00f6k\u00e9letes kapcsolat kialak\u00edt\u00e1s\u00e1nak lehet\u0151s\u00e9g\u00e9t vizsg\u00e1ljuk. A kutat\u00e1saink szerint sok mikrorezg\u00e9s keletkezik az ember \u00e9s a kutya test\u00e9ben a s\u00e9ta sor\u00e1n, k\u00fcl\u00f6n\u00f6sen, ha p\u00f3r\u00e1z k\u00f6ti \u00f6ssze \u0151ket. Sz\u00e1mos olyan fizikai hat\u00e1s alakul ki, amit tekintetbe kell venn\u00fcnk. P\u00e9ld\u00e1ul, a Longwalk h\u00e1munk olyan funkci\u00f3val rendelkezik, ami enyh\u00edti \u00e9s elnyeli ezeket a mikrorezg\u00e9seket, ez\u00e1ltal j\u00f3t\u00e9kony hat\u00e1ssal van emberre \u00e9s kuty\u00e1ra egyar\u00e1nt.<\/p>\n<p><strong>\u00a0<\/strong><\/p>\n<p><strong>K: A term\u00e9keitekbe milyen m\u00e9rt\u00e9kben \u00e9p\u00edtitek be az okos technol\u00f3gi\u00e1kat, p\u00e9ld\u00e1ul a mesters\u00e9ges intelligenci\u00e1t vagy a GPS technol\u00f3gi\u00e1t? <\/strong><\/p>\n<p><strong>Seb\u0151 Gyula: <\/strong>Mindenf\u00e9le technol\u00f3gi\u00e1t be\u00e9p\u00edt\u00fcnk, \u00e9s ez hatalmas feladat. Ha a kuty\u00e1ikr\u00f3l van sz\u00f3, a gazd\u00e1k ma m\u00e1r ugyanazokat a m\u0171szaki alkalmaz\u00e1sokat ig\u00e9nylik, ami az emberek sz\u00e1m\u00e1ra is el\u00e9rhet\u0151. Ez egy v\u00e9gel\u00e1thatatlan fejleszt\u0151i kih\u00edv\u00e1s, melynek k\u00f6teless\u00e9g\u00fcnk megfelelni. 2021-ben a JULIUS-K9\u00ae bemutatja az intelligens kutyah\u00e1mot.<\/p>\n<p>&nbsp;<\/p>\n<p><strong>K: A JULIUS-K9\u00ae t\u00e9nyleg vil\u00e1gm\u00e1rk\u00e1v\u00e1 v\u00e1lt, amely jelen van a nemzetk\u00f6zi piacokon. Sz\u00e1modra melyik a legfontosabb \u00e9s leg\u00edg\u00e9retesebb piac? <\/strong><\/p>\n<p><strong>Seb\u0151 Gyula: <\/strong>A f\u0151 priorit\u00e1st mindig azok a piacok jelentik, ahol szeretik a kuty\u00e1kat, \u00e9s n\u00f6vekszik a szerep\u00fck a t\u00e1rsadalomban. T\u00f6bbf\u00e9le elemz\u00e9si folyamatunk van, amivel azonos\u00edthatjuk az ilyen piacokat, b\u00e1r az els\u0151 sz\u00e1m\u00fa c\u00e9lpiacunk az USA. Eur\u00f3pa is fontos, \u00e9s tulajdonk\u00e9ppen a tesztlaborunkk\u00e9nt szolg\u00e1l, ahol tesztelj\u00fck a term\u00e9keinket, miel\u0151tt m\u00e1s piacokra bevezetn\u00e9nk.<\/p>\n<p>Amiben el vagyunk maradva, az nem is annyira az \u00e9rt\u00e9kes\u00edt\u00e9s, hanem a kommunik\u00e1ci\u00f3 \u00e9s a marketing egy\u00fcttm\u0171k\u00f6d\u00e9s a helyi forgalmaz\u00f3- \u00e9s partnerc\u00e9gekkel. A partnerc\u00e9ggel val\u00f3 egy\u00fcttm\u0171k\u00f6d\u00e9s jellemz\u0151en egy lass\u00fabb folyamat, mint amikor egyenesen bel\u00e9p\u00fcnk egy piacra, \u00e9s l\u00e9trehozunk egy le\u00e1nyv\u00e1llalatot.<\/p>\n<p>&nbsp;<\/p>\n<p><img decoding=\"async\" class=\"aligncenter size-full wp-image-78277\" src=\"https:\/\/julius-k9.com\/wp-content\/uploads\/2020\/12\/Newsweek-Budapest.jpg\" alt=\"\" width=\"940\" height=\"563\" srcset=\"https:\/\/julius-k9.com\/wp-content\/uploads\/2020\/12\/Newsweek-Budapest.jpg 940w, https:\/\/julius-k9.com\/wp-content\/uploads\/2020\/12\/Newsweek-Budapest-300x180.jpg 300w, https:\/\/julius-k9.com\/wp-content\/uploads\/2020\/12\/Newsweek-Budapest-768x460.jpg 768w\" sizes=\"(max-width: 940px) 100vw, 940px\" \/><\/p>\n<p>&nbsp;<\/p>\n<p><strong>K: Hogyan igyekeztek n\u00f6velni a kereskedelmi jelenl\u00e9teteket, b\u0151v\u00edteni az eloszt\u00f3 h\u00e1l\u00f3zatot, \u00faj egy\u00fcttm\u0171k\u00f6d\u00e9st, sz\u00f6vets\u00e9get \u00e9s partners\u00e9get kialak\u00edtani? <\/strong><\/p>\n<p><strong>Seb\u0151 Gyula: <\/strong>Term\u00e9keinket k\u00e9t \u00e9vtizeden kereszt\u00fcl minim\u00e1lis marketing r\u00e1ford\u00edt\u00e1ssal \u00e9rt\u00e9kes\u00edtett\u00e9k a keresked\u0151ink. \u00dczeneteink \u00edgy nem jutottak el a fogyaszt\u00f3khoz kell\u0151 m\u00e9rt\u00e9kben. Az online vil\u00e1g el\u0151ret\u00f6r\u00e9s\u00e9vel ezen most nagy temp\u00f3ban v\u00e1ltoztatunk.<\/p>\n<p>Emellett korl\u00e1toz minket az eur\u00f3pai gy\u00e1rt\u00f3kapacit\u00e1s is. A t\u00f6k\u00e9letes kutyah\u00e1m el\u0151\u00e1ll\u00edt\u00e1s\u00e1hoz nek\u00fcnk magunknak kell kontroll\u00e1lni a teljes gy\u00e1rt\u00e1si folyamat mellett az alapanyagok el\u0151\u00e1ll\u00edt\u00e1s\u00e1t is. Ez\u00e9rt a f\u00e9mmegmunk\u00e1l\u00e1s, a m\u0171anyagipar \u00e9s a textilgy\u00e1rt\u00e1s ter\u00fclet\u00e9n is vannak beruh\u00e1z\u00e1saink. A min\u0151s\u00e9gi term\u00e9kek gy\u00e1rt\u00e1s\u00e1val nagyfok\u00fa tiszteletet mutathatunk a v\u00e1s\u00e1rl\u00f3k ir\u00e1ny\u00e1ba, \u00e9s a k\u00f6rnyezettudatoss\u00e1g szempontj\u00e1b\u00f3l is \u00e9len j\u00e1rhatunk.<\/p>\n<p>&nbsp;<\/p>\n<p><strong>K: Van olyan terved, hogy diverzifik\u00e1ld a portf\u00f3li\u00f3t? <\/strong><\/p>\n<p><strong>Seb\u0151 Gyula: <\/strong>Az a c\u00e9lunk, hogy m\u00e1s ter\u00fcleten is innovat\u00edv term\u00e9kek ker\u00fcljenek forgalomba JULIUS-K9\u00ae m\u00e1rkan\u00e9v alatt. Jelenleg 220 v\u00e9djegy\u00fcnk van vil\u00e1gszerte. Ezeket a m\u00e1rkaneveket hajland\u00f3k lenn\u00e9nk licencbe adni k\u00fclf\u00f6ldi c\u00e9geknek \u2013 felt\u00e9ve, ha rendelkeznek olyan kapacit\u00e1ssal, ami megfelel\u0151 szint\u0171 szolg\u00e1ltat\u00e1st ny\u00fajt a m\u00e1rkanev\u00fcnk sz\u00e1m\u00e1ra. \u00cdgy lett p\u00e9ld\u00e1ul sikeres a piacon a JULIUS-K9\u00ae kutyaeledel. Ahhoz, hogy az ilyen term\u00e9kek sz\u00e1m\u00e1ra jogilag biztos helyzetet teremts\u00fcnk, sok esetben a vil\u00e1g legnagyobb v\u00e1llalataival kell meg\u00e1llapod\u00e1st k\u00f6tn\u00fcnk. A megegyez\u00e9sek lehet\u0151v\u00e9 teszik, hogy a liszensz vev\u0151ink biztons\u00e1gban \u00e9rt\u00e9kes\u00edthessenek a JULIUS-K9\u00ae m\u00e1rkan\u00e9v alatt.<\/p>\n<p>&nbsp;<\/p>\n<p><strong>K: El\u0151retekintve; ahogy lez\u00e1rjuk a 2020-as fejezetet \u00e9s felk\u00e9sz\u00fcl\u00fcnk az \u00faj \u00fczleti \u00e9vre, milyen terveid \u00e9s amb\u00edci\u00f3id vannak a COVID ut\u00e1nra a j\u00f6v\u0151 \u00e9vre, illetve a k\u00f6vetkez\u0151 3-5 \u00e9vre, hogy a c\u00e9gedet eljuttasd a k\u00f6vetkez\u0151 szintre?<\/strong><\/p>\n<p><strong>Seb\u0151 Gyula: <\/strong>Szerintem a j\u00f3 c\u00e9lok j\u00f3 embereket vonzanak. A befektet\u00e9seinkkel nem a t\u00f6bb \u00e9rt\u00e9kes\u00edt\u00e9st c\u00e9lozzuk, mert ahhoz t\u00f6bb alapanyag is kell, ami tov\u00e1bbi probl\u00e9m\u00e1kkal j\u00e1r. Az a tervem, hogy \u00fajra t\u00f6rt\u00e9nelmet \u00edrjunk az \u00fajabb innov\u00e1ci\u00f3inkkal. Term\u00e9szetesen rem\u00e9lem, hogy bizonyos hat\u00e1s h\u00e1rul majd az \u00e9rt\u00e9kes\u00edt\u00e9s\u00fcnkre \u00e9s a tervezhet\u0151s\u00e9gre. A c\u00e9g k\u00f6zelm\u00faltj\u00e1t \u00e9s a jelenlegi helyzetet elemezve arra a k\u00f6vetkeztet\u00e9sre jutottam, hogy b\u00e1r voltak a m\u00faltban dinamikus \u00e9veink, de most igaz\u00e1n viharos id\u0151kre kell k\u00e9sz\u00fcln\u00fcnk. Az ut\u00f3bbi n\u00e9h\u00e1ny \u00e9v sor\u00e1n bebizonyosodott, hogy mennyire kock\u00e1zatos kiz\u00e1r\u00f3lag az emberi er\u0151forr\u00e1sokra t\u00e1maszkodni. Minden piaci szerepl\u0151 az automatiz\u00e1lt gy\u00e1rt\u00e1si folyamatok fel\u00e9 mozdult el. V\u00e9lem\u00e9nyem szerint a t\u00e1voli j\u00f6v\u0151 v\u00edrusai nem az embereket, hanem az automatiz\u00e1lt gy\u00e1rt\u00e1si rendszereket fogj\u00e1k c\u00e9lba venni. Ha a jelenlegi trend folytat\u00f3dik, akkor eljutunk arra a pontra, hogy nem marad szakember, akivel p\u00f3tolni lehetne a v\u00edrusok \u00e1ltal t\u00f6nkretett, automatiz\u00e1lt mechanizmusokat. Az a c\u00e9lom, hogy a j\u00f6v\u0151 tervez\u00e9se sor\u00e1n megtal\u00e1ljuk a helyes egyens\u00falyt az emberi er\u0151forr\u00e1sok \u00e9s az automatiz\u00e1ci\u00f3 k\u00f6z\u00f6tt. A feltal\u00e1l\u00f3 felel\u0151ss\u00e9ge az is, hogy olyan term\u00e9keket tal\u00e1ljon fel, amir\u0151l tudja, hogy az el\u0151\u00e1ll\u00edt\u00e1s\u00e1hoz mindig meglesz a gy\u00e1rt\u00f3kapacit\u00e1s \u00e9s az emberi er\u0151forr\u00e1s. Feltal\u00e1l\u00f3k\u00e9nt \u00fagy \u00e9rzem, arr\u00f3l is gondoskodnom kell, hogy az \u00f6tleteim megval\u00f3s\u00edthat\u00f3ak legyenek, eg\u00e9szen a t\u00f6meggy\u00e1rt\u00e1sig. Sz\u00e1molok azzal, hogy a j\u00f3 m\u00e1rkan\u00e9v tehets\u00e9ges embereket vonz be, mely tov\u00e1bb seg\u00edti a gyakorlati megval\u00f3s\u00edt\u00e1st.<\/p>\n<p><strong>\u00a0<\/strong><\/p>\n<p><strong>K: Z\u00e1r\u00e1sk\u00e9nt, mit \u00fczensz az olvas\u00f3inknak?<\/strong><\/p>\n<p><strong>Seb\u0151 Gyula:<\/strong> Neh\u00e9z id\u0151ket \u00e9l\u00fcnk, \u00e9s a neh\u00e9z id\u0151kben a kutya mindig j\u00f3 t\u00e1rs az\u00e9rt is, mert seg\u00edt meg\u0151rizni frissess\u00e9g\u00fcnket. Ugyanakkor, ak\u00e1r kutyagazd\u00e1k vagyunk, ak\u00e1r nem, a j\u00e1rv\u00e1ny \u00e9s a karant\u00e9n sem jelentheti azt, hogy t\u00e9tlenek maradjunk. Itt az id\u0151, hogy mindannyian magunkba n\u00e9zz\u00fcnk, \u00e9s v\u00e9grehajtsuk a saj\u00e1t innov\u00e1ci\u00f3nkat; n\u00e9zz\u00fck meg, hogyan tudn\u00e1nk meg\u00fajulni, \u00e9s a k\u00f6rnyezet\u00fcnket is k\u00e9pess\u00e9geink szerint meg\u00faj\u00edtani.<\/p>\n<p><a href=\"https:\/\/hungary.country-reports.net\/intelligent-dog-accessories-harness-next-level-innovations\/\" target=\"_blank\" rel=\"noopener\"><em>Intelligent dog accessories harness next-level innovations<\/em><\/a><\/p>\n","protected":false},"excerpt":{"rendered":"<p>A JULIUS-K9\u00ae leny\u0171g\u00f6z\u0151 sikert\u00f6rt\u00e9nete Magyarorsz\u00e1gon kezd\u0151d\u00f6tt. A c\u00e9g 1997-ben indult, \u00e9s egy 15 m2-es gar\u00e1zsban m\u0171k\u00f6d\u0151 kisv\u00e1llalkoz\u00e1sb\u00f3l Eur\u00f3pa vezet\u0151 kutyafelszerel\u00e9s-gy\u00e1rt\u00f3 m\u00e1rk\u00e1j\u00e1v\u00e1 v\u00e1lt. <\/p>\n","protected":false},"author":7,"featured_media":78908,"comment_status":"closed","ping_status":"closed","sticky":false,"template":"","format":"standard","meta":{"_acf_changed":false,"footnotes":""},"categories":[223],"tags":[],"class_list":["post-78921","post","type-post","status-publish","format-standard","has-post-thumbnail","hentry","category-news-category-hu","category-223","description-off"],"acf":[],"_links":{"self":[{"href":"https:\/\/julius-k9.com\/hu\/wp-json\/wp\/v2\/posts\/78921","targetHints":{"allow":["GET"]}}],"collection":[{"href":"https:\/\/julius-k9.com\/hu\/wp-json\/wp\/v2\/posts"}],"about":[{"href":"https:\/\/julius-k9.com\/hu\/wp-json\/wp\/v2\/types\/post"}],"author":[{"embeddable":true,"href":"https:\/\/julius-k9.com\/hu\/wp-json\/wp\/v2\/users\/7"}],"replies":[{"embeddable":true,"href":"https:\/\/julius-k9.com\/hu\/wp-json\/wp\/v2\/comments?post=78921"}],"version-history":[{"count":0,"href":"https:\/\/julius-k9.com\/hu\/wp-json\/wp\/v2\/posts\/78921\/revisions"}],"wp:featuredmedia":[{"embeddable":true,"href":"https:\/\/julius-k9.com\/hu\/wp-json\/wp\/v2\/media\/78908"}],"wp:attachment":[{"href":"https:\/\/julius-k9.com\/hu\/wp-json\/wp\/v2\/media?parent=78921"}],"wp:term":[{"taxonomy":"category","embeddable":true,"href":"https:\/\/julius-k9.com\/hu\/wp-json\/wp\/v2\/categories?post=78921"},{"taxonomy":"post_tag","embeddable":true,"href":"https:\/\/julius-k9.com\/hu\/wp-json\/wp\/v2\/tags?post=78921"}],"curies":[{"name":"wp","href":"https:\/\/api.w.org\/{rel}","templated":true}]}}