{"id":78888,"date":"2021-02-18T06:30:00","date_gmt":"2021-02-18T06:30:00","guid":{"rendered":"https:\/\/julius-k9.com\/hogyan-valassz-kutyahamot\/"},"modified":"2026-03-24T11:30:53","modified_gmt":"2026-03-24T11:30:53","slug":"hogyan-valassz-kutyahamot","status":"publish","type":"post","link":"https:\/\/julius-k9.com\/hu\/hogyan-valassz-kutyahamot\/","title":{"rendered":"Hogyan v\u00e1lassz kutyah\u00e1mot?"},"content":{"rendered":"<blockquote><p><strong>Napjainkban kutyah\u00e1mot leggyakrabban a mindennapi s\u00e9t\u00e1ltat\u00e1shoz haszn\u00e1lunk, de nagyon sokan j\u00e1rnak kir\u00e1ndulni is kedvenc\u00fckkel. Ahogy ilyenkor mi is lecser\u00e9lj\u00fck az utcai cip\u0151nket egy kir\u00e1ndul\u00e1sra alkalmasabbra, \u00fagy \u00e9rdemes a kuty\u00e1nak is egy c\u00e9lnak megfelel\u0151 h\u00e1mot v\u00e1lasztani.\u00a0 <\/strong><\/p><\/blockquote>\n<p>A kutyah\u00e1m alapvet\u0151en a nyak\u00f6rv helyettes\u00edt\u00e9s\u00e9re sz\u00fcletett. Kezdetben\u00a0akkor kapott szerepet,\u00a0amikor a kutya h\u00faz\u00f3erej\u00e9t szerett\u00e9k volna hat\u00e9konyabban kihaszn\u00e1lni. Ma m\u00e1r a h\u00e9tk\u00f6znapokban\u00a0is\u00a0nagyon sokan ink\u00e1bb\u00a0h\u00e1mot v\u00e1lasztanak\u00a0a nyak\u00f6rv helyett. Seg\u00edts\u00e9g\u00e9vel ugyanis a kutya k\u00f6nnyen\u00a0visszafoghat\u00f3, megtarthat\u00f3,\u00a0mik\u00f6zben k\u00edm\u00e9li a nyakat, \u00e9s biztos\u00edtja a szabad l\u00e9gz\u00e9st is. K\u00fcl\u00f6n\u00f6s tekintettel javasolt\u00a0a h\u00e1mok visel\u00e9se\u00a0kistest\u0171, k\u00f6ly\u00f6k \u00e9s id\u0151s\u00f6d\u0151\u00a0kuty\u00e1k eset\u00e9ben,\u00a0kiv\u00e9ve, ha valamilyen okb\u00f3l a h\u00e1m visel\u00e9se nem lehets\u00e9ges.<\/p>\n<p><strong>Every day. Everywhere. Together<\/strong><\/p>\n<p>Kutyah\u00e1m v\u00e1s\u00e1rl\u00e1sa\u00a0el\u0151tt fontos \u00e1tgondolni, hogy a napi r\u00f6videbb s\u00e9t\u00e1kra vagy ak\u00e1r kir\u00e1ndul\u00e1sokra keresel felszerel\u00e9st. Ha v\u00e1rosban laktok,\u00a0akkor\u00a0a napi s\u00e9t\u00e1hoz\u00a0sz\u00e1motokra egy sz\u00fcgyh\u00e1m a legjobb v\u00e1laszt\u00e1s. Ezt a kutya fej\u00e9n \u00e1tb\u00fajtatva egy mozdulattal feladhatod a kedvencedre. \u00cdgy nagyban seg\u00edti a reggeli elindul\u00e1st, amikor a kuty\u00e1d m\u00e1r alig v\u00e1rja, hogy \u00fatnak induljatok. Megfelel\u0151 p\u00f3r\u00e1zhaszn\u00e1lattal \u00e9s a megfelel\u0151 m\u00e9retre val\u00f3 be\u00e1ll\u00edt\u00e1ssal ez a h\u00e1mt\u00edpus a legpraktikusabb akkor, ha szeretn\u00e9d magad mellett tudni a kuty\u00e1d, vagy sz\u00fcks\u00e9g lehet arra, hogy gyorsan meg tudd \u0151t \u00e1ll\u00edtani.<\/p>\n<p><img fetchpriority=\"high\" decoding=\"async\" class=\"aligncenter wp-image-78868 size-full\" src=\"https:\/\/julius-k9.com\/wp-content\/uploads\/2021\/02\/Power_Longwalk2.jpg\" alt=\"\" width=\"940\" height=\"627\" srcset=\"https:\/\/julius-k9.com\/wp-content\/uploads\/2021\/02\/Power_Longwalk2.jpg 940w, https:\/\/julius-k9.com\/wp-content\/uploads\/2021\/02\/Power_Longwalk2-300x200.jpg 300w, https:\/\/julius-k9.com\/wp-content\/uploads\/2021\/02\/Power_Longwalk2-768x512.jpg 768w\" sizes=\"(max-width: 940px) 100vw, 940px\" \/><\/p>\n<p>A Julius-K9<sup>\u00ae<\/sup>\u00a0IDC<sup>\u00ae<\/sup>Powerh\u00e1m\u00a0a vil\u00e1g egyik legn\u00e9pszer\u0171bb kutyah\u00e1mja,\u00a0mely a GreenZone tervez\u00e9si elv alapj\u00e1n sz\u00fcletett. Ennek\u00a0k\u00f6sz\u00f6nhet\u0151en az IDC<sup>\u00ae<\/sup>Powerh\u00e1m nem terheli a kutya nyak\u00e1t, valamint szabad mozg\u00e1st biztos\u00edt a mells\u0151 l\u00e1baknak.\u00a0Mellheveder\u00e9nek ir\u00e1nya megegyezik a kezedben tartott p\u00f3r\u00e1z ir\u00e1ny\u00e1val, \u00edgy az er\u0151eloszt\u00e1s a szegycsontra \u00f6sszpontosul. A k\u00f6zleked\u00e9sben sokat seg\u00edt a h\u00e1t\u00e1n l\u00e9v\u0151 extra er\u0151s fog\u00f3 is. A v\u00e1rosi k\u00f6rnyezethez igazodva pedig az IDC<sup>\u00ae<\/sup>Powerh\u00e1m j\u00f3ll\u00e1that\u00f3s\u00e1gi mell\u00e9ny is egyben.<\/p>\n<p><strong>Sometimes we just walk the Earth<\/strong><\/p>\n<p>A napi s\u00e9ta mellett minden kutya v\u00e1rja a pillanatot, amikor el lehet sz\u00f6kni a v\u00e1rosb\u00f3l, ki a term\u00e9szetbe. Ilyenkor ne\u00a0csak te h\u00fazz\u00a0a k\u00e9nyelem \u00e9rdek\u00e9ben kir\u00e1ndul\u00e1shoz tervezett cip\u0151t, hanem\u00a0a kuty\u00e1dnak is add meg ezt a lehet\u0151s\u00e9get. Ebben a szellemben k\u00e9sz\u00fclt az\u00a0IDC<sup>\u00ae<\/sup>Longwalk kutyah\u00e1m, mely kiv\u00e1l\u00f3 felszerel\u00e9s\u00a0a hosszabb kir\u00e1ndul\u00e1sokhoz.<\/p>\n<p>Ennek az Y-h\u00e1mnak a k\u00fcl\u00f6nlegess\u00e9ge, hogy h\u00e1rom pontja is akt\u00edv, elasztikus kialak\u00edt\u00e1s\u00fa, ez\u00e9rt a kutya minden mozdulat\u00e1ra reag\u00e1l. Ez a DuoFlex<sup>\u00ae<\/sup> rendszer, amibe a p\u00f3r\u00e1z is csatlakozik, \u00edgy mindketten tomp\u00edtott er\u0151hat\u00e1st \u00e9reztek akkor, ha a p\u00f3r\u00e1z megfesz\u00fcl. A h\u00e1m h\u00e1ti r\u00e9sz\u00e9n a fog\u00f3 h\u00e1trafele \u00edvelt, j\u00f3 fog\u00e1st biztos\u00edt. A kuty\u00e1dat enn\u00e9l a term\u00e9kn\u00e9l is f\u00e9nyvisszaver\u0151k \u00f3vj\u00e1k, hiszen a j\u00f3ll\u00e1that\u00f3s\u00e1g a term\u00e9szetben is fontos.<\/p>\n<p><img decoding=\"async\" class=\"aligncenter wp-image-78877 size-full\" src=\"https:\/\/julius-k9.com\/wp-content\/uploads\/2021\/02\/Power_Longwalk3.jpg\" alt=\"\" width=\"940\" height=\"628\" srcset=\"https:\/\/julius-k9.com\/wp-content\/uploads\/2021\/02\/Power_Longwalk3.jpg 940w, https:\/\/julius-k9.com\/wp-content\/uploads\/2021\/02\/Power_Longwalk3-300x200.jpg 300w, https:\/\/julius-k9.com\/wp-content\/uploads\/2021\/02\/Power_Longwalk3-768x513.jpg 768w\" sizes=\"(max-width: 940px) 100vw, 940px\" \/><\/p>\n<p>A rendk\u00edv\u00fcli min\u0151s\u00e9g,\u00a0tart\u00f3ss\u00e1g \u00e9s megb\u00edzhat\u00f3s\u00e1g mellett a Julius-K9<sup>\u00ae<\/sup>\u00a0vil\u00e1gsiker\u0171 innov\u00e1ci\u00f3ja a kutyah\u00e1mokon r\u00f6gz\u00edthet\u0151,\u00a0cser\u00e9lhet\u0151 felirat. A t\u00e9p\u0151z\u00e1ras h\u00e1mfeliratoknak k\u00f6sz\u00f6nhet\u0151en egy mozdulattal\u00a0egyediv\u00e9 teheted vagy aktualiz\u00e1lhatod kedvenced h\u00e1mj\u00e1t. A vicces feliratokon t\u00fal egy telefonsz\u00e1m vagy\u00a0a \u201eDo not pet\u201d felirat a k\u00f6rnyezet sz\u00e1m\u00e1ra sokatmond\u00f3 \u00e9s seg\u00edti mindennapjaitokat.<\/p>\n<p><strong>Mire figyelj m\u00e9g, ha h\u00e1mot v\u00e1s\u00e1rolsz?\u00a0<\/strong><\/p>\n<p>A kutyah\u00e1mok eset\u00e9ben hangs\u00falyozottan fontos a megfelel\u0151 m\u00e9retv\u00e1laszt\u00e1s. A t\u00fal kicsi h\u00e1m ugyanis k\u00e9nyelmetlen lehet a kuty\u00e1d sz\u00e1m\u00e1ra. A t\u00fal nagy vagy rosszul be\u00e1ll\u00edtott h\u00e1mb\u00f3l pedig ak\u00e1r ki is b\u00fajhat,\u00a0f\u00fcggetlen\u00fcl att\u00f3l, hogy sz\u00fcgyh\u00e1mr\u00f3l vagy Y-h\u00e1mr\u00f3l van sz\u00f3.\u00a0Ez\u00e9rt mindig m\u00e9rd le kedvenced nyak\u00e1t, mellkas\u00e1t \u00e9s a s\u00faly\u00e1t is, miel\u0151tt m\u00e9retet v\u00e1lasztasz. Akkor is, ha kor\u00e1bban m\u00e1r volt h\u00e1motok, mert a h\u00e1mok k\u00fcl\u00f6nb\u00f6z\u0151 fel\u00e9p\u00edt\u00e9s\u00e9b\u0151l ad\u00f3d\u00f3an lehetnek elt\u00e9r\u00e9sek a m\u00e9retez\u00e9sben.\u00a0A m\u00e9retv\u00e1laszt\u00e1sn\u00e1l kalkul\u00e1ld bele azt is, hogy a kuty\u00e1d \u00e9lete sor\u00e1n v\u00e1ltozik, n\u00f6vekszik. A m\u00e1r h\u00e1mot visel\u0151 kuty\u00e1n ez\u00e9rt id\u0151vel gondoskodni kell a h\u00e1m ut\u00e1n\u00e1ll\u00edt\u00e1s\u00e1r\u00f3l.<\/p>\n","protected":false},"excerpt":{"rendered":"<p>Napjainkban kutyah\u00e1mot leggyakrabban a mindennapi s\u00e9t\u00e1ltat\u00e1shoz haszn\u00e1lunk, de nagyon sokan j\u00e1rnak kir\u00e1ndulni is kedvenc\u00fckkel. Ahogy ilyenkor mi is lecser\u00e9lj\u00fck az utcai cip\u0151nket egy kir\u00e1ndul\u00e1sra alkalmasabbra, \u00fagy \u00e9rdemes a kuty\u00e1nak is egy c\u00e9lnak megfelel\u0151 h\u00e1mot v\u00e1lasztani.  <\/p>\n","protected":false},"author":7,"featured_media":78865,"comment_status":"closed","ping_status":"closed","sticky":false,"template":"","format":"standard","meta":{"_acf_changed":false,"footnotes":""},"categories":[223],"tags":[],"class_list":["post-78888","post","type-post","status-publish","format-standard","has-post-thumbnail","hentry","category-news-category-hu","category-223","description-off"],"acf":[],"_links":{"self":[{"href":"https:\/\/julius-k9.com\/hu\/wp-json\/wp\/v2\/posts\/78888","targetHints":{"allow":["GET"]}}],"collection":[{"href":"https:\/\/julius-k9.com\/hu\/wp-json\/wp\/v2\/posts"}],"about":[{"href":"https:\/\/julius-k9.com\/hu\/wp-json\/wp\/v2\/types\/post"}],"author":[{"embeddable":true,"href":"https:\/\/julius-k9.com\/hu\/wp-json\/wp\/v2\/users\/7"}],"replies":[{"embeddable":true,"href":"https:\/\/julius-k9.com\/hu\/wp-json\/wp\/v2\/comments?post=78888"}],"version-history":[{"count":1,"href":"https:\/\/julius-k9.com\/hu\/wp-json\/wp\/v2\/posts\/78888\/revisions"}],"predecessor-version":[{"id":249451,"href":"https:\/\/julius-k9.com\/hu\/wp-json\/wp\/v2\/posts\/78888\/revisions\/249451"}],"wp:featuredmedia":[{"embeddable":true,"href":"https:\/\/julius-k9.com\/hu\/wp-json\/wp\/v2\/media\/78865"}],"wp:attachment":[{"href":"https:\/\/julius-k9.com\/hu\/wp-json\/wp\/v2\/media?parent=78888"}],"wp:term":[{"taxonomy":"category","embeddable":true,"href":"https:\/\/julius-k9.com\/hu\/wp-json\/wp\/v2\/categories?post=78888"},{"taxonomy":"post_tag","embeddable":true,"href":"https:\/\/julius-k9.com\/hu\/wp-json\/wp\/v2\/tags?post=78888"}],"curies":[{"name":"wp","href":"https:\/\/api.w.org\/{rel}","templated":true}]}}