{"id":78449,"date":"2021-01-15T10:49:01","date_gmt":"2021-01-15T10:49:01","guid":{"rendered":"https:\/\/julius-k9.com\/?p=78449"},"modified":"2021-01-15T10:49:01","modified_gmt":"2021-01-15T10:49:01","slug":"a-nehez-idokben-is-tamogatjuk-gyermekes-munkavallaloinkat","status":"publish","type":"post","link":"https:\/\/julius-k9.com\/hu\/a-nehez-idokben-is-tamogatjuk-gyermekes-munkavallaloinkat\/","title":{"rendered":"A neh\u00e9z id\u0151kben is t\u00e1mogatjuk gyermekes munkav\u00e1llal\u00f3inkat"},"content":{"rendered":"<p>Dolgoz\u00f3ink j\u00f3l\u00e9te k\u00fcl\u00f6n\u00f6sen fontos v\u00e1llalatunk sz\u00e1m\u00e1ra \u00edgy sz\u00e1mos m\u00f3don igyeksz\u00fcnk \u0151ket t\u00e1mogatni a COVID-19 vil\u00e1gj\u00e1rv\u00e1ny ellen\u00e9re is. Ennek jegy\u00e9ben m\u00e9g ebben a gazdas\u00e1gilag neh\u00e9z helyzetben is tal\u00e1ltunk m\u00f3dot arra, hogy gyermekes munkav\u00e1llal\u00f3ink sz\u00e1m\u00e1ra megk\u00f6nny\u00edts\u00fck a tan\u00e9vkezd\u00e9st. 2020 \u0151sz\u00e9n <strong>k\u00f6zel 170 \u00e1ltal\u00e1nos \u00e9s k\u00f6z\u00e9piskol\u00e1s gyermeket<\/strong> r\u00e9szes\u00edtett\u00fcnk iskolakezd\u00e9si t\u00e1mogat\u00e1sban. Dolgoz\u00f3ink gyermekenk\u00e9nt <strong>16.100 Ft \u00e9rt\u00e9k\u0171<\/strong>, pap\u00edralap\u00fa <em>Edenred<\/em> utalv\u00e1nyt kaptak, melyek t\u00f6bb mint 30000 hazai bev\u00e1lt\u00f3helyen felhaszn\u00e1lhat\u00f3ak.<\/p>\n<p>C\u00e9g\u00fcnk a csal\u00e1dot \u00e9rt\u00e9knek tekinti \u00e9s folyamatosan t\u00f6reksz\u00fcnk arra, hogy el\u0151seg\u00edts\u00fck a munka \u00e9s a mag\u00e1n\u00e9let k\u00f6zti egyens\u00faly megteremt\u00e9s\u00e9t. A Julius-K9<sup>\u00ae<\/sup> csal\u00e1dbar\u00e1t szeml\u00e9let\u00e9t bizony\u00edtja, hogy 2019-ben a <strong>Csal\u00e1dbar\u00e1t Munkahely<\/strong> Bronz fokozat\u00e1t is elnyert\u00fck.<\/p>\n<p>&nbsp;<\/p>\n<p>Munkav\u00e1llal\u00f3nk \u00edrt\u00e1k a 2020-as \u00e9vben megval\u00f3s\u00edtott iskolakezd\u00e9st t\u00e1mogat\u00f3 programr\u00f3l.<\/p>\n<ul>\n<li><em>\u201eNagyon sz\u00e9pen k\u00f6sz\u00f6nj\u00fck, a mai helyzetre val\u00f3 tekintettel nagy seg\u00edts\u00e9g volt. Rem\u00e9lj\u00fck j\u00f6v\u0151re is lehet\u0151s\u00e9g ny\u00edlik a c\u00e9gnek, hogy hasonl\u00f3 juttat\u00e1sokban legyen r\u00e9sz\u00fcnk.\u201d<\/em><\/li>\n<li><em>\u201eK\u00f6sz\u00f6n\u00f6m sz\u00e9pen az utalv\u00e1nyt. Sok helyen lev\u00e1s\u00e1rolhat\u00f3, nagyon hasznosan el tudtam k\u00f6lteni.\u201d<\/em><\/li>\n<li><em>\u201eH\u00e1l\u00e1s k\u00f6sz\u00f6net, legjobbkor j\u00f6tt! Szuper \u00f6tlet volt\u201d!<\/em><\/li>\n<li><em>\u201eK\u00f6sz\u00f6n\u00f6m sz\u00e9pen az utalv\u00e1nyt. F\u00fczetekre \u00e9s \u00edr\u00f3szerekre k\u00f6lt\u00f6ttem.\u201d<\/em><\/li>\n<li><em>\u201eSoha nem kaptam m\u00e9g ilyet, ez volt az els\u0151 eset, pedig 2 gyereket m\u00e1r felneveltem. A legjobbkor j\u00f6tt, f\u0151leg \u00edgy a Covid idej\u00e9n. H\u00e1l\u00e1s vagyok!\u201d<\/em><\/li>\n<\/ul>\n","protected":false},"excerpt":{"rendered":"<p>Dolgoz\u00f3ink j\u00f3l\u00e9te k\u00fcl\u00f6n\u00f6sen fontos v\u00e1llalatunk sz\u00e1m\u00e1ra \u00edgy sz\u00e1mos m\u00f3don igyeksz\u00fcnk \u0151ket t\u00e1mogatni a COVID-19 vil\u00e1gj\u00e1rv\u00e1ny ellen\u00e9re is.<\/p>\n","protected":false},"author":7,"featured_media":78450,"comment_status":"closed","ping_status":"closed","sticky":false,"template":"","format":"standard","meta":{"_acf_changed":false,"footnotes":""},"categories":[223],"tags":[],"class_list":["post-78449","post","type-post","status-publish","format-standard","has-post-thumbnail","hentry","category-news-category-hu","category-223","description-off"],"acf":[],"_links":{"self":[{"href":"https:\/\/julius-k9.com\/hu\/wp-json\/wp\/v2\/posts\/78449","targetHints":{"allow":["GET"]}}],"collection":[{"href":"https:\/\/julius-k9.com\/hu\/wp-json\/wp\/v2\/posts"}],"about":[{"href":"https:\/\/julius-k9.com\/hu\/wp-json\/wp\/v2\/types\/post"}],"author":[{"embeddable":true,"href":"https:\/\/julius-k9.com\/hu\/wp-json\/wp\/v2\/users\/7"}],"replies":[{"embeddable":true,"href":"https:\/\/julius-k9.com\/hu\/wp-json\/wp\/v2\/comments?post=78449"}],"version-history":[{"count":0,"href":"https:\/\/julius-k9.com\/hu\/wp-json\/wp\/v2\/posts\/78449\/revisions"}],"wp:featuredmedia":[{"embeddable":true,"href":"https:\/\/julius-k9.com\/hu\/wp-json\/wp\/v2\/media\/78450"}],"wp:attachment":[{"href":"https:\/\/julius-k9.com\/hu\/wp-json\/wp\/v2\/media?parent=78449"}],"wp:term":[{"taxonomy":"category","embeddable":true,"href":"https:\/\/julius-k9.com\/hu\/wp-json\/wp\/v2\/categories?post=78449"},{"taxonomy":"post_tag","embeddable":true,"href":"https:\/\/julius-k9.com\/hu\/wp-json\/wp\/v2\/tags?post=78449"}],"curies":[{"name":"wp","href":"https:\/\/api.w.org\/{rel}","templated":true}]}}