{"id":75784,"date":"2020-06-12T09:51:01","date_gmt":"2020-06-12T09:51:01","guid":{"rendered":"https:\/\/julius-k9.com\/?p=75784"},"modified":"2020-06-12T09:51:01","modified_gmt":"2020-06-12T09:51:01","slug":"facebookon-is-lebuknak-a-hamis-termeket-ertekesitok","status":"publish","type":"post","link":"https:\/\/julius-k9.com\/hu\/facebookon-is-lebuknak-a-hamis-termeket-ertekesitok\/","title":{"rendered":"Facebookon is lebuknak a hamis term\u00e9ket \u00e9rt\u00e9kes\u00edt\u0151k"},"content":{"rendered":"<p>Joger\u0151sen el\u00edt\u00e9lt\u00e9k a portug\u00e1l keresked\u0151t, aki <strong>hamis kutyah\u00e1mokat \u00e9rt\u00e9kes\u00edtett<\/strong> a Facebook k\u00f6z\u00f6ss\u00e9gi port\u00e1lon.<\/p>\n<p>Napjainkban a sok praktikus \u00e9s hasznos funkci\u00f3k ny\u00fajtotta lehet\u0151s\u00e9gek mellett a JULIUS-K9\u00ae r\u00e9sz\u00e9re egyre nagyobb kih\u00edv\u00e1st jelentenek a <strong>k\u00f6z\u00f6ss\u00e9gi port\u00e1lokon el\u0151fordul\u00f3<\/strong>\u00a0b\u00fcntet\u0151jogi<strong> jogs\u00e9rt\u00e9sek<\/strong>.<\/p>\n<p>A k\u00f6z\u00f6ss\u00e9gi port\u00e1lon t\u00f6rt\u00e9n\u0151 jogs\u00e9rt\u00e9sek nem egyediek. A k\u00f6vetkezetes fell\u00e9p\u00e9s\u00fcnk eredm\u00e9nyek\u00e9nt kor\u00e1bban a <em>Budapestk\u00f6rny\u00e9ki T\u00f6rv\u00e9nysz\u00e9k<\/em> a Facebook k\u00f6z\u00f6ss\u00e9gi port\u00e1lon illeg\u00e1lisan beszerzett JULIUS-K9\u00ae term\u00e9keket \u00e9rt\u00e9kes\u00edt\u0151 orgazda keresked\u0151ket \u00edt\u00e9lt el.<\/p>\n<p>Vannak azonban, akik a k\u00f6z\u00f6ss\u00e9gi port\u00e1lokat <strong>fant\u00e1ziaprofilok m\u00f6g\u00e9 b\u00fajva<\/strong> a szervezettb\u0171n\u00f6z\u00e9s keret\u00e9ben el\u0151\u00e1ll\u00edtott hamis term\u00e9kek \u00fczletszer\u0171 \u00e9rt\u00e9kes\u00edt\u00e9s\u00e9hez haszn\u00e1lj\u00e1k fel.<\/p>\n<p>A Port\u00f3i Ker\u00fcleti B\u00edr\u00f3s\u00e1g Gondomari Helyi B\u00fcntet\u0151 B\u00edr\u00f3s\u00e1ga (Tribunal Judicial da Comarca do Porto) 2020. m\u00e1rcius\u00e1ban joger\u0151sen el\u00edt\u00e9lt egy, <strong>hamis JULIUS-K9\u00ae kutyah\u00e1mokat a Facebook k\u00f6z\u00f6ss\u00e9gi port\u00e1lon \u00e9rt\u00e9kes\u00edt\u0151<\/strong> portug\u00e1l szem\u00e9lyt. Az \u00cdt\u00e9let alapja a portug\u00e1l szellemi tulajdonjogr\u00f3l sz\u00f3l\u00f3 t\u00f6rv\u00e9ny (C\u00f3digo da Propriedade Industrial) 320. cikk\u00e9ben felsorolt \u00e9s b\u00fcntetend\u0151, a 323. cikk a) pontja, a 324. cikk 1. \u00e9s 2. bekezd\u00e9s, a 224. cikk \u00e9s a 320. cikk c) pontban meghat\u00e1rozott term\u00e9kek vagy \u00e1rucikkek elad\u00e1sa, forgalomba hozatala vagy elrejt\u00e9se.<\/p>\n<p>A portug\u00e1l b\u00edr\u00f3s\u00e1g \u00e1ltal meg\u00e1llap\u00edtott t\u00e9ny\u00e1ll\u00e1s szerint, a v\u00e1dlott nem hivatalos helyr\u0151l, sz\u00e1mla n\u00e9lk\u00fcl szerezte be a hamis\u00edtott term\u00e9keket, abb\u00f3l a c\u00e9lb\u00f3l, hogy azokat haszonnal \u00fajra \u00e9rt\u00e9kes\u00edtse <strong>az eredeti JULIUS-K9\u00ae term\u00e9kek \u00e1r\u00e1n\u00e1l j\u00f3val kedvez\u0151bb \u00e1ron<\/strong>.<\/p>\n<p>A portug\u00e1l b\u00edr\u00f3s\u00e1g b\u00fcntet\u0151 \u00edt\u00e9let\u00e9ben a hamis kutyah\u00e1m \u00e9rt\u00e9kes\u00edt\u00e9se miatt a JULIUS-K9\u00ae t\u00f6bb eur\u00f3pai uni\u00f3s t\u00e9rbeli v\u00e9djegy\u00e9nek \u00e9s egy k\u00f6z\u00f6ss\u00e9gi formatervez\u00e9siminta-oltalm\u00e1nak a megs\u00e9rt\u00e9s\u00e9t is meg\u00e1llap\u00edtotta.<\/p>\n<p>A b\u00edr\u00f3s\u00e1g kiemelte: <em>\u201eA cselekm\u00e9ny t\u00f6rv\u00e9nytelens\u00e9g\u00e9nek m\u00e9rt\u00e9ke meg\u00e1llap\u00edtottan magas, t\u00f6bbek k\u00f6z\u00f6tt a v\u00e1dlott magatart\u00e1s\u00e1nak k\u00f6vetkezm\u00e9nyei miatt, aki a hamis\u00edtott \u00e1rucikkekkel jogellenes haszonra sz\u00e1nd\u00e9kozott szert tenni, a m\u00e1rkajelz\u00e9s \u00e9s a m\u00e1rkan\u00e9v jogellenes felhaszn\u00e1l\u00e1s\u00e1val, ami ez\u00e1ltal k\u00e1rosodott; A csal\u00e1s legs\u00falyosabb form\u00e1ja val\u00f3sult meg &#8211; k\u00f6zvetlen csal\u00e1s (\u2026) \u201e<\/em><\/p>\n<p>A JULIUS-K9\u00ae <strong>k\u00f6vetkezetesen fell\u00e9p<\/strong> a szellemi tulajdonait s\u00e9rt\u0151 hamis\u00edt\u00f3k \u00e9s a hamis term\u00e9kek ellen.<\/p>\n","protected":false},"excerpt":{"rendered":"<p>Joger\u0151sen el\u00edt\u00e9lt\u00e9k a portug\u00e1l keresked\u0151t, aki hamis kutyah\u00e1mokat \u00e9rt\u00e9kes\u00edtett a Facebook k\u00f6z\u00f6ss\u00e9gi port\u00e1lon&#8230;<\/p>\n","protected":false},"author":7,"featured_media":75789,"comment_status":"closed","ping_status":"closed","sticky":false,"template":"","format":"standard","meta":{"_acf_changed":false,"footnotes":""},"categories":[223],"tags":[],"class_list":["post-75784","post","type-post","status-publish","format-standard","has-post-thumbnail","hentry","category-news-category-hu","category-223","description-off"],"acf":[],"_links":{"self":[{"href":"https:\/\/julius-k9.com\/hu\/wp-json\/wp\/v2\/posts\/75784","targetHints":{"allow":["GET"]}}],"collection":[{"href":"https:\/\/julius-k9.com\/hu\/wp-json\/wp\/v2\/posts"}],"about":[{"href":"https:\/\/julius-k9.com\/hu\/wp-json\/wp\/v2\/types\/post"}],"author":[{"embeddable":true,"href":"https:\/\/julius-k9.com\/hu\/wp-json\/wp\/v2\/users\/7"}],"replies":[{"embeddable":true,"href":"https:\/\/julius-k9.com\/hu\/wp-json\/wp\/v2\/comments?post=75784"}],"version-history":[{"count":0,"href":"https:\/\/julius-k9.com\/hu\/wp-json\/wp\/v2\/posts\/75784\/revisions"}],"wp:featuredmedia":[{"embeddable":true,"href":"https:\/\/julius-k9.com\/hu\/wp-json\/wp\/v2\/media\/75789"}],"wp:attachment":[{"href":"https:\/\/julius-k9.com\/hu\/wp-json\/wp\/v2\/media?parent=75784"}],"wp:term":[{"taxonomy":"category","embeddable":true,"href":"https:\/\/julius-k9.com\/hu\/wp-json\/wp\/v2\/categories?post=75784"},{"taxonomy":"post_tag","embeddable":true,"href":"https:\/\/julius-k9.com\/hu\/wp-json\/wp\/v2\/tags?post=75784"}],"curies":[{"name":"wp","href":"https:\/\/api.w.org\/{rel}","templated":true}]}}