{"id":75206,"date":"2020-09-25T08:40:04","date_gmt":"2020-09-25T08:40:04","guid":{"rendered":"https:\/\/julius-k9.com\/?p=75206"},"modified":"2020-09-25T08:40:04","modified_gmt":"2020-09-25T08:40:04","slug":"labemeles","status":"publish","type":"post","link":"https:\/\/julius-k9.com\/hu\/labemeles\/","title":{"rendered":"25. L\u00e1bemel\u00e9s"},"content":{"rendered":"<p>Ha a pacsiad\u00e1st m\u00e1r t\u00f6k\u00e9lyre fejlesztetted kor\u00e1bban, akkor ezzel a tr\u00fckkel nem lesz neh\u00e9z dolgod. De ha nem, az sem baj, a kuty\u00e1k hamar r\u00e1\u00e9reznek erre.<\/p>\n<p><strong>Feladat:<\/strong><br \/>\n&#x1f449; Vegy\u00e9l magadhoz jutifalit, a kuty\u00e1d pedig \u00fcltesd le magad el\u0151tt.<br \/>\n&#x1f449; Emeld fel \u00e9s ny\u00fajtsd oda neki az egyik l\u00e1bad \u00e9s k\u00e9rj r\u00e1 egy pacsit, mintha csak a kezedbe k\u00e9rn\u00e9d. Ha siker\u00fclt, dics\u00e9rd \u00e9s jutalmazd.<br \/>\n&#x1f449; Ezut\u00e1n emeld a m\u00e1sik l\u00e1bad \u00e9s szint\u00e9n k\u00e9rd a pacsit.<br \/>\n&#x1f449; Ha ez m\u00e1r j\u00f3l megy, akkor utas\u00edtsd marad\u00e1sra az ebet, l\u00e9pj h\u00e1tra egyet \u00e9s \u00edgy ism\u00e9teld a kor\u00e1bbiakat, de ez\u00fattal m\u00e1r ne ny\u00fajtsd oda a l\u00e1bad \u00e9s r\u00f6gt\u00f6n dics\u00e9rd, ha \u0151 is emeli az \u00f6v\u00e9t.<\/p>\n<p><strong>Tippek:<\/strong><br \/>\n&#x1f449; A gyakorl\u00e1s elej\u00e9n b\u00e1rmilyen apr\u00f3 l\u00e9p\u00e9st elfogadhatsz, de fokozatosan jussatok el oda, hogy mindig azt a l\u00e1b\u00e1t emelje, ami a te megemelt l\u00e1baddal szemben van, mintha egy t\u00fck\u00f6rj\u00e1t\u00e9kr\u00f3l lenne sz\u00f3.<br \/>\n&#x1f449; Ne csak jobb-bal-jobb-bal v\u00e1lt\u00e1sokat haszn\u00e1lj, id\u0151nk\u00e9nt emeld egym\u00e1s ut\u00e1n ugyanazt a l\u00e1bad, hogy figyelnie kelljen, ne automatiz\u00e1lja a mozdulatot.<br \/>\n&#x1f449; Ehhez a feladathoz nem sz\u00fcks\u00e9ges vez\u00e9nysz\u00f3t k\u00f6tni.<br \/>\n&#x1f449; Seg\u00edt, ha klikkert haszn\u00e1lsz, hogy az apr\u00f3 l\u00e9p\u00e9seket is gyorsan, pontosan meg tudd er\u0151s\u00edteni.<\/p>\n","protected":false},"excerpt":{"rendered":"<p>Ha a pacsiad\u00e1st m\u00e1r t\u00f6k\u00e9lyre fejlesztetted kor\u00e1bban, akkor ezzel a tr\u00fckkel nem lesz neh\u00e9z dolgod. De ha nem, az sem baj, a kuty\u00e1k hamar r\u00e1\u00e9reznek erre.<\/p>\n","protected":false},"author":7,"featured_media":75207,"comment_status":"closed","ping_status":"closed","sticky":false,"template":"","format":"standard","meta":{"_acf_changed":false,"footnotes":""},"categories":[229],"tags":[],"class_list":["post-75206","post","type-post","status-publish","format-standard","has-post-thumbnail","hentry","category-challenge-category-hu","category-229","description-off"],"acf":[],"_links":{"self":[{"href":"https:\/\/julius-k9.com\/hu\/wp-json\/wp\/v2\/posts\/75206","targetHints":{"allow":["GET"]}}],"collection":[{"href":"https:\/\/julius-k9.com\/hu\/wp-json\/wp\/v2\/posts"}],"about":[{"href":"https:\/\/julius-k9.com\/hu\/wp-json\/wp\/v2\/types\/post"}],"author":[{"embeddable":true,"href":"https:\/\/julius-k9.com\/hu\/wp-json\/wp\/v2\/users\/7"}],"replies":[{"embeddable":true,"href":"https:\/\/julius-k9.com\/hu\/wp-json\/wp\/v2\/comments?post=75206"}],"version-history":[{"count":0,"href":"https:\/\/julius-k9.com\/hu\/wp-json\/wp\/v2\/posts\/75206\/revisions"}],"wp:featuredmedia":[{"embeddable":true,"href":"https:\/\/julius-k9.com\/hu\/wp-json\/wp\/v2\/media\/75207"}],"wp:attachment":[{"href":"https:\/\/julius-k9.com\/hu\/wp-json\/wp\/v2\/media?parent=75206"}],"wp:term":[{"taxonomy":"category","embeddable":true,"href":"https:\/\/julius-k9.com\/hu\/wp-json\/wp\/v2\/categories?post=75206"},{"taxonomy":"post_tag","embeddable":true,"href":"https:\/\/julius-k9.com\/hu\/wp-json\/wp\/v2\/tags?post=75206"}],"curies":[{"name":"wp","href":"https:\/\/api.w.org\/{rel}","templated":true}]}}