{"id":64476,"date":"2019-02-18T10:34:30","date_gmt":"2019-02-18T10:34:30","guid":{"rendered":"https:\/\/julius-k9.com\/?p=64476"},"modified":"2019-02-18T10:34:30","modified_gmt":"2019-02-18T10:34:30","slug":"birosagon-a-vilaghiru-magyar-dizajn-ugye","status":"publish","type":"post","link":"https:\/\/julius-k9.com\/hu\/birosagon-a-vilaghiru-magyar-dizajn-ugye\/","title":{"rendered":"B\u00edr\u00f3s\u00e1gon a vil\u00e1gh\u00edr\u0171 magyar diz\u00e1jn \u00fcgye"},"content":{"rendered":"<p>A Rubik-kocka ut\u00e1n a m\u00e1sodik olyan, k\u00f6nny\u0171ipari term\u00e9kdiz\u00e1jnr\u00f3l besz\u00e9lhet\u00fcnk a <a href=\"https:\/\/julius-k9.com\/hu\/idc-power-kutyaham\/\">JULIUS-K9\u00ae kutyah\u00e1mok<\/a> kapcs\u00e1n, mely nemcsak Magyarorsz\u00e1gon, nemcsak Eur\u00f3p\u00e1ban, hanem a vil\u00e1g minden pontj\u00e1n n\u00e9pszer\u0171v\u00e9 v\u00e1lt \u00e9s haz\u00e1nkhoz k\u00f6thet\u0151. Nem t\u00falz\u00e1s azt \u00e1ll\u00edtani, hogy az ikonikus form\u00e1val a vil\u00e1g b\u00e1rmely pontj\u00e1n tal\u00e1lkozhatunk, tekintve, hogy minden \u00f6t\u00f6dik ember kutyatart\u00f3, \u00e9s k\u00f6z\u00fcl\u00fck sokan JULIUS-K9\u00ae term\u00e9ket v\u00e1s\u00e1rolnak. Nem v\u00e9letlen, hogy ma ez a leggyakrabban m\u00e1solt magyar term\u00e9k is \u2013 emiatt a m\u00e1rkatulajdonos JULIUS-K9 Zrt. vil\u00e1gszerte k\u00e9nytelen fell\u00e9pni a jogs\u00e9rt\u0151k ellen.<\/p>\n<p>\u00cdgy t\u00f6rt\u00e9nt, hogy egy bitorl\u00e1s miatt a m\u00e1rkatulajdonos \u00e1ltal ind\u00edtott elj\u00e1r\u00e1sban az ellen\u00e9rdek\u0171 f\u00e9l ellenk\u00e9relme alapj\u00e1n, a F\u0151v\u00e1rosi T\u00f6rv\u00e9nysz\u00e9k els\u0151 fokon, nem joger\u0151sen megsemmis\u00edtette azt az eur\u00f3pai uni\u00f3s formatervez\u00e9si mintaoltalomban r\u00e9szes\u00edtett diz\u00e1jnt, melyre a JULIUS-K9\u00ae a teljes hazai gy\u00e1rt\u00e1st alapozza.<\/p>\n<p><img fetchpriority=\"high\" decoding=\"async\" class=\"aligncenter size-full wp-image-64545\" src=\"https:\/\/ujoldal.julius-k9.com\/wp-content\/uploads\/2019\/02\/16IDC-R-M_1-5.jpg\" alt=\"IDC\u00ae Powerharness\" width=\"940\" height=\"584\" \/>A B\u00edr\u00f3s\u00e1g indokl\u00e1s\u00e1ban a formatervez\u00e9si minta egy\u00e9ni jelleg\u00e9nek hi\u00e1ny\u00e1t jel\u00f6lte meg a megsemmis\u00edt\u00e9s okak\u00e9nt, melyet a jogtulajdonos JULIUS-K9 Zrt. nem fogadott el, \u00e9s \u00e1ll\u00e1spontj\u00e1t <a href=\"https:\/\/julius-k9.com\/hu\/szakvelemenyek\/\">szak\u00e9rt\u0151i v\u00e9lem\u00e9nyekkel<\/a> al\u00e1t\u00e1masztva a F\u0151v\u00e1rosi T\u00f6rv\u00e9nysz\u00e9k hat\u00e1rozata ellen fellebbez\u00e9ssel \u00e9lt. A diz\u00e1jner c\u00e9gvezet\u0151, Seb\u0151 Gyula sz\u00e1mos f\u00f3rumon elmondta:<em> \u201eez egy magyar diz\u00e1jn, ez\u00e9rt itthon gy\u00e1rtjuk, ameddig csak lehets\u00e9ges.\u201d<\/em><\/p>\n<p><img decoding=\"async\" class=\"aligncenter size-full wp-image-64478\" src=\"https:\/\/ujoldal.julius-k9.com\/wp-content\/uploads\/2019\/02\/julius-k9-design-dij-5.png\" alt=\"B\u00edr\u00f3s\u00e1gon a vil\u00e1gh\u00edr\u0171 magyar diz\u00e1jn \u00fcgye\" width=\"940\" height=\"552\" \/><\/p>\n<p>A v\u00e1llalat a tavalyi \u00e9vben 526 f\u0151s alkalmazotti l\u00e9tsz\u00e1m\u00e1b\u00f3l 15%-os, m\u00edg alv\u00e1llalkoz\u00f3i eset\u00e9ben tov\u00e1bbi 25-30%-os l\u00e9tsz\u00e1mle\u00e9p\u00edt\u00e9st k\u00e9nyszer\u00fclt v\u00e9grehajtani az olcs\u00f3, sil\u00e1ny min\u0151s\u00e9g\u0171 <a href=\"https:\/\/julius-k9.com\/hu\/ipari-hulladek-kutyaham\/\">m\u00e1solati term\u00e9kek<\/a> be\u00e1raml\u00e1sa miatt, melyekkel szemben a diz\u00e1jnminta ny\u00fajt v\u00e9delmet.<\/p>\n<p><em><img decoding=\"async\" class=\"aligncenter size-full wp-image-64487\" src=\"https:\/\/ujoldal.julius-k9.com\/wp-content\/uploads\/2019\/02\/varroda-5.png\" alt=\"B\u00edr\u00f3s\u00e1gon a vil\u00e1gh\u00edr\u0171 magyar diz\u00e1jn \u00fcgye\" width=\"940\" height=\"500\" \/><\/em><\/p>\n<p><em>\u201eBizakod\u00f3ak vagyunk, mert a legrangosabb formatervez\u00e9si f\u00f3rumok t\u00e1mogat\u00e1s\u00e1t a lehet\u0151 legteljesebb m\u00e9rt\u00e9kben magunk\u00e9nak tudhatjuk. Ak\u00e1rhogyan is alakulnak a fejlem\u00e9nyek a tov\u00e1bbiakban, mindenk\u00e9ppen p\u00e9lda\u00e9rt\u00e9k\u0171, hogy 20 \u00e9vig siker\u00fclt a magyar gy\u00e1rt\u00e1st gazdas\u00e1gosan \u00e9s hat\u00e9konyan fenntartanunk. B\u00fcszk\u00e9n mondhatjuk, hogy kevesen tudt\u00e1k ezt megteremteni! Nek\u00fcnk most ennek a megtart\u00e1sa is a t\u00e9t, \u00e9s ennek tudat\u00e1ban v\u00e1rjuk a m\u00e1sodfok\u00fa t\u00e1rgyal\u00e1st\u201d<\/em> \u2013 nyilatkozta a c\u00e9gvezet\u0151.<\/p>\n<p><strong>A t\u00e1rgyal\u00e1s helye:<\/strong> F\u0151v\u00e1rosi \u00cdt\u00e9l\u0151t\u00e1bla, Fekete Sas utca 3., Fsz.1.<\/p>\n<p><strong>A t\u00e1rgyal\u00e1s id\u0151pontja:<\/strong> 2019. febru\u00e1r 21., 09.00 \u00f3ra<\/p>\n","protected":false},"excerpt":{"rendered":"<p>A Rubik-kocka ut\u00e1n a m\u00e1sodik olyan, k\u00f6nny\u0171ipari term\u00e9kdiz\u00e1jnr\u00f3l besz\u00e9lhet\u00fcnk a JULIUS-K9\u00ae kutyah\u00e1mok kapcs\u00e1n, mely nemcsak Magyarorsz\u00e1gon, nemcsak Eur\u00f3p\u00e1ban, hanem a vil\u00e1g minden pontj\u00e1n n\u00e9pszer\u0171v\u00e9 v\u00e1lt \u00e9s haz\u00e1nkhoz k\u00f6thet\u0151. Nem t\u00falz\u00e1s azt \u00e1ll\u00edtani, hogy az ikonikus form\u00e1val a vil\u00e1g b\u00e1rmely pontj\u00e1n tal\u00e1lkozhatunk, tekintve, hogy minden \u00f6t\u00f6dik ember kutyatart\u00f3, \u00e9s k\u00f6z\u00fcl\u00fck sokan JULIUS-K9\u00ae term\u00e9ket v\u00e1s\u00e1rolnak. Nem v\u00e9letlen,&hellip;<\/p>\n","protected":false},"author":7,"featured_media":64478,"comment_status":"closed","ping_status":"open","sticky":false,"template":"","format":"standard","meta":{"_acf_changed":false,"footnotes":""},"categories":[223],"tags":[],"class_list":["post-64476","post","type-post","status-publish","format-standard","has-post-thumbnail","hentry","category-news-category-hu","category-223","description-off"],"acf":[],"_links":{"self":[{"href":"https:\/\/julius-k9.com\/hu\/wp-json\/wp\/v2\/posts\/64476","targetHints":{"allow":["GET"]}}],"collection":[{"href":"https:\/\/julius-k9.com\/hu\/wp-json\/wp\/v2\/posts"}],"about":[{"href":"https:\/\/julius-k9.com\/hu\/wp-json\/wp\/v2\/types\/post"}],"author":[{"embeddable":true,"href":"https:\/\/julius-k9.com\/hu\/wp-json\/wp\/v2\/users\/7"}],"replies":[{"embeddable":true,"href":"https:\/\/julius-k9.com\/hu\/wp-json\/wp\/v2\/comments?post=64476"}],"version-history":[{"count":0,"href":"https:\/\/julius-k9.com\/hu\/wp-json\/wp\/v2\/posts\/64476\/revisions"}],"wp:featuredmedia":[{"embeddable":true,"href":"https:\/\/julius-k9.com\/hu\/wp-json\/wp\/v2\/media\/64478"}],"wp:attachment":[{"href":"https:\/\/julius-k9.com\/hu\/wp-json\/wp\/v2\/media?parent=64476"}],"wp:term":[{"taxonomy":"category","embeddable":true,"href":"https:\/\/julius-k9.com\/hu\/wp-json\/wp\/v2\/categories?post=64476"},{"taxonomy":"post_tag","embeddable":true,"href":"https:\/\/julius-k9.com\/hu\/wp-json\/wp\/v2\/tags?post=64476"}],"curies":[{"name":"wp","href":"https:\/\/api.w.org\/{rel}","templated":true}]}}