{"id":63175,"date":"2019-01-09T09:13:36","date_gmt":"2019-01-09T09:13:36","guid":{"rendered":"https:\/\/julius-k9.com\/?p=63175"},"modified":"2019-01-09T09:13:36","modified_gmt":"2019-01-09T09:13:36","slug":"amelyik-kutya-ugat-az-nem-harap-vagy-megis","status":"publish","type":"post","link":"https:\/\/julius-k9.com\/hu\/amelyik-kutya-ugat-az-nem-harap-vagy-megis\/","title":{"rendered":"Amelyik kutya ugat, az nem harap \u2013 vagy m\u00e9gis?"},"content":{"rendered":"<p>Sok gazdi agg\u00f3dik amiatt, hogy kuty\u00e1ja esetleg megharap valakit vagy \u00f6sszeverekedik m\u00e1sik kuty\u00e1kkal. A f\u00e9lelem val\u00f3s, b\u00e1rmelyik kutya k\u00e9pes harapni, de sok baleset megel\u0151zhet\u0151, ha felismerj\u00fck a kiv\u00e1lt\u00f3 okokat \u00e9s meg\u00e9rtj\u00fck kuty\u00e1nk testbesz\u00e9d\u00e9t. Egy kistest\u0171 kutya is komoly s\u00e9r\u00fcl\u00e9st tud okozni, de sokszor nem is a fizikai f\u00e1jdalom a legnagyobb probl\u00e9ma, hanem a gondolat, hogy kuty\u00e1nk mostant\u00f3l b\u00e1rmikor agressz\u00edven viselkedik majd. Ez persze nem \u00edgy van, de miel\u0151tt a megel\u0151z\u00e9sr\u0151l besz\u00e9ln\u00e9nk, n\u00e9zz\u00fck, mi is az agresszi\u00f3.<\/p>\n<p>&nbsp;<\/p>\n<p><strong>Kiv\u00e1lt\u00f3 okok<\/strong><\/p>\n<p>Az agresszi\u00f3 val\u00f3j\u00e1ban csak egy t\u00fcnet, egy adott szitu\u00e1ci\u00f3ra adott v\u00e1lasz. Kutyatr\u00e9nerk\u00e9nt nem szeretem, ha egy kuty\u00e1t \u201eagressz\u00edv\u201d jelz\u0151vel l\u00e1tnak el. El\u0151fordulhat, hogy egy kutya agressz\u00edven reag\u00e1l, ha a csontj\u00e1t v\u00e9di, viszont, ha nincs csont a l\u00e1that\u00e1ron, nyoma sincs agresszi\u00f3nak.<\/p>\n<p>K\u00fcl\u00f6nb\u00f6z\u0151 kiv\u00e1lt\u00f3 ok alapj\u00e1n t\u00f6bb kateg\u00f3ri\u00e1ba sorolhatjuk ezt a vesz\u00e9lyes viselked\u00e9st \u2013 f\u00e1jdalom alap\u00fa, szorong\u00e1s vagy f\u00e9lelem alap\u00fa, de lehet \u00f6r\u00f6kletes (pr\u00e9da-agresszi\u00f3) vagy tanult viselked\u00e9s is pl. rend\u0151rkuty\u00e1k eset\u00e9ben, akik vez\u00e9nysz\u00f3ra harapnak.<\/p>\n<p>Dr. Karen Overall viselked\u00e9sre specializ\u00e1l\u00f3dott \u00e1llatorvos szerint az agresszi\u00f3 nem m\u00e1s, mint \u201cegy val\u00f3s vagy v\u00e9lt vesz\u00e9lyre adott reakci\u00f3, harc vagy \u00f6nv\u00e9delem form\u00e1j\u00e1ban\u201d. Fontos megjegyezni, hogy az agresszi\u00f3 a kuty\u00e1k norm\u00e1lis viselked\u00e9si reperto\u00e1rj\u00e1ba tartozik, teh\u00e1t minden kutya k\u00e9pes kimutatni a foga feh\u00e9rj\u00e9t. Egy j\u00f3l szocializ\u00e1lt kutya testbesz\u00e9ddel jelzi a m\u00e1sik fel\u00e9, hogy nem boldog az adott szitu\u00e1ci\u00f3ban \u00e9s csak legv\u00e9gs\u0151 esetben harap.<\/p>\n<p>&nbsp;<\/p>\n<p><strong>Kutya testbesz\u00e9d<\/strong><\/p>\n<p><img fetchpriority=\"high\" decoding=\"async\" class=\"size-full wp-image-63185 alignright\" src=\"https:\/\/julius-k9.com\/wp-content\/uploads\/2019\/01\/dogs-fight2.jpg\" alt=\"Amelyik kutya ugat, az nem harap\" width=\"300\" height=\"450\" srcset=\"https:\/\/julius-k9.com\/wp-content\/uploads\/2019\/01\/dogs-fight2.jpg 300w, https:\/\/julius-k9.com\/wp-content\/uploads\/2019\/01\/dogs-fight2-200x300.jpg 200w\" sizes=\"(max-width: 300px) 100vw, 300px\" \/>A kuty\u00e1k testbesz\u00e9ddel \u00e9s k\u00fcl\u00f6nb\u00f6z\u0151 hangokkal kommunik\u00e1lnak egym\u00e1ssal \u00e9s embert\u00e1rsaikkal, ez\u00e9rt nagyon fontos, hogy felismerj\u00fck, mit \u201emond\u201d a kuty\u00e1nk. Egy eg\u00e9szs\u00e9ges kutya els\u0151 reakci\u00f3ja elker\u00fclni a konfliktushelyzetet. T\u00e1mad\u00e1sra \u00e1ltal\u00e1ban csak akkor ker\u00fcl sor, amikor minden lehets\u00e9ges m\u00f3don figyelmeztette a m\u00e1sikat, hogy ne j\u00f6jj\u00f6n k\u00f6zelebb! Az apr\u00f3 elker\u00fcl\u00e9sre utal\u00f3 jelek \u00e9s a t\u00e1mad\u00e1s k\u00f6z\u00f6tt olykor csak m\u00e1sodpercek telnek el, ez\u00e9rt sokszor a gazdik azt hiszik, kuty\u00e1juk kisz\u00e1m\u00edthatatlan vagy nem jelez megfelel\u0151k\u00e9ppen. Sok m\u00falik a \u201ebetolakod\u00f3\u201d k\u00e9tl\u00e1b\u00fa vagy n\u00e9gyl\u00e1b\u00fa testbesz\u00e9d\u00e9n, hogyan k\u00f6zeledik a m\u00e1sik fel\u00e9, l\u00e1tja-e \u00e9s megfelel\u0151en reag\u00e1l-e az elker\u00fcl\u00e9sre utal\u00f3 jelekre.<\/p>\n<p>A p\u00f3r\u00e1zon l\u00e9v\u0151 kuty\u00e1k k\u00fcl\u00f6n\u00f6sen kiszolg\u00e1ltatott helyzetben vannak szabadon l\u00e9v\u0151 t\u00e1rsaikhoz k\u00e9pest, mert az elker\u00fcl\u00e9s vagy a menek\u00fcl\u00e9s nem lehets\u00e9ges. Ez\u00e9rt nagyon fontos, hogy ne engedj\u00fcnk oda p\u00f3r\u00e1zon l\u00e9v\u0151 vagy kik\u00f6t\u00f6tt kuty\u00e1hoz szabadon rohang\u00e1l\u00f3 ebet, illetve ne simogassunk bolt el\u00e9 kik\u00f6t\u00f6tt kuty\u00e1t, b\u00e1rmilyen szomor\u00faan n\u00e9z gazd\u00e1ja ut\u00e1n.<\/p>\n<p>Remek p\u00e9lda erre a saj\u00e1t kuty\u00e1m, Bindi, aki nem szereti, ha m\u00e1sik kutya odarohan hozz\u00e1nk, mik\u00f6zben \u0151 p\u00f3r\u00e1zon s\u00e9t\u00e1l. Ha megl\u00e1t egy m\u00e1sik kuty\u00e1t, elford\u00edtja a tekintet\u00e9t \u00e9s nagyobb \u00edvben kezd el s\u00e9t\u00e1lni, hogy min\u00e9l t\u00e1volabb legyen t\u0151le. Ha nem ker\u00fclhet\u0151 el a tal\u00e1lkoz\u00e1s vagy t\u00fal k\u00f6zel j\u00f6n a m\u00e1sik kutya, \u00f6sszez\u00e1rja a sz\u00e1j\u00e1t, megnyalja az orr\u00e1t, befesz\u00fcl, fej\u00e9t lejjebb szegi. N\u00e9ha elkezd hirtelen szagolgatni, mintha valami \u00e9rdekes szagot fogott volna, net\u00e1n elkezd vakar\u00f3zni vagy \u00e1s\u00edt egyet.<\/p>\n<p>P\u00f3tcselekv\u00e9snek is h\u00edvhatjuk ezeket a viselked\u00e9s elemeket, amelyek alapesetben norm\u00e1lisnak sz\u00e1m\u00edtanak (pl. felkel\u00e9s ut\u00e1n \u00e1s\u00edtani, jutalomfalat l\u00e1tt\u00e1n sz\u00e1jat nyalni), de stresszes \u00e1llapotot is jelezhetnek. Nagyon fontos ezeket az apr\u00f3 testbesz\u00e9d elemeket megfigyelni, miel\u0151tt a nyilv\u00e1nval\u00f3bb jeleket mutatja kuty\u00e1nk (morg\u00e1s, ugat\u00e1s, vicsorg\u00e1s, harap\u00e1s). Ide\u00e1lis esetben kuty\u00e1nk figyelmeztet miel\u0151tt harap, de sok m\u00falik a kor\u00e1bbi \u00e9lm\u00e9nyeken is.<\/p>\n<p>Ha a gazdik nem veszik \u00e9szre az apr\u00f3 jeleket, \u00e9s a kutya megtanulja, hogy csak a morg\u00e1s vagy harap\u00e1s tartja t\u00e1vol a betolakod\u00f3t, akkor egy id\u0151 ut\u00e1n nem fog finoman jelezni, hanem egyb\u0151l t\u00e1mad. A mi reakci\u00f3nk is nagyban befoly\u00e1solja, hogyan reag\u00e1l kuty\u00e1nk a konfliktushelyzetre. Ha befesz\u00fcl\u00fcnk vagy hangosan leszidjuk a kuty\u00e1nkat amikor ugat, azzal csak er\u0151s\u00edtj\u00fck a f\u00e9lelm\u00e9t \u00e9s ezzel egy\u00fctt az agressz\u00edv viselked\u00e9s es\u00e9ly\u00e9t. Kiab\u00e1l\u00e1s, p\u00e1nikol\u00e1s helyett ink\u00e1bb pr\u00f3b\u00e1ljuk megnyugtatni \u00e9s oldani a fesz\u00fclts\u00e9get.<\/p>\n<p>&nbsp;<\/p>\n<p><strong>Hogy lehet az agresszi\u00f3t megel\u0151zni?<\/strong><\/p>\n<p>El\u0151sz\u00f6r is meg kell tudnunk, mi v\u00e1ltja ki az adott kuty\u00e1b\u00f3l az agressz\u00edv viselked\u00e9st, \u00e9s az ilyen helyzeteket elker\u00fclni. Emberekkel szemben \u00e1ltal\u00e1ban f\u00e1jdalom vagy f\u00e9lelem jele lehet az agresszi\u00f3.\u00a0 F\u00e9lelem vagy szorong\u00e1s jele az is, amikor a kutya v\u00e9delmezi a tulajdon\u00e1t (csont, j\u00e1t\u00e9k, fekhely), mert nem akarja, hogy elvegy\u00fck t\u0151le a f\u00e9ltve \u0151rz\u00f6tt t\u00e1rgyat. Nagyon fontos, hogy ne pr\u00f3b\u00e1ljunk semmit elvenni kuty\u00e1nkt\u00f3l er\u0151szakkal \u00e9s ne ny\u00faljunk a t\u00e1lj\u00e1ba, ha eszik. Nagyon sokszor hallom kutyatulajdonosokt\u00f3l, hogy direkt elveszik a kuty\u00e1t\u00f3l a csontot, hogy tesztelj\u00e9k, pedig ezzel csak rontj\u00e1k a helyzetet.<\/p>\n<p>Ha valamit musz\u00e1j elvenn\u00fcnk a kuty\u00e1nkt\u00f3l, aj\u00e1nljunk fel helyette egy jutalomfalatot (csirke, sajt, h\u00fasdarab) vagy tan\u00edtsuk meg neki a \u201ek\u00e9rem\u201d vagy \u201eereszd\u201d sz\u00f3t. Figyelj\u00fcnk a testbesz\u00e9d\u00e9re \u00e9s ha l\u00e1tjuk, hogy befesz\u00fcl, mereven n\u00e9zi k\u00f6zeled\u0151 kez\u00fcnket vagy morog, akkor ne ny\u00faljunk oda! A k\u00f6zhiedelemmel ellent\u00e9tben az agressz\u00edv viselked\u00e9s nem a dominancia jele, \u00e9s nem kell megmutatnunk neki, hogy ki a f\u0151n\u00f6k. Ezzel csak rontunk a helyzeten \u00e9s nagyobb val\u00f3sz\u00edn\u0171s\u00e9ggel harap meg kuty\u00e1nk, mintha b\u00e9k\u00e9n hagyn\u00e1nk.<\/p>\n<p>Vannak, akik a saj\u00e1t fekhely\u00fcket, a kanap\u00e9 bizonyos r\u00e9sz\u00e9t vagy szeretett gazdijukat v\u00e9delmezik. Ilyen esetben fontos a megel\u0151z\u00e9s \u2013 ne zavarjuk a pihen\u0151 kuty\u00e1t, ink\u00e1bb tan\u00edtsuk meg, hogyan kell lemenni a kanap\u00e9r\u00f3l vez\u00e9nysz\u00f3ra.<\/p>\n<p>&nbsp;<\/p>\n<p><strong>Kuty\u00e1k k\u00f6z\u00f6tti agresszi\u00f3<\/strong><\/p>\n<p>Sajnos m\u00e9g mindig sok elavult elm\u00e9let forog k\u00f6zsz\u00e1jon, amiket a fogs\u00e1gban tartott farkasok viselked\u00e9s\u00e9re alapoztak \u00e9s kivet\u00edtett\u00e9k a csal\u00e1di kuty\u00e1ra. A kutya nem farkas, mellesleg a farkasok is nagyon ritk\u00e1n folyamodnak agresszi\u00f3hoz csal\u00e1don bel\u00fcl. Ha j\u00f3l szocializ\u00e1lt a kuty\u00e1nk \u00e9s \u00fcgyesen kommunik\u00e1l fajt\u00e1rsaival, akkor sokkal k\u00f6nnyebben elker\u00fclhetj\u00fck az esetleges konfliktushelyzeteket. Ha viszont nem megfelel\u0151en szocializ\u00e1lunk egy kiskuty\u00e1t vagy rossz \u00e9lm\u00e9nyek \u00e9rik az els\u0151 3-4 h\u00f3napban, akkor nagyobb az es\u00e9lye, hogy viselked\u00e9si probl\u00e9m\u00e1k alakulnak ki k\u00e9s\u0151bb.<\/p>\n<p><img decoding=\"async\" class=\"size-full wp-image-63194 aligncenter\" src=\"https:\/\/julius-k9.com\/wp-content\/uploads\/2019\/01\/dogs-fight3.jpg\" alt=\"Amelyik kutya ugat, az nem harap\" width=\"940\" height=\"679\" srcset=\"https:\/\/julius-k9.com\/wp-content\/uploads\/2019\/01\/dogs-fight3.jpg 940w, https:\/\/julius-k9.com\/wp-content\/uploads\/2019\/01\/dogs-fight3-300x217.jpg 300w, https:\/\/julius-k9.com\/wp-content\/uploads\/2019\/01\/dogs-fight3-768x555.jpg 768w\" sizes=\"(max-width: 940px) 100vw, 940px\" \/><\/p>\n<p>Fontos megjegyezni, hogy a legt\u00f6bb csal\u00e1di kutya csak legv\u00e9gs\u0151 sorban folyamodik agresszi\u00f3hoz \u00e9s nem az a c\u00e9l, hogy a m\u00e1sikban komoly k\u00e1rt tegyen. Azt is \u00e9rdemes kiemelni, hogy minden kutya k\u00fcl\u00f6n egy\u00e9nis\u00e9g \u00e9s nem lehet \u00e1ltal\u00e1nos\u00edtani fajt\u00e1ra sem &#8211; egy Golden Retriever ugyan\u00fagy mutathat agresszi\u00f3t, mint egy csivava.<\/p>\n<p>Tapasztalatom szerint nagyobb es\u00e9llyel verekszenek \u00f6ssze kuty\u00e1k \u00e9rt\u00e9kesnek v\u00e9lt t\u00e1rgyak, \u00e9lelem, fekhely miatt, ez\u00e9rt nagyon fontos, hogy ha t\u00f6bb kuty\u00e1nk van, egym\u00e1st\u00f3l t\u00e1vol etess\u00fck \u0151ket, fel\u00fcgyelj\u00fck \u0151ket j\u00e1t\u00e9k k\u00f6zben \u00e9s csak akkor adjunk pl. csontot nekik, ha nincs bel\u0151le konfliktus. Nem aj\u00e1nlott kutyafuttat\u00f3ba elvinni kuty\u00e1nk kedvenc j\u00e1t\u00e9k\u00e1t, \u00e9s a jutalomfalatot is csak \u00f3vatosan, diszkr\u00e9ten adjuk, nehogy vereked\u00e9s legyen bel\u0151le. T\u00fczel\u0151 szuk\u00e1kon is k\u00f6nnyen \u00f6sszeveszhetnek az ivaros kankuty\u00e1k, ez\u00e9rt is fontos az ivartalan\u00edt\u00e1s mindk\u00e9t nem eset\u00e9ben.<\/p>\n<p>&nbsp;<\/p>\n<p><strong>Mit tegy\u00fcnk, ha \u00f6sszeverekszik k\u00e9t kutya?<\/strong><\/p>\n<p>Ha minden el\u0151vigy\u00e1zatoss\u00e1g ellen\u00e9re \u00f6sszekap kuty\u00e1nk egy m\u00e1sikkal, nagyon fontos, hogy ne pr\u00f3b\u00e1ljunk k\u00f6z\u00e9j\u00fck \u00e1llni vagy a nyak\u00f6rv\u00fck ut\u00e1n ny\u00falni, mert nagy val\u00f3sz\u00edn\u0171s\u00e9ggel mi is megs\u00e9r\u00fcl\u00fcnk. Van n\u00e9h\u00e1ny biztons\u00e1gosabb m\u00f3dszer vereked\u0151 kuty\u00e1k sz\u00e9tv\u00e1laszt\u00e1s\u00e1ra, pl. v\u00edzzel le\u00f6nteni \u0151ket, valamif\u00e9le akad\u00e1lyt rakni k\u00f6z\u00e9j\u00fck (sz\u00e9k, asztal, b\u00e1rmi, ami k\u00e9zn\u00e9l van), vagy \u00e9les zajt csapni. A legjobb persze a megel\u0151z\u00e9s volna, az, hogy gazdik\u00e9nt felismerj\u00fck kuty\u00e1nk testbesz\u00e9d\u00e9t \u00e9s miel\u0151tt vereked\u00e9sre ker\u00fclne a sor, p\u00f3r\u00e1zra rakni kedvenc\u00fcnket \u00e9s elker\u00fclni a konfliktushelyzetet.<\/p>\n<p>A r\u00e9gi k\u00f6zmond\u00e1s teh\u00e1t nem \u00e1llja meg a hely\u00e9t \u2013 amelyik kutya ugat, az ak\u00e1r haraphat is. Minden gazdinak, kuty\u00e1val foglalkoz\u00f3 szakembernek fontos volna megtanulnia \u201ekuty\u00e1ul\u201d \u00e9s akkor megel\u0151zhet\u0151 volna sok baleset.<\/p>\n<p>Ha kuty\u00e1d agresszi\u00f3 jeleit mutatja, k\u00e9rj seg\u00edts\u00e9get tapasztalt, pozit\u00edv meger\u0151s\u00edt\u00e9ssel oktat\u00f3 kutyakik\u00e9pz\u0151t\u0151l.<\/p>\n<p>&nbsp;<\/p>\n<p><em>L\u00e1bady Bea<\/em><\/p>\n<p><em>Akkredit\u00e1lt kutyaviselked\u00e9si tan\u00e1csad\u00f3 \u00e9s tr\u00e9ner<\/em><\/p>\n<p>&nbsp;<\/p>\n","protected":false},"excerpt":{"rendered":"<p>Sok gazdi agg\u00f3dik amiatt, hogy kuty\u00e1ja esetleg megharap valakit vagy \u00f6sszeverekedik m\u00e1sik kuty\u00e1kkal. A f\u00e9lelem val\u00f3s, b\u00e1rmelyik kutya k\u00e9pes harapni, de sok baleset megel\u0151zhet\u0151, ha felismerj\u00fck a kiv\u00e1lt\u00f3 okokat \u00e9s meg\u00e9rtj\u00fck kuty\u00e1nk testbesz\u00e9d\u00e9t. <\/p>\n","protected":false},"author":4,"featured_media":63176,"comment_status":"closed","ping_status":"open","sticky":false,"template":"","format":"standard","meta":{"_acf_changed":false,"footnotes":""},"categories":[211],"tags":[],"class_list":["post-63175","post","type-post","status-publish","format-standard","has-post-thumbnail","hentry","category-blog-hu","category-211","description-off"],"acf":[],"_links":{"self":[{"href":"https:\/\/julius-k9.com\/hu\/wp-json\/wp\/v2\/posts\/63175","targetHints":{"allow":["GET"]}}],"collection":[{"href":"https:\/\/julius-k9.com\/hu\/wp-json\/wp\/v2\/posts"}],"about":[{"href":"https:\/\/julius-k9.com\/hu\/wp-json\/wp\/v2\/types\/post"}],"author":[{"embeddable":true,"href":"https:\/\/julius-k9.com\/hu\/wp-json\/wp\/v2\/users\/4"}],"replies":[{"embeddable":true,"href":"https:\/\/julius-k9.com\/hu\/wp-json\/wp\/v2\/comments?post=63175"}],"version-history":[{"count":0,"href":"https:\/\/julius-k9.com\/hu\/wp-json\/wp\/v2\/posts\/63175\/revisions"}],"wp:featuredmedia":[{"embeddable":true,"href":"https:\/\/julius-k9.com\/hu\/wp-json\/wp\/v2\/media\/63176"}],"wp:attachment":[{"href":"https:\/\/julius-k9.com\/hu\/wp-json\/wp\/v2\/media?parent=63175"}],"wp:term":[{"taxonomy":"category","embeddable":true,"href":"https:\/\/julius-k9.com\/hu\/wp-json\/wp\/v2\/categories?post=63175"},{"taxonomy":"post_tag","embeddable":true,"href":"https:\/\/julius-k9.com\/hu\/wp-json\/wp\/v2\/tags?post=63175"}],"curies":[{"name":"wp","href":"https:\/\/api.w.org\/{rel}","templated":true}]}}