{"id":60687,"date":"2018-11-06T12:28:17","date_gmt":"2018-11-06T12:28:17","guid":{"rendered":"https:\/\/julius-k9.com\/?p=60687"},"modified":"2018-11-06T12:28:17","modified_gmt":"2018-11-06T12:28:17","slug":"9-magyar-fajta-akkor-es-most-a-mudi","status":"publish","type":"post","link":"https:\/\/julius-k9.com\/hu\/9-magyar-fajta-akkor-es-most-a-mudi\/","title":{"rendered":"9 magyar fajta akkor \u00e9s most &#8211; A mudi"},"content":{"rendered":"<p>A m\u00faltban a pulihoz hasonl\u00f3an a mudit is els\u0151sorban p\u00e1sztorok, juh\u00e1szok haszn\u00e1lt\u00e1k hat\u00e9kony seg\u00edt\u0151j\u00fckk\u00e9nt. Szemre tal\u00e1n nem a legmegnyer\u0151bb fajta, \u00e1m, mivel rendelkezik a p\u00e1sztorkuty\u00e1k egyik legfontosabb tulajdons\u00e1g\u00e1val (is), tudniillik a gazda egyetlen szav\u00e1b\u00f3l, f\u00fctty\u00e9b\u0151l, vagy ak\u00e1r pillant\u00e1s\u00e1b\u00f3l is \u00e9rt, sz\u00edvesen tartott\u00e1k legeltet\u0151 \u00e1llattart\u00e1son alapul\u00f3 gazdas\u00e1gban. Amelyik feladatot m\u00e1s terel\u0151kutya t\u00edz- vagy ak\u00e1r h\u00fasszori gyakorl\u00e1sb\u00f3l saj\u00e1t\u00edt el, a mudi sokszor k\u00e9t-h\u00e1rom alkalom ut\u00e1n t\u00f6k\u00e9letesen v\u00e9gzi. Tov\u00e1bbi el\u0151nyei, hogy nagyon j\u00f3 munkab\u00edr\u00e1s\u00fa, h\u00e1z\u0151rz\u0151nek is haszn\u00e1lhat\u00f3 \u00e9s \u00e1pol\u00e1s\u00e1t tekintve ig\u00e9nytelen. Mivel \u00e9ber, jelz\u0151kutyak\u00e9nt is els\u0151 oszt\u00e1ly\u00fa, r\u00e1ad\u00e1sul \u00e9letideje el\u00e9rheti a tizenhat \u00e9vet is, ami egy paraszti gazdas\u00e1gban szint\u00e9n fontos szempont lehet. Skandin\u00e1vi\u00e1ban egyre nagyobb n\u00e9pszer\u0171s\u00e9gnek \u00f6rvend, tal\u00e1n sokoldal\u00fas\u00e1ga, tal\u00e1n m\u00e1s, ismertebb fajt\u00e1kn\u00e1l jellemz\u0151, \u00f6r\u00f6kletes betegs\u00e9geinek hi\u00e1nya miatt.<\/p>\n<p>Manaps\u00e1g sokan lak\u00e1sban, szobakuty\u00e1nak tartanak mudit, ami a kuty\u00e1nak ugyan nem a legide\u00e1lisabb, de naponta t\u00f6bbsz\u00f6ri akt\u00edv, kuty\u00e1t lef\u00e1raszt\u00f3 s\u00e9t\u00e1ltat\u00e1ssal, futtat\u00e1ssal j\u00f3l viseli a napk\u00f6zbeni bez\u00e1rts\u00e1got. Ha sokat hagyjuk egyed\u00fcl a lak\u00e1sban, rossz szok\u00e1sokat vehet fel. P\u00e9ld\u00e1ul a f\u00f6l\u00f6sleges ugat\u00e1st. Merthogy a mudi alapvet\u0151en sokkal kev\u00e9sb\u00e9 ugat\u00f3s, mint hasonsz\u0151r\u0171 t\u00e1rsai, a puli \u00e9s pumi. Mivel a mudinak a gazda a mindene, szem\u00e9ly\u00e9ben igazi h\u0171s\u00e9ges, k\u00edv\u00e1ns\u00e1gunkat les\u0151 t\u00e1rsra tal\u00e1lhatunk benne. Hihetetlennek hangzik, de a mudi \u00fagy k\u00e9pes lesni a gazda k\u00edv\u00e1ns\u00e1g\u00e1t, hogy k\u00f6zben m\u00e9g v\u00e9letlen\u00fcl sem tolakod\u00f3. Ink\u00e1bb elb\u00fajik sz\u00e9k, asztal al\u00e1, hogy ne legyen l\u00e1b alatt, \u00e9s onnan figyel, h\u00e1tha sz\u00fcks\u00e9g van r\u00e1. Rendk\u00edv\u00fcli intelligenci\u00e1ja miatt k\u00f6nnyen \u00e9s gyorsan tanul k\u00fcl\u00f6nb\u00f6z\u0151 feladatokat, de mivel \u0151si \u00f6szt\u00f6nei els\u0151sorban a ny\u00e1j terel\u00e9s\u00e9re teszik kiv\u00e1l\u00f3an alkalmass\u00e1, ne v\u00e1rjunk t\u0151le teljesen m\u00e1s fajt\u00e1kra jellemz\u0151 k\u00e9pess\u00e9geket. Gyors felfog\u00f3k\u00e9pess\u00e9ge miatt agility versenyekre is alkalmas. M\u00e9g id\u0151sebb kor\u00e1ra is \u00e9l\u00e9nk, j\u00e1t\u00e9kos kedv\u0171 marad, egy \u00f6reg mudival is kit\u0171n\u0151en lehet bolondozni. A gazdi, a csal\u00e1d gyermekei is nyugodtan j\u00e1tszhatnak a mudival, igen j\u00f3l t\u0171ri a \u201eny\u00faz\u00e1st\u201d. Aligha kell f\u00e9lteni gyermek\u00fcnket att\u00f3l, hogy kuty\u00e1nk megharapja. A mudi j\u00f3l kij\u00f6n egy\u00e9b h\u00e1zi\u00e1llatokkal, m\u00e1s kuty\u00e1kkal is. \u00c9rzi a gazda kisug\u00e1rz\u00e1s\u00e1n, hogy ha bar\u00e1t j\u00f6n, \u00e9s azokat melegen \u00fcdv\u00f6zli.<\/p>\n<p><img fetchpriority=\"high\" decoding=\"async\" class=\"aligncenter size-full wp-image-60702\" src=\"https:\/\/ujoldal.julius-k9.com\/wp-content\/uploads\/2018\/11\/mudi-4-5.jpg\" alt=\"9 magyar fajta akkor \u00e9s most \u2013 A mudi\" width=\"940\" height=\"416\" \/><\/p>\n<p><em>Ivanics Mih\u00e1lyt,<\/em> az Erd\u0151sm\u00e1rokon \u00e9l\u0151 kecsk\u00e9s \u00e9s juhos gazd\u00e1t k\u00e9rdeztem mudi kuty\u00e1ir\u00f3l, a gazdas\u00e1gban dolgoz\u00f3 k\u00e9t szuk\u00e1r\u00f3l. Csiba \u00e9s Morg\u00f3 most h\u00e9t- \u00e9s h\u00e1rom\u00e9vesek.<\/p>\n<ul>\n<li><strong>Magyar parlagi kecskeny\u00e1jad van, amit id\u00e9nyben naponta viszel legel\u0151re. H\u00e1ny darab kecsk\u00e9t jelent ez?<\/strong><\/li>\n<li>Igen, mindennap kimegy\u00fcnk, m\u00e9g es\u0151ben is. Szoktat\u00e1s k\u00e9rd\u00e9se. A parlagi \u00e1llom\u00e1ny jelenleg negyven darab kecsk\u00e9b\u0151l \u00e1ll.<\/li>\n<li><strong>Ehhez a sz\u00e1moss\u00e1ghoz m\u00e1r kell k\u00e9t terel\u0151kutya?<\/strong><\/li>\n<li>Nem, nem kell. \u00c9n biztons\u00e1gi megfontol\u00e1sb\u00f3l tartok kett\u0151t. Hogyha az egyikkel ne adj\u2019 Isten t\u00f6rt\u00e9nne valami, a m\u00e1sik kuty\u00e1val m\u00e9g mindig tudom a k\u00edv\u00e1nt ir\u00e1nyba hajtatni a kecsk\u00e9ket. Magamban teljesen es\u00e9lytelen lenn\u00e9k.<\/li>\n<li><strong>Amikor k\u00e9t kuty\u00e1val vagy kint egyszerre, \u00f6sszedolgoznak?<\/strong><\/li>\n<li>Nem mondhatn\u00e1m. Az id\u0151sebb Csiba t\u00f6bbnyire hagyja \u00e9rv\u00e9nyes\u00fclni Morg\u00f3t.<\/li>\n<li><strong>V\u00e9letlen\u00fcl lettek szuk\u00e1id, vagy sz\u00e1nd\u00e9kos v\u00e1laszt\u00e1s volt?<\/strong><\/li>\n<li>Terel\u00e9si k\u00e9pess\u00e9gben szerintem nincs k\u00fcl\u00f6nbs\u00e9g a nemek k\u00f6z\u00f6tt, de ha egy kan kutya t\u00fczel\u0151 szuk\u00e1t \u00e9rez a k\u00f6zelben, nemi \u00f6szt\u00f6nei mindent fel\u00fcl\u00edrnak, \u00e9s akkor nem lehet sz\u00e1m\u00edtani r\u00e1. A szuka pedig akkor is kezelhet\u0151, ha \u00e9pp t\u00fczel.<\/li>\n<li><strong>Mennyi id\u0151s kor\u00e1t\u00f3l lehet c\u00e9lir\u00e1nyosan k\u00e9pezni egy mudit?<\/strong><\/li>\n<li>P\u00e1r h\u00f3naposan m\u00e1r lehet vele gyakorolni. Min\u00e9l kor\u00e1bban j\u00f3 kezdeni. Csiba m\u00e1r f\u00e9l \u00e9ves kor\u00e1ban nemcsak terelni, hanem konkr\u00e9tan megford\u00edtani is k\u00e9pes volt a ny\u00e1jat!<\/li>\n<li><strong>Mi a legfontosabb k\u00e9pess\u00e9g egy terel\u0151kuty\u00e1n\u00e1l?<\/strong><\/li>\n<li>Tal\u00e1n \u00e9rdekes, de egy nagyon egyszer\u0171 dolog: a beh\u00edvhat\u00f3s\u00e1g. Hogy mindig, minden k\u00f6r\u00fclm\u00e9nyek k\u00f6z\u00f6tt hallgasson a gazd\u00e1j\u00e1ra, vissza lehessen h\u00edvni. Csakis akkor lehet dolgozni egy kuty\u00e1val, ha ez m\u0171k\u00f6dik.<\/li>\n<li><strong>Terel\u00e9sen k\u00edv\u00fcl milyen feladatokat l\u00e1tnak m\u00e9g el a kuty\u00e1id?<\/strong><\/li>\n<li>Nagyon j\u00f3 h\u00e1z\u0151rz\u0151k \u00e9s jelz\u0151kuty\u00e1k is. Nem f\u00e9lnek az \u00f6rd\u00f6gt\u0151l sem. A h\u00e1z k\u00f6r\u00fcli udvaron csak az utcafronton van ker\u00edt\u00e9s, de sosem mennek el. M\u00e9g kisebb \u00e1llatokat hajkur\u00e1szni sem. Viszont el\u0151fordult m\u00e1r, hogy haraptak meg embert, aki a kapun bej\u00f6tt. Minden szempontb\u00f3l t\u00f6k\u00e9letesen bev\u00e1ltak. Csak aj\u00e1nlani tudom \u0151ket.<\/li>\n<li><strong>Mire figyelj\u00fcnk a kutya kiv\u00e1laszt\u00e1sakor, ha mudit szeretn\u00e9nk?<\/strong><\/li>\n<li>Mindenk\u00e9pp olyan teny\u00e9szt\u0151t keress\u00fcnk, ahonnan j\u00f3 idegrendszer\u0171 kuty\u00e1t kaphatunk. Ez fontos.<\/li>\n<li><strong>\u00dagy \u00e9rzem, el\u00e9gedett vagy a fajt\u00e1val\u2026<\/strong><\/li>\n<li>T\u00f6k\u00e9letesen bev\u00e1ltak. Csak aj\u00e1nlani tudom \u0151ket.<\/li>\n<\/ul>\n<p><em>B\u00e1nyai M\u00e1rk<\/em><\/p>\n<p>&nbsp;<\/p>\n<p><strong>Felhaszn\u00e1lt forr\u00e1sok:<\/strong><\/p>\n<p><a href=\"http:\/\/www.origo.hu\/tudomany\/20130927-magyar-kutyafajtak-mudi.html\" target=\"_blank\" rel=\"noopener\">http:\/\/www.origo.hu\/tudomany\/20130927-magyar-kutyafajtak-mudi.html<\/a><\/p>\n<p><a href=\"http:\/\/kutyafajtak.hu\/mudi-kutya\" target=\"_blank\" rel=\"noopener\">http:\/\/kutyafajtak.hu\/mudi-kutya<\/a><\/p>\n<p><a href=\"https:\/\/www.amarqt.com\/allatok\/kutya\/mudi\/\" target=\"_blank\" rel=\"noopener\">https:\/\/www.amarqt.com\/allatok\/kutya\/mudi\/<\/a><\/p>\n<p><a href=\"https:\/\/hu.wikipedia.org\/wiki\/Mudi\" target=\"_blank\" rel=\"noopener\">https:\/\/hu.wikipedia.org\/wiki\/Mudi<\/a><\/p>\n<p><a href=\"http:\/\/www.mudimento.hu\/\" target=\"_blank\" rel=\"noopener\">http:\/\/www.mudimento.hu\/<\/a><\/p>\n<p>&nbsp;<\/p>\n","protected":false},"excerpt":{"rendered":"<p>A m\u00faltban a pulihoz hasonl\u00f3an a mudit is els\u0151sorban p\u00e1sztorok, juh\u00e1szok haszn\u00e1lt\u00e1k hat\u00e9kony seg\u00edt\u0151j\u00fckk\u00e9nt. Szemre tal\u00e1n nem a legmegnyer\u0151bb fajta, \u00e1m, mivel rendelkezik a p\u00e1sztorkuty\u00e1k egyik legfontosabb tulajdons\u00e1g\u00e1val (is), tudniillik a gazda egyetlen szav\u00e1b\u00f3l, f\u00fctty\u00e9b\u0151l, vagy ak\u00e1r pillant\u00e1s\u00e1b\u00f3l is \u00e9rt, sz\u00edvesen tartott\u00e1k legeltet\u0151 \u00e1llattart\u00e1son alapul\u00f3 gazdas\u00e1gban.<\/p>\n","protected":false},"author":4,"featured_media":60693,"comment_status":"closed","ping_status":"open","sticky":false,"template":"","format":"standard","meta":{"_acf_changed":false,"footnotes":""},"categories":[211],"tags":[],"class_list":["post-60687","post","type-post","status-publish","format-standard","has-post-thumbnail","hentry","category-blog-hu","category-211","description-off"],"acf":[],"_links":{"self":[{"href":"https:\/\/julius-k9.com\/hu\/wp-json\/wp\/v2\/posts\/60687","targetHints":{"allow":["GET"]}}],"collection":[{"href":"https:\/\/julius-k9.com\/hu\/wp-json\/wp\/v2\/posts"}],"about":[{"href":"https:\/\/julius-k9.com\/hu\/wp-json\/wp\/v2\/types\/post"}],"author":[{"embeddable":true,"href":"https:\/\/julius-k9.com\/hu\/wp-json\/wp\/v2\/users\/4"}],"replies":[{"embeddable":true,"href":"https:\/\/julius-k9.com\/hu\/wp-json\/wp\/v2\/comments?post=60687"}],"version-history":[{"count":0,"href":"https:\/\/julius-k9.com\/hu\/wp-json\/wp\/v2\/posts\/60687\/revisions"}],"wp:featuredmedia":[{"embeddable":true,"href":"https:\/\/julius-k9.com\/hu\/wp-json\/wp\/v2\/media\/60693"}],"wp:attachment":[{"href":"https:\/\/julius-k9.com\/hu\/wp-json\/wp\/v2\/media?parent=60687"}],"wp:term":[{"taxonomy":"category","embeddable":true,"href":"https:\/\/julius-k9.com\/hu\/wp-json\/wp\/v2\/categories?post=60687"},{"taxonomy":"post_tag","embeddable":true,"href":"https:\/\/julius-k9.com\/hu\/wp-json\/wp\/v2\/tags?post=60687"}],"curies":[{"name":"wp","href":"https:\/\/api.w.org\/{rel}","templated":true}]}}