{"id":60586,"date":"2018-11-05T09:03:28","date_gmt":"2018-11-05T09:03:28","guid":{"rendered":"https:\/\/julius-k9.com\/?p=60586"},"modified":"2023-09-25T06:02:38","modified_gmt":"2023-09-25T06:02:38","slug":"tudomanyosan-bizonyitott-a-julius-k9-kutyahamok-komfortossaga","status":"publish","type":"post","link":"https:\/\/julius-k9.com\/hu\/tudomanyosan-bizonyitott-a-julius-k9-kutyahamok-komfortossaga\/","title":{"rendered":"Tudom\u00e1nyosan bizony\u00edtott a JULIUS-K9\u00ae kutyah\u00e1mok komfortoss\u00e1ga"},"content":{"rendered":"<p>Az al\u00e1bbi kutat\u00e1si jelent\u00e9s k\u00fcl\u00f6nb\u00f6z\u0151 kutyah\u00e1mok mozg\u00e1sra gyakorolt hat\u00e1s\u00e1nak biomechanikai vizsg\u00e1lat\u00e1t tartalmazza.<\/p>\n<p><strong>T\u00e9mavezet\u0151:<\/strong><br \/>\nDr. Kiss Rita<br \/>\n<em>egyetemi tan\u00e1r, MTA doktora<\/em><\/p>\n<p><strong>Kutat\u00e1s vezet\u0151je:<\/strong><br \/>\nNagym\u00e1t\u00e9 Gergely<br \/>\n<em>Tudom\u00e1nyos seg\u00e9dmunkat\u00e1rs<\/em><\/p>\n<p><strong>A kuty\u00e1kat \u00e9s h\u00e1mokat biztos\u00edtotta:<\/strong><br \/>\nJulius-K9 Zrt.<\/p>\n<p><strong>F\u00fcggetlen tan\u00e1csad\u00f3:<\/strong><br \/>\nDr. Biksi Ot\u00edlia<br \/>\n<em>Magyar Kis\u00e1llat Fizioter\u00e1pi\u00e1s T\u00e1rsas\u00e1g eln\u00f6ke<\/em><\/p>\n<p>A vizsg\u00e1lat c\u00e9lja meg\u00e1llap\u00edtani, hogy a megrendel\u0151 c\u00e9g k\u00fcl\u00f6nb\u00f6z\u0151 h\u00e1mjainak visel\u00e9se hogyan v\u00e1ltoztatja meg a kuty\u00e1k j\u00e1r\u00e1skinematik\u00e1j\u00e1t a szabadon t\u00f6rt\u00e9n\u0151 (p\u00f3r\u00e1z n\u00e9lk\u00fcli) mozg\u00e1shoz k\u00e9pest. A laborat\u00f3rium korl\u00e1tozott m\u00e9retei miatt a vizsg\u00e1lat egy r\u00e9sze fut\u00f3padon t\u00f6rt\u00e9nt. A k\u00e9nyszer\u00edtett sebess\u00e9g \u00e9s szabad j\u00e1r\u00e1s okozta k\u00fcl\u00f6nbs\u00e9g a vizsg\u00e1lat korl\u00e1tja, ennek kik\u00fcsz\u00f6b\u00f6l\u00e9s\u00e9re n\u00e9h\u00e1ny l\u00e9p\u00e9ses szabadon t\u00f6rt\u00e9n\u0151 mozg\u00e1s, mint kontrollmozg\u00e1s is r\u00f6gz\u00edt\u00e9sre ker\u00fclt. A mozg\u00e1st t\u00e1vols\u00e1g- \u00e9s sz\u00f6gjelleg\u0171 param\u00e9terekkel (l\u00e9p\u00e9ssz\u00e9less\u00e9g, l\u00e9p\u00e9s magass\u00e1ga \u00e9s hossza, gerinc \u00e9s v\u00e9gtag szegmensek k\u00f6z\u00f6tti sz\u00f6gek) jellemezt\u00fck. A vizsg\u00e1latban 5, fut\u00f3padon t\u00f6rt\u00e9n\u0151 j\u00e1r\u00e1sra is idom\u00edtott kutya vett r\u00e9szt. A vizsg\u00e1latokat a k\u00f6vetkez\u0151 t\u00e9nyez\u0151k minden kombin\u00e1ci\u00f3j\u00e1ban elv\u00e9gezt\u00fck: a k\u00fcl\u00f6nb\u00f6z\u0151 h\u00e1mokban \u00e9s h\u00e1mok n\u00e9lk\u00fcl, p\u00f3r\u00e1zzal visszatartva \u00e9s p\u00f3r\u00e1z n\u00e9lk\u00fcl, fut\u00f3padon \u00e9s talajon. A mozg\u00e1st le\u00edr\u00e1s\u00e1hoz sz\u00fcks\u00e9ges mozg\u00e1sparam\u00e9tereket kijel\u00f6lt pontok t\u00e9rbeli koordin\u00e1t\u00e1j\u00e1b\u00f3l sz\u00e1m\u00edtottuk, amelyet 3 dimenzi\u00f3s optikai mozg\u00e1sr\u00f6gz\u00edt\u0151 rendszerrel (motion capture) r\u00f6gz\u00edtett\u00fcnk. A kuty\u00e1k mozg\u00e1s\u00e1t le\u00edr\u00f3 param\u00e9terek szignifik\u00e1nsan elt\u00e9rnek fut\u00f3padon \u00e9s talajon. Ennek oka v\u00e9lhet\u0151en a k\u00e9nyszer\u00edtett sebess\u00e9g \u00e9s a szabad j\u00e1r\u00e1s okozta k\u00fcl\u00f6nbs\u00e9gb\u0151l sz\u00e1rmaz\u00f3 j\u00e1r\u00e1sm\u00f3d. A k\u00fcl\u00f6nb\u00f6z\u0151 h\u00e1mok visel\u00e9se nem befoly\u00e1solta a j\u00e1r\u00e1sk\u00e9pet, mivel egyik param\u00e9ter eset\u00e9n sem tal\u00e1ltunk szignifik\u00e1ns elt\u00e9r\u00e9st. P\u00f3r\u00e1zzal visszatartott esetekben mindegyik h\u00e1m eset\u00e9n a j\u00e1r\u00e1sk\u00e9p v\u00e1ltoz\u00e1sa hasonl\u00f3. Felt\u00e9telezhet\u0151en a p\u00f3r\u00e1z h\u00faz\u00e1s\u00e1ra reag\u00e1lva a kutya lassabb j\u00e1r\u00e1sm\u00f3dra t\u00e9rt \u00e1t (\u00fcget\u00e9sb\u0151l s\u00e9ta). Az azonos k\u00e9nyszersebess\u00e9g\u0171 fut\u00f3szalagos j\u00e1r\u00e1sok sor\u00e1n a p\u00f3r\u00e1z h\u00faz\u00e1sa sem befoly\u00e1solta a kuty\u00e1k j\u00e1r\u00e1s\u00e1t az alkalmazott h\u00e1mokban, mivel a param\u00e9terek k\u00f6z\u00f6tt nem tudtunk szignifik\u00e1ns k\u00fcl\u00f6nbs\u00e9get kimutatni.<\/p>\n<p>\u00d6sszefoglalva, a vizsg\u00e1lt h\u00e1mok visel\u00e9se \u00e9s p\u00f3r\u00e1zzal h\u00faz\u00e1sa nem befoly\u00e1solj\u00e1k a j\u00e1r\u00e1s kinematik\u00e1j\u00e1t, csak a kutya k\u00fcl\u00f6nb\u00f6z\u0151 sebess\u00e9g\u0171 term\u00e9szetes j\u00e1r\u00e1sm\u00f3djai k\u00f6z\u00f6tt okozhat v\u00e1lt\u00e1st &#8211; nevel\u00e9s eredm\u00e9nyek\u00e9nt &#8211; a p\u00f3r\u00e1z haszn\u00e1lata.<\/p>\n<p><a href=\"https:\/\/julius-k9.com\/pdf\/tudomanyos-kutatas.pdf\">Teljes kutat\u00e1si anyag let\u00f6lt\u00e9se<\/a><\/p>\n","protected":false},"excerpt":{"rendered":"<p>Az al\u00e1bbi kutat\u00e1si jelent\u00e9s k\u00fcl\u00f6nb\u00f6z\u0151 kutyah\u00e1mok mozg\u00e1sra gyakorolt hat\u00e1s\u00e1nak biomechanikai vizsg\u00e1lat\u00e1t tartalmazza.<\/p>\n","protected":false},"author":7,"featured_media":60590,"comment_status":"closed","ping_status":"open","sticky":false,"template":"","format":"standard","meta":{"_acf_changed":false,"footnotes":""},"categories":[223],"tags":[],"class_list":["post-60586","post","type-post","status-publish","format-standard","has-post-thumbnail","hentry","category-news-category-hu","category-223","description-off"],"acf":[],"_links":{"self":[{"href":"https:\/\/julius-k9.com\/hu\/wp-json\/wp\/v2\/posts\/60586","targetHints":{"allow":["GET"]}}],"collection":[{"href":"https:\/\/julius-k9.com\/hu\/wp-json\/wp\/v2\/posts"}],"about":[{"href":"https:\/\/julius-k9.com\/hu\/wp-json\/wp\/v2\/types\/post"}],"author":[{"embeddable":true,"href":"https:\/\/julius-k9.com\/hu\/wp-json\/wp\/v2\/users\/7"}],"replies":[{"embeddable":true,"href":"https:\/\/julius-k9.com\/hu\/wp-json\/wp\/v2\/comments?post=60586"}],"version-history":[{"count":1,"href":"https:\/\/julius-k9.com\/hu\/wp-json\/wp\/v2\/posts\/60586\/revisions"}],"predecessor-version":[{"id":169243,"href":"https:\/\/julius-k9.com\/hu\/wp-json\/wp\/v2\/posts\/60586\/revisions\/169243"}],"wp:featuredmedia":[{"embeddable":true,"href":"https:\/\/julius-k9.com\/hu\/wp-json\/wp\/v2\/media\/60590"}],"wp:attachment":[{"href":"https:\/\/julius-k9.com\/hu\/wp-json\/wp\/v2\/media?parent=60586"}],"wp:term":[{"taxonomy":"category","embeddable":true,"href":"https:\/\/julius-k9.com\/hu\/wp-json\/wp\/v2\/categories?post=60586"},{"taxonomy":"post_tag","embeddable":true,"href":"https:\/\/julius-k9.com\/hu\/wp-json\/wp\/v2\/tags?post=60586"}],"curies":[{"name":"wp","href":"https:\/\/api.w.org\/{rel}","templated":true}]}}