{"id":60247,"date":"2018-10-26T08:56:02","date_gmt":"2018-10-26T08:56:02","guid":{"rendered":"https:\/\/julius-k9.com\/?p=60247"},"modified":"2018-10-26T08:56:02","modified_gmt":"2018-10-26T08:56:02","slug":"9-magyar-fajta-akkor-es-most-a-puli","status":"publish","type":"post","link":"https:\/\/julius-k9.com\/hu\/9-magyar-fajta-akkor-es-most-a-puli\/","title":{"rendered":"9 magyar fajta akkor \u00e9s most &#8211; A puli"},"content":{"rendered":"<p>Legr\u00e9gebbi magyar kutyafajt\u00e1ink egyike, a puli manaps\u00e1g haz\u00e1nkban \u00e9s vil\u00e1gszerte is egyre nagyobb n\u00e9pszer\u0171s\u00e9gnek \u00f6rvend. Ut\u00f3bbi k\u00f6sz\u00f6nhet\u0151 t\u00f6bbek k\u00f6z\u00f6tt a Facebook alap\u00edt\u00f3 v\u00e1llalkoz\u00f3-celeb Mark Zuckerberg fajtav\u00e1laszt\u00e1s\u00e1nak is: az \u00fariember feles\u00e9g\u00e9vel egy\u00fctt egy feh\u00e9r puli, Beast (Sz\u00f6rny) boldog tulajdonosa.<\/p>\n<p>Hazai k\u00f6r\u00f6kb\u0151l eml\u00edthetj\u00fck Trok\u00e1n N\u00f3ra sz\u00edn\u00e9szn\u0151t, akinek Bogy\u00f3 n\u00e9vre hallgat\u00f3, fekete puli \u00e9des\u00edti, sz\u00ednes\u00edti mindennapjait. A K\u00e9pm\u00e1s has\u00e1bjain \u00edgy nyilatkozott kuty\u00e1j\u00e1r\u00f3l: \u201e<em>Minden pillanat boldogs\u00e1g vele. Annyira odaad\u00f3 \u00e9s t\u00fcrelmes, olyan okos! Mindenki szereti. Ha valahol megjelenek, \u00e9s nincs velem, m\u00e1r k\u00e9rdezik: \u201eBogy\u00f3?\u201d A puli az puli, nem kutya. Mindenhol szemmel tart, vigy\u00e1z r\u00e1m \u00e9s mindenkire, aki velem van. Terelget, k\u00f6rbeszaladg\u00e1l, nehogy sz\u00e9tsz\u00e9ledjen a ny\u00e1j. Mindenhov\u00e1 viszem magammal. Kell neki a szabads\u00e1g, a t\u00e9r, ha nem kertes h\u00e1zban lakn\u00e9k, nem is jutott volna eszembe, hogy pulim legyen.\u201d<\/em><\/p>\n<p>De mi\u00e9rt is v\u00e1laszt ma valaki egy \u0151si terel\u0151\u00f6szt\u00f6n\u00f6kkel rendelkez\u0151 kutyafajt\u00e1t? Persze sokan <strong>divatb\u00f3l<\/strong>, ahogy az a fentiekb\u0151l is kit\u0171nik, de a <strong>tudatos kutyav\u00e1s\u00e1rl\u00f3<\/strong> (vagy \u00f6r\u00f6kbefogad\u00f3) v\u00e1laszt\u00e1sa nem v\u00e9letlen esik erre a fajt\u00e1ra: a puli rendk\u00edv\u00fcl sok vonz\u00f3 tulajdons\u00e1ggal b\u00edr, amit a mai, ak\u00e1r v\u00e1rosi k\u00f6rnyezetben \u00e9l\u0151 gazdi is \u00e9rt\u00e9kelhet, \u00e9s amely tulajdons\u00e1gok els\u0151 oszt\u00e1ly\u00fa h\u00e1z\u0151rz\u0151v\u00e9, szeretetre m\u00e9lt\u00f3 csal\u00e1di kedvencc\u00e9 tehetik.<\/p>\n<p>A puli \u00e9l\u00e9nk v\u00e9rm\u00e9rs\u00e9klet\u0171, k\u00edv\u00e1ncsi term\u00e9szet, intelligens, k\u00f6nnyen tan\u00edthat\u00f3, f\u00fcrge kutya, teh\u00e1t els\u0151sorban ma is nyitott t\u00e9rbe, udvarra aj\u00e1nlott. Kiv\u00e1l\u00f3 h\u00e1z\u0151rz\u0151, a csal\u00e1dtagokkal, bar\u00e1tokkal kedves, idegenekkel szemben gyanakv\u00f3, \u00f3vatos. J\u00f3 \u00e1ll\u00f3k\u00e9pess\u00e9g\u0171, <strong>agility versenyekre is kiv\u00e1l\u00f3<\/strong>. Ha lak\u00e1sban tartjuk, naponta t\u00f6bbsz\u00f6ri s\u00e9t\u00e1ltat\u00e1ssal kell kiel\u00e9g\u00edten\u00fcnk hatalmas mozg\u00e1sig\u00e9ny\u00e9t. Mint b\u00e1rmely m\u00e1s fajt\u00e1n\u00e1l, a pulin\u00e1l is aj\u00e1nlott a megfelel\u0151 id\u0151ben (kor\u00e1n) elkezdett szocializ\u00e1ci\u00f3, hogy megb\u00edzhat\u00f3, stabil term\u00e9szet\u0171 kuty\u00e1v\u00e1 v\u00e1ljon. B\u00e1r v\u00e9rm\u00e9rs\u00e9klete miatt a puli lehet t\u00falzottan pajkos is, k\u00f6vetkezetes, gondos gazdi mellett kiv\u00e1l\u00f3 h\u00e1z\u0151rz\u0151, \u00e9ber jelz\u0151kutya, vid\u00e1m t\u00e1rsa lesz a csal\u00e1dnak.<\/p>\n<p>Nagyon eleven, mindig kuty\u00e1t \u201eny\u00fazni\u201d akar\u00f3 gyerekek mell\u00e9 nem aj\u00e1nlott, de <strong>nyugodtabb gyermekkel j\u00f3l megvan<\/strong>. Pulin\u00e1l gyakran megfigyelhet\u0151 (ahogy Trok\u00e1n sz\u00edn\u00e9szn\u0151 is utalt r\u00e1), hogy <em>\u201e\u00f6ssze akarja terelni\u201d<\/em> a n\u00e1la nagyobbakat \u2013 embereket is. Kisebb test\u0171 \u00e1llatot hajlamos kergetni.<\/p>\n<p>\u00cdr\u00f3ink is el\u0151szeretettel h\u00edvt\u00e1k be reg\u00e9nyeik, novell\u00e1ik szerepl\u0151i k\u00f6z\u00e9 a pulit \u2013 t\u00f6bb ismert magyar m\u0171ben is felt\u0171nik. B\u00e1r Fekete Istv\u00e1n <em>T\u00fcskev\u00e1r<\/em> c\u00edm\u0171 m\u0171v\u00e9ben nem der\u00fcl ki egy\u00e9rtelm\u0171en, azonban a szerz\u0151 kutyajellem-\u00e1br\u00e1zol\u00e1sa egy\u00e9rtelm\u0171en pulira utal. A filmadapt\u00e1ci\u00f3ban Balogh Gy\u00f6rgy rendez\u0151 Tari J\u00f3zsef s\u00e1ndorfalvi aranykoszor\u00fas teny\u00e9szt\u0151 pulij\u00e1t, Napf\u00e9nyv\u00e1rosi-Csahos Ducit (becenev\u00e9n Csipk\u00e9t) szerepelteti. A rendez\u0151 fontosnak \u00e9rezte, hogy a film \u00e1llatszerepl\u0151je k\u00fcllem\u00e9vel is m\u00e9lt\u00f3n k\u00e9pviselje a vil\u00e1g filmk\u00f6z\u00f6ns\u00e9ge fel\u00e9 ezt az <strong>\u0151si, gy\u00f6ny\u00f6r\u0171 magyar fajt\u00e1t.<\/strong><\/p>\n<p>A r\u00e9gm\u00falt id\u0151k kis-balatoni t\u00e1jle\u00edr\u00e1s\u00e1ba, Matula b\u00e1csi \u00e9s bar\u00e1tai k\u00f6r\u00e9be is sz\u00e9pen illeszkedik a puli:<\/p>\n<p><em>\u201eAmikor \u00e1tcs\u00f3nak\u00e1ztak a t\u00fals\u00f3 partra, Csikasz azonnal Matula mell\u00e9 \u00e1llt, el\u0151bb azonban egy-k\u00e9t vakkant\u00e1ssal elmondta, hogy balj\u00f3s sejtelmei vannak a l\u00e9gk\u00f6ri viszonyokat illet\u0151leg. \u2013 J\u00f3l van, no \u2013 legyintette meg Matula a szorong\u00f3 \u0151rszemet \u2013, mink is tudjuk. Eredj el\u0151re. S Csikasz azonnal az \u00e9lre \u00e1llt, de vissza-visszafordult, mintha \u00e1lland\u00f3an ellen\u0151rizte volna: j\u00f6nnek-e ezek a parancsol\u00f3 szem\u00e9lyek.\u201d<\/em><\/p>\n<p>Manaps\u00e1g a pulit kevesen alkalmazz\u00e1k \u201erendeltet\u00e9sszer\u0171en\u201d. <strong>Istv\u00e1n<\/strong> ilyen gazda. Szarvas melletti tany\u00e1j\u00e1n \u00e9l\u0151 juh\u00e1sz, \u0151 besz\u00e9lt nekem Szigfrid nev\u0171 kuty\u00e1j\u00e1r\u00f3l.<\/p>\n<ul>\n<li><strong>Mi\u00f3ta foglalkozol juhokkal?<\/strong><\/li>\n<li>Tizenhat \u00e9ve. Volt, hogy \u00f6tven\u00f6t merin\u00f3i jerk\u00e9m volt, meg n\u00e9gy kos. Most huszonegy racka a teljes \u00e1llom\u00e1ny. Csak a terel\u0151kutya fajt\u00e1ja nem v\u00e1ltozott az \u00e9vek alatt. Az mindig puli.<\/li>\n<li><strong>Nem is b\u00edzn\u00e1l m\u00e1s fajt\u00e1ban?<\/strong><\/li>\n<li>Nem tudom. Sosem volt m\u00e1s fajta kuty\u00e1m, de nem is akartam m\u00e1sikkal pr\u00f3b\u00e1lkozni. A puli t\u00f6k\u00e9letesen bev\u00e1lt.<\/li>\n<li><strong>Egy puli mag\u00e1t\u00f3l tudja a dolg\u00e1t, vagy sokat kell foglalkozni vele, hogy j\u00f3 terel\u0151 legyen?<\/strong><\/li>\n<li>Pulik k\u00f6z\u00f6tt is vannak r\u00e1termettebbek, meg kev\u00e9sb\u00e9 talpraesettek. Persze, foglalkozni kell vel\u00fck \u2013 egy j\u00f3 k\u00e9pess\u00e9g\u0171 kuty\u00e1nak is eltompulnak a term\u00e9szetes \u00f6szt\u00f6nei, ha mondjuk lak\u00e1sban van tartva, vagy egy z\u00e1rt udvarban, ne adj\u2019 Isten l\u00e1ncon. De ugyan\u00fagy a kicsit gy\u00e1moltalanabbat is ki lehet k\u00e9pezni j\u00f3 terel\u0151kuty\u00e1v\u00e1.<\/li>\n<li><strong>Szigfrid melyik t\u00edpus?<\/strong><\/li>\n<li>Kevesebbet kellett vele foglalkozni, mint Cafk\u00e1val, az el\u0151dj\u00e9vel, de ez term\u00e9szetes, hiszen \u0151 az id\u0151sebb kuty\u00e1t\u00f3l is tanult. Cafka pedig anno mag\u00e1t\u00f3l tanult bele a terel\u00e9sbe, illetve velem-t\u0151lem. Azt hiszem alapvet\u0151en jobb k\u00e9pess\u00e9g\u0171 kutya volt. Az \u00f6regl\u00e1ny m\u00e1r nyugd\u00edjas, a sz\u00fcleim udvar\u00e1ban pihenget naphosszat.<\/li>\n<li><strong>Mivel eteted Szigfridet? Fontos neki a j\u00f3 t\u00e1pl\u00e1l\u00e9k a megfelel\u0151 kondihoz?<\/strong><\/li>\n<li>Hol ezt, hol azt kap. Van kutyat\u00e1p is, de abb\u00f3l egy h\u00e9ten csak k\u00e9tszer-h\u00e1romszor kap. A t\u00f6bbi napon konyhai marad\u00e9kot, tejfeldolgoz\u00e1sb\u00f3l megmaradt sav\u00f3t, nyesed\u00e9ket. Sz\u00f3val nem k\u00e9nyeztetj\u00fck dr\u00e1ga dolgokkal, de sosem \u00e9hezik.<\/li>\n<li><strong>Sokat kell gondozni a sz\u0151r\u00e9t?<\/strong><\/li>\n<li>Most m\u00e1r nem. Az els\u0151 \u00e9vben kellett bajl\u00f3dni a tincseivel, most m\u00e1r csak a legmelegebb ny\u00e1ri napokon f\u00fcrdetem meg egyszer-egyszer, k\u00fcls\u0151 \u00e9l\u0151sk\u00f6d\u0151k elleni szert oldva a v\u00edzbe. De nem szereti. A bels\u0151 f\u00e9rgekre meg tablett\u00e1t kap porr\u00e1 t\u00f6rve az \u00e9tel\u00e9be f\u00e9l\u00e9vente.<\/li>\n<li><strong>Kinek aj\u00e1nlan\u00e1d a fajt\u00e1t? Mire figyeljen, aki k\u00f6ly\u00f6k pulit vesz?<\/strong><\/li>\n<li>V\u00e1rosba, lak\u00e1sba nem az igazi, de ha valaki ragaszkodik ehhez a fajt\u00e1hoz, legal\u00e1bb s\u00e9t\u00e1ltassa eleget. Meg sz\u00e1moljon azzal, hogy lak\u00e1sban \u00e9l\u0151 kuty\u00e1t gyakrabban kell f\u00fcrdetni, ha nem akar kutyaszagban \u00e9lni. Ha terel\u0151nek kell, mindenk\u00e9pp olyan neves teny\u00e9szt\u0151t kell keresni, akit\u0151l j\u00f3 v\u00e9rvonal\u00fa kuty\u00e1t kapunk. T\u00f6bbe ker\u00fcl, de meg\u00e9ri.<\/li>\n<\/ul>\n<p><em>B\u00e1nyai M\u00e1rk<\/em><\/p>\n<p>&nbsp;<\/p>\n<p><strong>Felhaszn\u00e1lt forr\u00e1sok:<\/strong><\/p>\n<p><a href=\"https:\/\/kepmas.hu\/szineszno-fekete-pulival-trokan-nora\" target=\"_blank\" rel=\"noopener\">https:\/\/kepmas.hu\/szineszno-fekete-pulival-trokan-nora<\/a><\/p>\n<p><a href=\"http:\/\/kutya.hu\/ArchivCikk.aspx?id=4111\" target=\"_blank\" rel=\"noopener\">http:\/\/kutya.hu\/ArchivCikk.aspx?id=4111<\/a><\/p>\n<p>&nbsp;<\/p>\n<p><strong><a href=\"https:\/\/shop.julius-k9.com\/hu\/ebengubak-mesekonyv.html\">Ebengub\u00e1k &#8211; mesek\u00f6nyv a 9 magyar kutyafajt\u00e1r\u00f3l &gt;&gt;&gt;<\/a><\/strong><\/p>\n<p>&nbsp;<\/p>\n","protected":false},"excerpt":{"rendered":"<p>Legr\u00e9gebbi magyar kutyafajt\u00e1ink egyike, a puli manaps\u00e1g haz\u00e1nkban \u00e9s vil\u00e1gszerte is egyre nagyobb n\u00e9pszer\u0171s\u00e9gnek \u00f6rvend. <\/p>\n","protected":false},"author":4,"featured_media":60252,"comment_status":"closed","ping_status":"open","sticky":false,"template":"","format":"standard","meta":{"_acf_changed":false,"footnotes":""},"categories":[211],"tags":[],"class_list":["post-60247","post","type-post","status-publish","format-standard","has-post-thumbnail","hentry","category-blog-hu","category-211","description-off"],"acf":[],"_links":{"self":[{"href":"https:\/\/julius-k9.com\/hu\/wp-json\/wp\/v2\/posts\/60247","targetHints":{"allow":["GET"]}}],"collection":[{"href":"https:\/\/julius-k9.com\/hu\/wp-json\/wp\/v2\/posts"}],"about":[{"href":"https:\/\/julius-k9.com\/hu\/wp-json\/wp\/v2\/types\/post"}],"author":[{"embeddable":true,"href":"https:\/\/julius-k9.com\/hu\/wp-json\/wp\/v2\/users\/4"}],"replies":[{"embeddable":true,"href":"https:\/\/julius-k9.com\/hu\/wp-json\/wp\/v2\/comments?post=60247"}],"version-history":[{"count":0,"href":"https:\/\/julius-k9.com\/hu\/wp-json\/wp\/v2\/posts\/60247\/revisions"}],"wp:featuredmedia":[{"embeddable":true,"href":"https:\/\/julius-k9.com\/hu\/wp-json\/wp\/v2\/media\/60252"}],"wp:attachment":[{"href":"https:\/\/julius-k9.com\/hu\/wp-json\/wp\/v2\/media?parent=60247"}],"wp:term":[{"taxonomy":"category","embeddable":true,"href":"https:\/\/julius-k9.com\/hu\/wp-json\/wp\/v2\/categories?post=60247"},{"taxonomy":"post_tag","embeddable":true,"href":"https:\/\/julius-k9.com\/hu\/wp-json\/wp\/v2\/tags?post=60247"}],"curies":[{"name":"wp","href":"https:\/\/api.w.org\/{rel}","templated":true}]}}