{"id":60041,"date":"2018-10-26T04:07:22","date_gmt":"2018-10-26T04:07:22","guid":{"rendered":"https:\/\/julius-k9.com\/?p=60041"},"modified":"2018-10-26T04:07:22","modified_gmt":"2018-10-26T04:07:22","slug":"milyen-jogai-vannak-egy-kutyanak","status":"publish","type":"post","link":"https:\/\/julius-k9.com\/hu\/milyen-jogai-vannak-egy-kutyanak\/","title":{"rendered":"Milyen jogai vannak egy kuty\u00e1nak?"},"content":{"rendered":"<p>&#8222;Egy nemzet nagys\u00e1ga \u00e9s erk\u00f6lcsi fejletts\u00e9ge h\u00edven t\u00fckr\u00f6z\u0151dik abban, ahogyan az \u00e1llatokkal b\u00e1nik&#8221; \u2013 Mahatma Gandhi elh\u00edres\u00fclt szavait szinte mindenki ismeri, hiszen napjainkban is gyakran id\u00e9zik, mivel rengeteg igazs\u00e1got rejt mag\u00e1ban.<\/p>\n<p>Magyarorsz\u00e1gon az \u00e1llatk\u00ednz\u00e1s megk\u00f6zel\u00edt\u0151leg 15 \u00e9ve sz\u00e1m\u00edt b\u0171ncselekm\u00e9nynek, el\u0151tte szab\u00e1lys\u00e9rt\u00e9snek min\u0151s\u00edtett\u00e9k. Ennek megfelel\u0151en a magyar jogszab\u00e1lyok egyre nagyobb hangs\u00falyt fektetnek az \u00e1llatok v\u00e9delm\u00e9re, mindemellett egyre t\u00f6bb \u00f6nk\u00e9ntes seg\u00edti a k\u00fcl\u00f6nb\u00f6z\u0151 szervezetek munk\u00e1j\u00e1t. Egyesek v\u00e1llalj\u00e1k az ideiglenes gazdi szerep\u00e9t, m\u00e1sok seg\u00edtenek az \u00e1rva kutyusoknak gazd\u00e1t tal\u00e1lni, m\u00edg m\u00e1sok a k\u00fcl\u00f6nb\u00f6z\u0151 szervezetek k\u00f6z\u00f6ss\u00e9gi m\u00e9di\u00e1j\u00e1t kezelik. Mi a helyzet jelenleg haz\u00e1nkban \u00e9s a k\u00f6rnyez\u0151 orsz\u00e1gokban az \u00e1llatv\u00e9delemmel kapcsolatban, \u00e9s esetleg mit tudsz te tenni az \u00e1llatok\u00e9rt? Ezekre pr\u00f3b\u00e1lunk most \u00e1tfog\u00f3 v\u00e1laszt adni neked.<\/p>\n<p>&nbsp;<\/p>\n<p><strong>A sz\u00e1raz jog<\/strong><\/p>\n<p>\u00c9rdemes tudni, hogy Magyarorsz\u00e1gon kiz\u00e1r\u00f3lag a gerinceseket \u00e9rintik az \u00e1llatokra vonatkoz\u00f3 jogok. Az \u00e1llatok ellen elk\u00f6vetett v\u00e9ts\u00e9geket k\u00e9tf\u00e9lek\u00e9ppen b\u00fcnteti a magyar jog: vannak enyh\u00e9bben szankcion\u00e1lhat\u00f3 b\u0171ntettek, illetve a b\u0171ntettnek sz\u00e1m\u00edt\u00f3 cselekm\u00e9nyek.<\/p>\n<p>V\u00e9ts\u00e9get a magyar jog szerint az k\u00f6vet el, aki olyan m\u00f3don b\u00e1ntalmaz egy \u00e1llatot, hogy az maradand\u00f3 eg\u00e9szs\u00e9gk\u00e1rosod\u00e1st szenved \u00e9s\/vagy a b\u00e1ntalmaz\u00e1s k\u00f6vetkezm\u00e9nyek\u00e9nt elpusztul. Az az \u00e1llattart\u00f3 is v\u00e9ts\u00e9get k\u00f6vet el, aki az \u00e1llatot kiteszi az utc\u00e1ra vagy egy elhagyatott helyen mag\u00e1ra hagyja. Ami a b\u00e1n\u00e1sm\u00f3dot illeti: a helyzet itt \u00f6sszetettebb, ugyanis ebben a k\u00e9rd\u00e9sben haz\u00e1nkban nem csak az eset k\u00f6r\u00fclm\u00e9nyeit m\u00e9rlegeli a b\u00fcntet\u0151b\u00edr\u00f3s\u00e1g, hanem a t\u00e1rsadalom \u00e1ltal \u00e1ltal\u00e1nosan elfogadott v\u00e9leked\u00e9st, erk\u00f6lcsi alapokat is figyelembe veszi.<\/p>\n<p><img fetchpriority=\"high\" decoding=\"async\" class=\"aligncenter size-full wp-image-60042\" src=\"https:\/\/ujoldal.julius-k9.com\/wp-content\/uploads\/2018\/10\/allatvedelem1-5.jpg\" alt=\"Milyen jogai vannak egy kuty\u00e1nak?\" width=\"940\" height=\"629\" \/><\/p>\n<p>S\u00falyosabb b\u0171ncselekm\u00e9nynek min\u0151s\u00fcl az \u00e1llattal szemben elk\u00f6vetett k\u00fcl\u00f6n\u00f6s kegyetlens\u00e9g \u00e9s brutalit\u00e1s, illetve az, ha ez a b\u00e1n\u00e1sm\u00f3d ak\u00e1r hosszabb ideig is fenn\u00e1ll, illetve ide tartoznak azok az esetek is, amikor t\u00f6bb \u00e1llat k\u00e1r\u00e1ra val\u00f3sul meg ez a b\u00e1n\u00e1sm\u00f3d.<\/p>\n<p>&nbsp;<\/p>\n<p><strong>\u201eT\u00e9nyleg meg\u00f6lik a k\u00f3bor \u00e1llatokat?\u201d<\/strong><\/p>\n<p>Az Illatos \u00fat neve hallat\u00e1n sok embernek \u00f6sszeszorulhat a gyomra, hiszen az ebtelepr\u0151l m\u00e9g mindig sokan azt gondolj\u00e1k, hogy a beker\u00fcl\u00e9s\u00fck ut\u00e1n nem sokkal a gazd\u00e1ra nem tal\u00e1lt \u00e1llatokat v\u00e9gs\u0151 \u00e1lomba k\u00e9nyszer\u00edtik. Szerencs\u00e9re a jelenlegi helyzet enn\u00e9l sokkal szerencs\u00e9sebb, mivel minden beker\u00fclt \u00e1llat szakszer\u0171 \u00e1llatorvosi ell\u00e1t\u00e1st kap, biztos\u00edtj\u00e1k sz\u00e1mukra a sz\u00fcks\u00e9ges injekci\u00f3kat, az ivartalan\u00edt\u00e1st.<\/p>\n<p>Vannak m\u00e1s pozit\u00edv p\u00e9ld\u00e1k is: a t\u00e1rnoki telephely\u0171 Eb\u00e1rvah\u00e1z, hab\u00e1r mind\u00f6ssze 60 f\u00e9r\u0151helyes, m\u00e9gis egy igazi kutyamennyorsz\u00e1g. Az Eb\u00e1rvah\u00e1zn\u00e1l az az els\u0151dleges szempont, hogy az ott dolgoz\u00f3 szakemberek megfelel\u0151en tudjanak foglalkozni az ott lak\u00f3 kutyusokkal (ebbe beletartozik a napi s\u00e9ta \u00e9s a j\u00e1t\u00e9k is), ebb\u0151l ad\u00f3d\u00f3an fontosnak tartj\u00e1k azt is, hogy az onnan kiker\u00fcl\u0151 kutyusok megfelel\u0151en legyenek szocializ\u00e1lva \u00e9s probl\u00e9mamentesek legyenek, ezzel pedig a j\u00f6vend\u0151beli gazdik helyzet\u00e9t is jelent\u0151sen megk\u00f6nny\u00edtik.<\/p>\n<p>Szerencs\u00e9re haz\u00e1nkban a legt\u00f6bb menhely\/\u00e1llatotthon hasonl\u00f3k\u00e9ppen m\u0171k\u00f6dik, az oda beker\u00fcl\u0151 \u00e1llatokkal a szakemberek \u00e9s \u00f6nk\u00e9ntesek szeretettel \u00e9s tisztelettel b\u00e1nnak, \u00e9s mindent megtesznek az\u00e9rt, hogy a m\u00e9g gazd\u00e1tlan kis\u00e1llatok megfelel\u0151 otthonra leljenek.<\/p>\n<p>&nbsp;<\/p>\n<p><strong>\u201e\u00c9s \u00e9n mit tehetek?\u201d<\/strong><\/p>\n<p>\u00c1llatbar\u00e1tk\u00e9nt nyilv\u00e1n felmer\u00fcl benned a k\u00e9rd\u00e9s, hogy m\u00e9gis mit tehetn\u00e9l az\u00e9rt, hogy a menhelyeken \u00e9l\u0151 kuty\u00e1k \u00e9let\u00e9t egy kicsit szebb\u00e9 tehesd. Kezdetnek m\u00e1r az is j\u00f3, ha a k\u00f6z\u00f6ss\u00e9gi m\u00e9dia fel\u00fcleteken megosztod egy-egy gazdikeres\u0151 kutyus posztj\u00e1t, illetve azzal is rengeteget seg\u00edthetsz, ha csak kisebb-nagyobb adom\u00e1nyokkal t\u00e1mogatsz egy-egy menhelyet vagy szervezetet.<\/p>\n<p><img decoding=\"async\" class=\"aligncenter size-full wp-image-60051\" src=\"https:\/\/ujoldal.julius-k9.com\/wp-content\/uploads\/2018\/10\/allatvedelem2-5.jpg\" alt=\"Milyen jogai vannak egy kuty\u00e1nak?\" width=\"940\" height=\"627\" \/><\/p>\n<p>Ha ink\u00e1bb a tettek embere vagy, akkor van egy j\u00f3 h\u00edr\u00fcnk: a legt\u00f6bb kutyamenhely keres \u00f6nk\u00e9nteseket. \u00d6nk\u00e9ntesk\u00e9nt k\u00fcl\u00f6nb\u00f6z\u0151 feladatokban seg\u00edthetsz: lehet kuty\u00e1t s\u00e9t\u00e1ltatni, vagy seg\u00edthetsz a menhelyen dolgoz\u00f3 \u00e1pol\u00f3knak a kutya sz\u0151r\u00e9nek kitiszt\u00edt\u00e1s\u00e1ban \u00e9s kif\u00e9s\u00fcl\u00e9s\u00e9ben, illetve r\u00e9szt lehet venni a kutyusok engedelmess\u00e9gi k\u00e9pz\u00e9s\u00e9ben is, de ha az otthonodban (\u00e9s persze az \u00e9letedben) van el\u00e9g hely, akkor ak\u00e1r ideiglenes befogad\u00f3 is lehetsz. Ezeken k\u00edv\u00fcl m\u00e9g sz\u00e1mos m\u00e1s lehet\u0151s\u00e9g is van, a feladatok menhelyenk\u00e9nt v\u00e1ltoz\u00f3ak.<\/p>\n<p>&nbsp;<\/p>\n<p><strong>A szomsz\u00e9d f\u0171je mindig z\u00f6ldebb?<\/strong><\/p>\n<p>A szomsz\u00e9dos orsz\u00e1gokban nagyj\u00e1b\u00f3l hasonl\u00f3 a helyzet \u00e1llatv\u00e9delem szempontj\u00e1b\u00f3l, mint itthon, de Ausztria egy p\u00e1r l\u00e9p\u00e9ssel az\u00e9rt el\u0151tt\u00fcnk j\u00e1r.<\/p>\n<p>Ha itt vagy \u00e9s ezt a cikket olvasod, akkor nagy val\u00f3sz\u00edn\u0171s\u00e9ggel \u00e1llatbar\u00e1t vagy, \u00edgy azzal is tiszt\u00e1ban vagy, hogy mennyire fontos a szem\u00e9lyis\u00e9g\u00fcnkh\u00f6z ill\u0151 kuty\u00e1t v\u00e1lasztani. Azonban egyes fajt\u00e1kn\u00e1l nem el\u00e9g az, hogy legyen \u201ek\u00e9mia\u201d a kutyus \u00e9s a gazdi k\u00f6z\u00f6tt, mivel az \u0151rz\u0151-v\u00e9d\u0151 t\u00edpus\u00fa kuty\u00e1kkal m\u00e1sk\u00e9pp kell b\u00e1nni. \u00c9ppen ez\u00e9rt B\u00e9csben bizonyos kutyafajt\u00e1k tart\u00e1s\u00e1hoz (Bullterrier, Staffordshire Bullterrier, American Staffordshire Terrier, Mastino Napoletano, Mastin Espanol, Fila Brasileiro, Mastiff, Bullmastiff, Tosa Inu, Pitbullterrier, Rottweiler, Dogo Argentino \u00e9s kever\u00e9keik) a gazdinak kutyajogos\u00edtv\u00e1nyt kell kiv\u00e1ltania, az ehhez sz\u00fcks\u00e9ges vizsga pedig egy gyakorlati \u00e9s egy elm\u00e9leti r\u00e9szb\u0151l \u00e1ll. Ha belegondolunk, akkor ez rendk\u00edv\u00fcl praktikus a kutya szempontj\u00e1b\u00f3l is, hiszen sokkal boldogabb \u00e9s kiegyens\u00falyozottabb \u00e9lete lehet egy olyan gazdi mellett, aki tud vele b\u00e1nni, \u00e9s a v\u00e1ratlanabb helyzeteket is k\u00e9pes kezelni.<\/p>\n<p><img decoding=\"async\" class=\"aligncenter size-full wp-image-60060\" src=\"https:\/\/ujoldal.julius-k9.com\/wp-content\/uploads\/2018\/10\/allatvedelem3-5.jpg\" alt=\"\" width=\"940\" height=\"359\" \/><\/p>\n<p>Az \u00e1llatv\u00e9delem \u00e9rdek\u00e9ben m\u00e9g egy nagyon fontos l\u00e9p\u00e9st tettek B\u00e9csben, hisznek ugyanis abban, hogy a gyerekeket min\u00e9l fiatalabb korban el kell kezdeni oktatni az \u00e1llatok tisztelet\u00e9re \u00e9s szeretet\u00e9re. \u201eMeg kell tan\u00edtani a gyerekeknek, hogy az \u00e1llatok is \u00e9rz\u0151 l\u00e9nyek, szenvednek, ha nem megfelel\u0151en tartj\u00e1k \u0151ket \u00e9s nem figyelnek a fizikai \u00e9s \u00e9rzelmi sz\u00fcks\u00e9gleteikre. Nem minden \u00e1llat szereti p\u00e9ld\u00e1ul, ha simogatj\u00e1k \u00e9s \u00f6lbe veszik. Ausztri\u00e1ban t\u00f6bb olyan szervezet is van, amely k\u00e9r\u00e9sre ezekben a t\u00e9m\u00e1kban tart \u00f3r\u00e1kat az oszt\u00e1lyoknak\u201d \u2013 nyilatkozta Eva Persy, B\u00e9cs \u00e1llatv\u00e9delmi ombudsmanja.<\/p>\n<p>Szerencs\u00e9re a vil\u00e1g egyre t\u00f6bb orsz\u00e1g\u00e1ban ismerik fel az \u00e1llatv\u00e9delem fontoss\u00e1g\u00e1t. Haz\u00e1nkban is rengeteget v\u00e1ltozott (pozit\u00edv ir\u00e1nyba) a helyzet, ami nemcsak a jognak, hanem a magyar \u00e1llatbar\u00e1toknak is k\u00f6sz\u00f6nhet\u0151, akik sz\u00edv\u00fck\u00f6n viselik a gazdira v\u00e1r\u00f3 kutyusok sors\u00e1t, \u00e9s mindent megtesznek az\u00e9rt, hogy a tappancsosok megfelel\u0151 otthonra leljenek.<\/p>\n<p><em>Szeleczky Afrodite<\/em><\/p>\n<p>&nbsp;<\/p>\n<p><strong>Felhaszn\u00e1lt cikkek:<\/strong><\/p>\n<p><a href=\"http:\/\/www.origo.hu\/jog\/lakossagi\/20180224-das-jogszerviz-allatvedelem-hatalyos-magyar-jog.html\" target=\"_blank\" rel=\"noopener\">http:\/\/www.origo.hu\/jog\/lakossagi\/20180224-das-jogszerviz-allatvedelem-hatalyos-magyar-jog.html<\/a><\/p>\n<p><a href=\"http:\/\/www.origo.hu\/foto\/multimedia\/20150324-elet-az-illatos-uton.html\" target=\"_blank\" rel=\"noopener\">http:\/\/www.origo.hu\/foto\/multimedia\/20150324-elet-az-illatos-uton.html<\/a><\/p>\n<p><a href=\"http:\/\/rex.hu\/Az-onkentes-miben-segithet\" target=\"_blank\" rel=\"noopener\">http:\/\/rex.hu\/Az-onkentes-miben-segithet<\/a><\/p>\n<p><a href=\"https:\/\/julius-k9.com\/hu\/az-ebarvahaz-nem-szokvanyos-menhely\/\">https:\/\/julius-k9.com\/hu\/az-ebarvahaz-nem-szokvanyos-menhely\/<\/a><\/p>\n","protected":false},"excerpt":{"rendered":"<p>&#8222;Egy nemzet nagys\u00e1ga \u00e9s erk\u00f6lcsi fejletts\u00e9ge h\u00edven t\u00fckr\u00f6z\u0151dik abban, ahogyan az \u00e1llatokkal b\u00e1nik&#8221; \u2013 Mahatma Gandhi elh\u00edres\u00fclt szavait szinte mindenki ismeri, hiszen napjainkban is gyakran id\u00e9zik, mivel rengeteg igazs\u00e1got rejt mag\u00e1ban. Magyarorsz\u00e1gon az \u00e1llatk\u00ednz\u00e1s megk\u00f6zel\u00edt\u0151leg 15 \u00e9ve sz\u00e1m\u00edt b\u0171ncselekm\u00e9nynek, el\u0151tte szab\u00e1lys\u00e9rt\u00e9snek min\u0151s\u00edtett\u00e9k. Ennek megfelel\u0151en a magyar jogszab\u00e1lyok egyre nagyobb hangs\u00falyt fektetnek az \u00e1llatok v\u00e9delm\u00e9re, mindemellett&hellip;<\/p>\n","protected":false},"author":4,"featured_media":60042,"comment_status":"closed","ping_status":"open","sticky":false,"template":"","format":"standard","meta":{"_acf_changed":false,"footnotes":""},"categories":[211],"tags":[],"class_list":["post-60041","post","type-post","status-publish","format-standard","has-post-thumbnail","hentry","category-blog-hu","category-211","description-off"],"acf":[],"_links":{"self":[{"href":"https:\/\/julius-k9.com\/hu\/wp-json\/wp\/v2\/posts\/60041","targetHints":{"allow":["GET"]}}],"collection":[{"href":"https:\/\/julius-k9.com\/hu\/wp-json\/wp\/v2\/posts"}],"about":[{"href":"https:\/\/julius-k9.com\/hu\/wp-json\/wp\/v2\/types\/post"}],"author":[{"embeddable":true,"href":"https:\/\/julius-k9.com\/hu\/wp-json\/wp\/v2\/users\/4"}],"replies":[{"embeddable":true,"href":"https:\/\/julius-k9.com\/hu\/wp-json\/wp\/v2\/comments?post=60041"}],"version-history":[{"count":0,"href":"https:\/\/julius-k9.com\/hu\/wp-json\/wp\/v2\/posts\/60041\/revisions"}],"wp:featuredmedia":[{"embeddable":true,"href":"https:\/\/julius-k9.com\/hu\/wp-json\/wp\/v2\/media\/60042"}],"wp:attachment":[{"href":"https:\/\/julius-k9.com\/hu\/wp-json\/wp\/v2\/media?parent=60041"}],"wp:term":[{"taxonomy":"category","embeddable":true,"href":"https:\/\/julius-k9.com\/hu\/wp-json\/wp\/v2\/categories?post=60041"},{"taxonomy":"post_tag","embeddable":true,"href":"https:\/\/julius-k9.com\/hu\/wp-json\/wp\/v2\/tags?post=60041"}],"curies":[{"name":"wp","href":"https:\/\/api.w.org\/{rel}","templated":true}]}}