{"id":59897,"date":"2018-10-24T12:42:00","date_gmt":"2018-10-24T12:42:00","guid":{"rendered":"https:\/\/julius-k9.com\/?p=59897"},"modified":"2018-10-24T12:42:00","modified_gmt":"2018-10-24T12:42:00","slug":"vigyazat-az-eloskodok-osszel-is-elemukben-vannak","status":"publish","type":"post","link":"https:\/\/julius-k9.com\/hu\/vigyazat-az-eloskodok-osszel-is-elemukben-vannak\/","title":{"rendered":"Vigy\u00e1zat: az \u00e9l\u0151sk\u00f6d\u0151k \u0151sszel is elem\u00fckben vannak!"},"content":{"rendered":"<p>A legt\u00f6bben \u00fagy besz\u00e9l\u00fcnk a kuty\u00e1nkr\u00f3l, mintha csak a gyerek\u00fcnk lenne. \u201eLebetegedt\u00fcnk.\u201d \u201eNem \u00e9rezz\u00fck j\u00f3l magunkat.\u201d \u201eElkaptunk valamit.\u201d \u00c9ppen ez\u00e9rt felel\u0151s gazdik\u00e9nt a lehet\u0151 legt\u00f6bbet megtessz\u00fck az\u00e9rt, hogy kedvenc\u00fcnk sz\u00e1m\u00e1ra ne csak a lehet\u0151 legk\u00e9nyelmesebb, hanem legeg\u00e9szs\u00e9gesebb \u00e9letet is ny\u00fajtsuk. Azonban a kullancsok \u00e9s bolh\u00e1k az \u0151szi id\u0151szak alatt szinte \u201ekivir\u00e1goznak\u201d. Hogyan el\u0151zheted meg a bajt, ha pedig m\u00e1r megt\u00f6rt\u00e9nt, akkor mit tehetsz ellene? Ezekre a k\u00e9rd\u00e9sekre adunk most v\u00e1laszt!<\/p>\n<p><strong><img fetchpriority=\"high\" decoding=\"async\" class=\"size-full wp-image-59901 aligncenter\" src=\"https:\/\/ujoldal.julius-k9.com\/wp-content\/uploads\/2018\/10\/kullancs1-5.jpg\" alt=\"Vigy\u00e1zat: az \u00e9l\u0151sk\u00f6d\u0151k \u0151sszel is elem\u00fckben vannak!\" width=\"940\" height=\"626\" \/><\/strong><\/p>\n<p>&nbsp;<\/p>\n<p><strong>Fejf\u00e1j\u00e1sunk okoz\u00f3ja: Kullancsszezon<\/strong><\/p>\n<p><u>El\u0151fordul\u00e1suk:<\/u> Val\u00f3j\u00e1ban eg\u00e9sz \u00e9vben jelen vannak. \u0150sszel viszont kutyusaink el\u0151szeretettel szaladg\u00e1lnak a lehullott falevelek k\u00f6zt, \u00e9s akkor hopp, m\u00e1r pillanatok alatt meg is lehet a baj, ugyanis a kullancsok legink\u00e1bb a nedves, \u00e1rny\u00e9kos helyeket kedvelik, \u00e9s pillanatok alatt belecsimpaszkodhatnak a kedvenc\u00fcnk bund\u00e1j\u00e1ba.<\/p>\n<p><u>Hol keressem?<\/u> A kullancsok \u00e1ltal\u00e1ban a kutya test\u00e9nek legmelegebb ter\u00fcleteire tapadnak, \u00edgy s\u00e9t\u00e1ltat\u00e1s ut\u00e1n \u00e9rdemes k\u00fcl\u00f6n\u00f6s figyelmet ford\u00edtani a fej (f\u00fcl \u00e9s k\u00f6rny\u00e9ke, szemh\u00e9jak), a nyak, a nyak\u00f6rv \u00e9s a ruha alatti, illetve a l\u00e1bujjak k\u00f6z\u00f6tti ter\u00fcletek \u00e1tvizsg\u00e1l\u00e1s\u00e1ra.<\/p>\n<p><u>Terjesztett betegs\u00e9gek:<\/u> Haz\u00e1nkban \u0151shonos fajt\u00e1nak sz\u00e1m\u00edt a k\u00f6znapi nev\u00e9n kutyakullancsk\u00e9nt is ismert Dermacentor reticulatus, amely v\u00edzpartok k\u00f6zel\u00e9ben volt el\u00e9g gyakori, azonban manaps\u00e1g m\u00e1r a parkos \u00f6vezetekben is el\u0151fordul. Az \u00e1ltala terjesztett betegs\u00e9g a <strong>bab\u00e9zi\u00f3zis<\/strong>, amely megk\u00f6zel\u00edt\u0151leg 8-10 napig lappang, ut\u00e1na viszont kegyetlen\u00fcl lecsap. A <strong>bab\u00e9zi\u00f3zis <\/strong>macsk\u00e1kra \u00e9s emberekre is vesz\u00e9lyes lehet, azonban szerencs\u00e9re Magyarorsz\u00e1gon m\u00e9g e v\u00e1ltozata nem terjedt el.<br \/>\nViszont van egy m\u00e1sik betegs\u00e9g, ami bizony t\u00e9nyleg komoly kock\u00e1zatot jelent az emberre is, ez pedig a <strong>Lyme-k\u00f3r<\/strong>, amit a leggyakoribb, kullancsok \u00e1ltal terjesztett betegs\u00e9gk\u00e9nt tartanak sz\u00e1mon. Emberekn\u00e9l antibiotikumos kezel\u00e9ssel lehet elker\u00fclni a sz\u00f6v\u0151dm\u00e9nyek kialakul\u00e1s\u00e1t (sz\u00edvritmuszavar, \u00edz\u00fcleti gyullad\u00e1sok&#8230;stb.).<br \/>\n\u00d6r\u00f6m az \u00fcr\u00f6mben, hogy annak igencsak kev\u00e9s az es\u00e9lye, hogy a kullancs, miut\u00e1n a kuty\u00e1nkat is megcs\u00edpte, r\u00e1nk is vesz\u00e9lyes legyen, ugyanis a n\u0151st\u00e9ny kullancsok rendszerint nagytest\u0171 eml\u0151sb\u0151l egyszer sz\u00edvnak v\u00e9rt, ami ut\u00e1n ledobj\u00e1k magukat a gazdatestr\u0151l, \u00e9s a peterak\u00e1st k\u00f6vet\u0151en el is pusztulnak, m\u00edg a h\u00edmnem\u0171 egyedekre nem jellemz\u0151 az, hogy gazdatestet v\u00e1ltan\u00e1nak.<\/p>\n<p><em><u>A bab\u00e9zi\u00f3zis t\u00fcnetei<\/u><\/em><em><u>:<\/u><\/em> a fert\u0151z\u00e9ssel j\u00e1r\u00f3 magas l\u00e1z sokszor v\u00e9res vizelettel, illetve f\u00e1rad\u00e9konys\u00e1ggal p\u00e1rosul.<\/p>\n<p><em>A bab\u00e9zi\u00f3zis kezel\u00e9se: <\/em>a szakszer\u0171 kezel\u00e9s elengedhetetlen. Amint felismerj\u00fck a t\u00fcneteket, azonnal \u00e1llatorvoshoz kell fordulni, mert a kimenetele ak\u00e1r v\u00e9gzetes is lehet. A betegs\u00e9g s\u00falyoss\u00e1g\u00e1t\u00f3l f\u00fcgg, hogy milyen kezel\u00e9st ig\u00e9nyel, inf\u00fazi\u00f3ra, antibiotikumos kezel\u00e9sre, illetve injekci\u00f3ra lehet sz\u00fcks\u00e9g (ut\u00f3bbi egy\u00e9bk\u00e9nt el\u00e9g f\u00e1jdalmas, a hely\u00e9n duzzanat keletkezhet, ami ak\u00e1r 1-2 h\u00e9ten \u00e1t is \u00e9rz\u00e9keny lehet). Rossz h\u00edr, hogy m\u00e9g ezek a kezel\u00e9sek sem garant\u00e1lj\u00e1k a teljes gy\u00f3gyul\u00e1st, ugyanis a kutya ak\u00e1r eg\u00e9sz \u00e9let\u00e9n \u00e1t hordoz\u00f3 lehet.<\/p>\n<p><em><img decoding=\"async\" class=\"size-full wp-image-59910 aligncenter\" src=\"https:\/\/ujoldal.julius-k9.com\/wp-content\/uploads\/2018\/10\/kullancs2-5.jpg\" alt=\"Vigy\u00e1zat: az \u00e9l\u0151sk\u00f6d\u0151k \u0151sszel is elem\u00fckben vannak!\" width=\"940\" height=\"833\" \/><\/em><\/p>\n<p><em>A bab\u00e9zi\u00f3zis megel\u0151z\u00e9se: <\/em>\u00e9rdemes els\u0151sorban a kullancsok ellen v\u00e9dekezni (err\u0151l lentebb olvashatsz), de l\u00e9tezik bab\u00e9zi\u00f3zis elleni v\u00e9d\u0151olt\u00e1s is, ami a betegs\u00e9g enyh\u00e9bb lefoly\u00e1s\u00e1t, valamint a t\u00fcnetek cs\u00f6kkent\u00e9s\u00e9t garant\u00e1lja, teljes v\u00e9delmet azonban ez sem ny\u00fajt.<\/p>\n<p><em><u>A Lyme-k\u00f3r t\u00fcnetei:<\/u><\/em> legjellemz\u0151bb a b\u0151rp\u00edr, amely kok\u00e1rda alakot form\u00e1z, leverts\u00e9g, illetve magas l\u00e1z is el\u0151fordulhat. Azonban hi\u00e1ba a jellemz\u0151 t\u00fcnetek, sajnos a mai napig gyakran f\u00e9lrediagnosztiz\u00e1lj\u00e1k. Igaz, vannak k\u00fcl\u00f6nb\u00f6z\u0151 \u00e9rz\u00e9kenys\u00e9g\u0171 mikrobiol\u00f3giai \u00e9s immunol\u00f3giai pr\u00f3b\u00e1k, azonban az ezeken produk\u00e1lt pozit\u00edv teszt nem felt\u00e9tlen\u00fcl jelenti a <strong>Lyme-k\u00f3r<\/strong> jelenl\u00e9t\u00e9t a szervezetben, mivel egy\u00e9b bakt\u00e9riumos fert\u0151z\u0151d\u00e9s is okozhat pozit\u00edv eredm\u00e9nyt.<\/p>\n<p><em>A Lyme-k\u00f3r kezel\u00e9se:<\/em> n\u00e9gy h\u00e9ten \u00e1t tart\u00f3 antibiotikum-k\u00fara, amit sz\u00fcks\u00e9g eset\u00e9n ism\u00e9telni kell. Rossz h\u00edr, hogy teljes gy\u00f3gyul\u00e1s ritk\u00e1n tapasztalhat\u00f3, k\u00e9s\u0151bbieknek a fert\u0151z\u00e9s \u00fajra fel\u00fctheti a fej\u00e9t.<\/p>\n<p><em>A Lyme-k\u00f3r megel\u0151z\u00e9se:<\/em> szerencs\u00e9re t\u00f6bb lehet\u0151s\u00e9g\u00fcnk is van arra, hogy a kullancsok \u00e9s az \u00e1ltaluk terjesztett betegs\u00e9gek ellen v\u00e9dekezz\u00fcnk.<br \/>\nVannak az \u00fagynevezett spot-onok, amelyek tulajdonk\u00e9ppen r\u00e1csepegtet\u0151 oldatok, haszn\u00e1latukat havonta meg kell ism\u00e9telni. Fontos, hogy a pontos adagot csepegtess\u00fck a kutyusunk b\u0151r\u00e9re, ugyanis ha az el\u0151r\u00edtn\u00e1l kevesebb ker\u00fcl r\u00e1, akkor nemcsak az lesz a probl\u00e9ma, hogy nem ny\u00fajt el\u00e9g v\u00e9delmet, hanem az is, hogy a parazit\u00e1k ellen\u00e1ll\u00f3v\u00e1 v\u00e1lhatnak a hat\u00f3anyagokkal szemben (ami nem \u00f6l meg, az meger\u0151s\u00edt, ugye \u2013 a szerk.).<br \/>\nA spray-k hat\u00e1sa valamivel tart\u00f3sabb, mint a cseppek\u00e9, azonban felvitel\u00fck kiss\u00e9 bonyolultabb, mivel az \u00e1llat eg\u00e9sz test\u00e9t be kell f\u00fajnunk vele, \u00e9s a hosszabb sz\u0151r\u0171 kuty\u00e1k bund\u00e1ja nehezebben nedvesedik \u00e1t, r\u00e1ad\u00e1sul am\u00edg a kutyus sz\u0151re teljesen meg nem sz\u00e1rad, addig megsimogatni sem szabad.<br \/>\nL\u00e9teznek kullancs elleni r\u00e1g\u00f3tablett\u00e1k is, amelyek hat\u00e1sa ak\u00e1r h\u00e1rom h\u00f3napos is lehet, azonban a legtart\u00f3sabbak m\u00e9gis a nyak\u00f6rvek, amelyek k\u00f6z\u00fcl a piacon t\u00f6bb olyan is el\u00e9rhet\u0151, amelyik nem csak a kullancsok, de a bolh\u00e1k ellen is v\u00e9delmet ny\u00fajt. Azonban h\u00e1tr\u00e1nyuk, hogy a nyak\u00f6rvet minden \u00fasz\u00e1s el\u0151tt le kell venni a kutyusr\u00f3l, mivel a hat\u00f3anyagai k\u00e1ros hat\u00e1ssal vannak a v\u00edzi \u00e9l\u0151l\u00e9nyekre. A nyak\u00f6rv eset\u00e9ben ne felejts\u00fck el rendszeresen ellen\u0151rizni, hogy nem t\u00fal szoros-e (az az ide\u00e1lis, ha k\u00e9t ujjunk bef\u00e9r a kutya nyaka \u00e9s a nyak\u00f6rv k\u00f6z\u00e9).<br \/>\nA megel\u0151z\u00e9s elengedhetetlen r\u00e9sze a fentieken t\u00fal, hogy s\u00e9t\u00e1ltat\u00e1s ut\u00e1n \u00e1tn\u00e9zz\u00fck \u00e9s \u00e1tf\u00e9s\u00fclj\u00fck a kutya sz\u0151rzet\u00e9t.<\/p>\n<p>&nbsp;<\/p>\n<p><strong>Fejf\u00e1j\u00e1sunk okoz\u00f3ja: a bolha<\/strong><\/p>\n<p><u>El\u0151fordul\u00e1suk:<\/u> ahogy a kullancsok, \u00fagy a bolh\u00e1k is v\u00edgan \u00e9lnek \u00e9s k\u00fcl\u00f6n\u00f6sen akt\u00edvak az \u0151szi id\u0151szak alatt. Nem meglep\u0151, hiszen a nem t\u00fal meleg, de nem is t\u00fal hideg id\u0151j\u00e1r\u00e1s a legide\u00e1lisabb sz\u00e1mukra. \u00c9rdemes tudni, hogy t\u00f6bb mint 2000 bolhafajta l\u00e9tezik. Kis m\u00e9reteik miatt a mai napig nagyon sokan lebecs\u00fclik a jelent\u0151s\u00e9g\u00fcket, holott nem el\u00e9g, hogy v\u00e9rsz\u00edv\u00f3 parazit\u00e1k, m\u00e9g k\u00fcl\u00f6nb\u00f6z\u0151 fert\u0151z\u00e9seket, betegs\u00e9geket is terjesztenek.<\/p>\n<p><u>Hol keressem?<\/u> Igaz\u00e1b\u00f3l nem neh\u00e9z \u00e9szrevenni, ha a kedvenc\u00fcnknek \u00faj \u201ebar\u00e1tai\u201d vannak, mivel a viszket\u00e9s, vakar\u00f3dz\u00e1s, illetve az apr\u00f3 cs\u00edp\u00e9snyomok a b\u0151r\u00f6n el\u00e9g \u00e1rulkod\u00f3ak. \u00c9rdemes alaposan megvizsg\u00e1lni a gerinc menti \u00e9s a farokt\u00e1ji r\u00e9szt, \u00e9s ha ott bolhapiszkot tal\u00e1lunk (ami \u00e1ltal\u00e1ban nagyon apr\u00f3, \u0151r\u00f6lt k\u00e1v\u00e9szemekre hasonl\u00edt) akkor m\u00e1r biztosak lehet\u00fcnk abban, hogy bolh\u00e1kkal \u00e1llunk szemben.<\/p>\n<p><u><img decoding=\"async\" class=\"aligncenter size-full wp-image-59919\" src=\"https:\/\/ujoldal.julius-k9.com\/wp-content\/uploads\/2018\/10\/kullancs3-5.jpg\" alt=\"Vigy\u00e1zat: az \u00e9l\u0151sk\u00f6d\u0151k \u0151sszel is elem\u00fckben vannak!\" width=\"940\" height=\"627\" \/><\/u><\/p>\n<p><u>Terjesztett betegs\u00e9gek\/okozott probl\u00e9m\u00e1k:<\/u> a bolh\u00e1k cs\u00edp\u00e9se terjeszti az \u00fagynevezett macskakarmol\u00e1si betegs\u00e9get is, amely a macsk\u00e1kon t\u00fcnetmentes, de a kuty\u00e1ban \u00e9s az emberben egyar\u00e1nt el\u00e9g s\u00falyos t\u00fcneteket produk\u00e1l, ezek k\u00f6z\u00e9 tartozik a l\u00e1z, a f\u00e1jdalom, illetve a nyirokcsom\u00f3-duzzanat is. Az esetek t\u00f6bbs\u00e9g\u00e9ben a betegs\u00e9g l\u00e9nyeg\u00e9ben b\u00e1rmif\u00e9le kezel\u00e9s n\u00e9lk\u00fcl elm\u00falik.<br \/>\nHa fert\u0151z\u00f6tt bolh\u00e1t fogyaszt a kutya, akkor az uborkamagk\u00e9p\u0171 galandf\u00e9reg nev\u0171 parazit\u00e1nak b\u00e9relt helye lehet a b\u00e9lrendszer\u00e9ben. Konkr\u00e9t t\u00fcneteket nem lehet a kuty\u00e1n \u00e9szrevenni, \u00e1m ha a kutya a fenek\u00e9t a sz\u0151nyegen v\u00e9gigh\u00fazza, akkor m\u00e1r elkezdhet\u00fcnk gyanakodni. Ez a fajta fert\u0151z\u00e9s az\u00e9rt is kellemetlen, mert ember is lehet a v\u00e9gleges gazda, \u00e9s m\u00e1r azzal is megfert\u0151z\u0151dhet\u00fcnk, ha megpusziljuk a kuty\u00e1t.<br \/>\nNem betegs\u00e9g, sokkal ink\u00e1bb kellemetlen probl\u00e9ma a b\u0151rgyullad\u00e1s, amit \u00e1ltal\u00e1ban a bolhany\u00e1l allergia id\u00e9z el\u0151, de el\u0151fordulhat s\u00falyos bolhafert\u0151z\u00f6tts\u00e9g eset\u00e9ben is. Rendszerint sz\u0151rveszt\u00e9ssel \u00e9s irrit\u00e1ci\u00f3val j\u00e1r.<br \/>\nSzint\u00e9n s\u00falyos bolhafert\u0151z\u00f6tts\u00e9g eset\u00e9n, k\u00f6ly\u00f6k vagy kisebb test\u0171 kuty\u00e1kn\u00e1l el\u0151fordulhat an\u00e9mia (vagyis v\u00e9szes v\u00e9rszeg\u00e9nys\u00e9g). Ebben az esetben a kutya szervezete nem k\u00e9pes l\u00e9p\u00e9st tartani a v\u00e9rvesztes\u00e9ggel, \u00e9s v\u00e9g\u00fcl elpusztul.<\/p>\n<p><em>Uborkamagk\u00e9p\u0171 galandf\u00e9reg-fert\u0151z\u00e9s kezel\u00e9se:<\/em> f\u00e9regtelen\u00edt\u00e9s. Az \u00e1llatorvos seg\u00edt kiv\u00e1lasztani a kutyus sz\u00e1m\u00e1ra legmegfelel\u0151bb gy\u00f3gyszert, \u00e9s tan\u00e1csot is ad az alkalmaz\u00e1s\u00e1hoz.<\/p>\n<p><em>Bolhany\u00e1l-allergia\/b\u0151rgyullad\u00e1s kezel\u00e9se: <\/em>az \u00e1llatorvosok \u00e1ltal\u00e1ban szteroidos \u00e9s antihisztamint tartalmaz\u00f3 gy\u00f3gyszeres kezel\u00e9ssel enyh\u00edtik a gyullad\u00e1st, illetve viszket\u00e9st enyh\u00edt\u0151 ken\u0151cs\u00f6ket is fel szoktak \u00edrni, valamint a gall\u00e9r haszn\u00e1lata is javasolt.<\/p>\n<p><u>Hogyan szabaduljunk meg a bolh\u00e1kt\u00f3l, \u00e9s az \u00e1ltaluk okozott probl\u00e9m\u00e1kt\u00f3l?<\/u> A bolh\u00e1k \u2013 ha tal\u00e1ltak egy sz\u00e1mukra megfelel\u0151t \u2013 nem szeretnek gazdatestet v\u00e1ltani. A n\u0151st\u00e9nyek a gazdatesteken pet\u00e9ket raknak, de mivel ezek nem r\u00f6gz\u00fclnek oda semmilyen anyag \u00e1ltal, \u00edgy al\u00e1hullnak, s a k\u00f6rnyezetben (padl\u00f3sz\u0151nyegen, parkett\u00e1n) tal\u00e1lnak mened\u00e9ket. Ez az\u00e9rt vesz\u00e9lyes, mert a bolhapopul\u00e1ci\u00f3 \u00edgy rohamos n\u00f6veked\u00e9snek indulhat ak\u00e1r az otthonunkon bel\u00fcl is. Ha m\u00e1r bek\u00f6vetkezett a baj, akkor nem csak a h\u00e1zi\u00e1llat bolh\u00e1tlan\u00edt\u00e1s\u00e1ra kell koncentr\u00e1lnunk: a bolhapopul\u00e1ci\u00f3 mind\u00f6ssze 5%-a \u00e9l az \u00e1llaton, a marad\u00e9k 95% a k\u00f6rnyezetben tal\u00e1lhat\u00f3 pete, l\u00e1rva \u00e9s b\u00e1b form\u00e1ban, \u00edgy t\u0151l\u00fck is meg kell szabadulnunk. Hat\u00e9kony m\u00f3dszernek bizonyul az alapos porsz\u00edv\u00f3z\u00e1s (ebben az esetben a porzs\u00e1kt\u00f3l is meg kell szabadulni), illetve a fert\u0151tlen\u00edt\u0151szerek haszn\u00e1lata.<\/p>\n<p><img loading=\"lazy\" decoding=\"async\" class=\"aligncenter size-full wp-image-59928\" src=\"https:\/\/ujoldal.julius-k9.com\/wp-content\/uploads\/2018\/10\/kullancs4-5.jpg\" alt=\"Vigy\u00e1zat: az \u00e9l\u0151sk\u00f6d\u0151k \u0151sszel is elem\u00fckben vannak!\" width=\"940\" height=\"626\" \/><\/p>\n<p>Fontos hangs\u00falyozni, hogy egy hossz\u00fa folyamat el\u00e9be n\u00e9z\u00fcnk, ugyanis alapos \u00e9s rendszeres takar\u00edt\u00e1ssal, illetve a kedvenc\u00fcnknek adott bolha\u00f6l\u0151 szerek kombin\u00e1ci\u00f3j\u00e1val is h\u00f3napokra lesz sz\u00fcks\u00e9g\u00fcnk ahhoz, hogy v\u00e9gleg megszabaduljunk a bolhapopul\u00e1ci\u00f3t\u00f3l. Az \u00e1llat alv\u00f3hely\u00e9t, illetve, ha van, akkor az \u00e1llatb\u00fator\u00e1t forr\u00f3 v\u00edzzel mossuk \u00e1t, vagy ha erre nincs lehet\u0151s\u00e9g, akkor ink\u00e1bb dobjuk ki, hiszen nagy a kock\u00e1zata annak, hogy ki nem fejl\u0151d\u00f6tt egyedek lapulnak rajta. \u00c9ppen ez\u00e9rt fontos a fejl\u0151d\u00e9si ciklus megszak\u00edt\u00e1sa, mivel csak ez jelenthet v\u00e9gleges megold\u00e1st. Van lehet\u0151s\u00e9g rovarn\u00f6veked\u00e9s-szab\u00e1lyoz\u00f3 (angol r\u00f6vid\u00edt\u00e9se: IGR) szerek haszn\u00e1lat\u00e1ra is, amely l\u00e9nyeg\u00e9ben megg\u00e1tolja a fiatal bolh\u00e1k fejl\u0151d\u00e9s\u00e9t.<\/p>\n<p><u>Megel\u0151z\u00e9s:<\/u> Csak\u00fagy, mint a kullancsokn\u00e1l, a bolh\u00e1kkal szemben is felvehetj\u00fck a harcot spot-on, gy\u00f3gyszeres nyak\u00f6rv, spray \u00e9s tabletta seg\u00edts\u00e9g\u00e9vel egyar\u00e1nt. Rendk\u00edv\u00fcl fontos azonban, hogy hossz\u00fat\u00e1v\u00fa bolha\u00f6l\u0151t szerezz\u00fcnk be.<\/p>\n<p>Nem szabad elfeledn\u00fcnk, hogy ha \u00e1llatot tartunk \u00e9s ha valami probl\u00e9ma mer\u00fcl fel, akkor nem az \u00e1llatos Facebook-csoportban akt\u00edv Mari n\u00e9nire, hanem \u00e1llatorvosra van sz\u00fcks\u00e9g\u00fcnk, aki felm\u00e9ri szem\u00e9lyes ig\u00e9nyeinket, helyzet\u00fcnket, \u00e9s meghat\u00e1rozza, hogy milyen term\u00e9kre van sz\u00fcks\u00e9g\u00fcnk.<\/p>\n<p><em>Szeleczky Afrodite<\/em><\/p>\n<p>&nbsp;<\/p>\n<p><strong>Forr\u00e1sok:<\/strong><\/p>\n<p><a href=\"http:\/\/www.haziallat.hu\/allati-trendi\/gyogyszer\/lyme-kor-kutya-macska-167\/1454\/\" target=\"_blank\" rel=\"noopener\">http:\/\/www.haziallat.hu\/allati-trendi\/gyogyszer\/lyme-kor-kutya-macska-167\/1454\/<\/a><\/p>\n<p><a href=\"https:\/\/hu.wikipedia.org\/wiki\/Bab%C3%A9zi%C3%B3zis\" target=\"_blank\" rel=\"noopener\">https:\/\/hu.wikipedia.org\/wiki\/Bab%C3%A9zi%C3%B3zis<\/a><\/p>\n<p><a href=\"https:\/\/www.youtube.com\/user\/zallatorvos\" target=\"_blank\" rel=\"noopener\">https:\/\/www.youtube.com\/user\/zallatorvos<\/a><\/p>\n<p>&nbsp;<\/p>\n","protected":false},"excerpt":{"rendered":"<p>A kullancsok \u00e9s bolh\u00e1k az \u0151szi id\u0151szak alatt szinte \u201ekivir\u00e1goznak\u201d. Hogyan el\u0151zheted meg a bajt, ha pedig m\u00e1r megt\u00f6rt\u00e9nt, akkor mit tehetsz ellene? Ezekre a k\u00e9rd\u00e9sekre adunk most v\u00e1laszt!<\/p>\n","protected":false},"author":4,"featured_media":59901,"comment_status":"closed","ping_status":"open","sticky":false,"template":"","format":"standard","meta":{"_acf_changed":false,"footnotes":""},"categories":[211],"tags":[],"class_list":["post-59897","post","type-post","status-publish","format-standard","has-post-thumbnail","hentry","category-blog-hu","category-211","description-off"],"acf":[],"_links":{"self":[{"href":"https:\/\/julius-k9.com\/hu\/wp-json\/wp\/v2\/posts\/59897","targetHints":{"allow":["GET"]}}],"collection":[{"href":"https:\/\/julius-k9.com\/hu\/wp-json\/wp\/v2\/posts"}],"about":[{"href":"https:\/\/julius-k9.com\/hu\/wp-json\/wp\/v2\/types\/post"}],"author":[{"embeddable":true,"href":"https:\/\/julius-k9.com\/hu\/wp-json\/wp\/v2\/users\/4"}],"replies":[{"embeddable":true,"href":"https:\/\/julius-k9.com\/hu\/wp-json\/wp\/v2\/comments?post=59897"}],"version-history":[{"count":0,"href":"https:\/\/julius-k9.com\/hu\/wp-json\/wp\/v2\/posts\/59897\/revisions"}],"wp:featuredmedia":[{"embeddable":true,"href":"https:\/\/julius-k9.com\/hu\/wp-json\/wp\/v2\/media\/59901"}],"wp:attachment":[{"href":"https:\/\/julius-k9.com\/hu\/wp-json\/wp\/v2\/media?parent=59897"}],"wp:term":[{"taxonomy":"category","embeddable":true,"href":"https:\/\/julius-k9.com\/hu\/wp-json\/wp\/v2\/categories?post=59897"},{"taxonomy":"post_tag","embeddable":true,"href":"https:\/\/julius-k9.com\/hu\/wp-json\/wp\/v2\/tags?post=59897"}],"curies":[{"name":"wp","href":"https:\/\/api.w.org\/{rel}","templated":true}]}}