{"id":57506,"date":"2018-09-10T18:32:41","date_gmt":"2018-09-10T18:32:41","guid":{"rendered":"https:\/\/julius-k9.com\/?p=57506"},"modified":"2018-09-10T18:32:41","modified_gmt":"2018-09-10T18:32:41","slug":"termeszetfotosbol-kutyafotos","status":"publish","type":"post","link":"https:\/\/julius-k9.com\/hu\/termeszetfotosbol-kutyafotos\/","title":{"rendered":"Term\u00e9szetfot\u00f3sb\u00f3l kutyafot\u00f3s"},"content":{"rendered":"<p>A term\u00e9szetfot\u00f3z\u00e1s igaz\u00e1n egyed\u00fcl\u00e1ll\u00f3 m\u0171v\u00e9szet, az \u00e1llatokat saj\u00e1t \u00e9l\u0151hely\u00fck\u00f6n, a maguk term\u00e9szetes mivolt\u00e1ban \u00f6r\u00f6k\u00edti meg a fot\u00f3s, a lehet\u0151 legkevesebb mesters\u00e9ges eszk\u00f6zt bevetve, \u00e9szrev\u00e9tlen\u00fcl rejt\u0151zk\u00f6dve ak\u00e1r v\u00edzben, vagy bokrok, cserj\u00e9sek s\u0171r\u0171j\u00e9ben. A kutyafot\u00f3z\u00e1sban a h\u00e1zias\u00edt\u00e1sb\u00f3l \u00e9s a kuty\u00e1k egy\u00fcttm\u0171k\u00f6d\u00e9s\u00e9b\u0151l fakad\u00f3an m\u00e1s lehet\u0151s\u00e9gek is megny\u00edlnak a m\u0171v\u00e9szek el\u0151tt. Jakab Fl\u00f3ra term\u00e9szetfot\u00f3s a kett\u0151t \u00f6tv\u00f6zve teljesen \u00faj l\u00e1t\u00e1sm\u00f3ddal \u00e1ll a nagyk\u00f6z\u00f6ns\u00e9g el\u00e9. Ennek kapcs\u00e1n k\u00f6tetlen fot\u00f3p\u00e1ly\u00e1zatot hirdetett, melynek keret\u00e9ben a kedvencek szem\u00e9lyis\u00e9g\u00e9t legink\u00e1bb t\u00fckr\u00f6z\u0151 f\u00e9nyk\u00e9pekre volt k\u00edv\u00e1ncsi. B\u00e1r a szavaz\u00e1s m\u00e1r lez\u00e1rult, de mik\u00f6zben izgatottan v\u00e1rjuk az eredm\u00e9nyeket \u2013 melyek m\u00e9lt\u00f3 elismer\u00e9s\u00e9hez a Julius-K9\u00ae is hozz\u00e1j\u00e1rult &#8211; Fl\u00f3r\u00e1val a p\u00e1ly\u00e1zat aprop\u00f3j\u00e1n kuty\u00e1kr\u00f3l, fot\u00f3z\u00e1sr\u00f3l \u00e9s a term\u00e9szet ir\u00e1nti szenved\u00e9ly\u00e9r\u0151l besz\u00e9lgett\u00fcnk. Arr\u00f3l is megosztott n\u00e9h\u00e1ny tr\u00fckk\u00f6t, hogyan k\u00e9sz\u00edthet\u00fcnk amat\u0151rk\u00e9nt is remek kuty\u00e1s k\u00e9peket.<\/p>\n<p>&nbsp;<\/p>\n<p><strong>Term\u00e9szetfot\u00f3sk\u00e9nt honnan j\u00f6tt az \u00f6tlet, hogy kuty\u00e1kat fot\u00f3zz?<\/strong><\/p>\n<p>Tulajdonk\u00e9ppen egy szerencs\u00e9s v\u00e9letlennek k\u00f6sz\u00f6nhet\u0151en cs\u00f6ppentem bele a kutyafot\u00f3z\u00e1s vil\u00e1g\u00e1ba. \u00c9desap\u00e1mat k\u00e9rt\u00e9k fel arra, hogy k\u00e9sz\u00edtsen k\u00e9peket az A kutya magazin sz\u00e1m\u00e1ra, \u00e1m r\u00e9sz\u00e9r\u0151l az id\u0151 hi\u00e1ny\u00e1ban ez megval\u00f3s\u00edtatlan felk\u00e9r\u00e9s maradt. \u00dagy gondolta, \u00e9n is megfelel\u0151 szak\u00e9rtelemmel \u00e9s elhivatotts\u00e1ggal fogom v\u00e9gezni ezt a munk\u00e1t, \u00edgy engem javasolt, \u00e9s elkezdtem kuty\u00e1s k\u00f6r\u00f6kben mozogni, kuty\u00e1s rendezv\u00e9nyeken, kutya-sz\u00e9ps\u00e9gversenyeken r\u00e9szt venni. Ennyi lenne a r\u00f6vid t\u00f6rt\u00e9net. Az\u00f3ta pedig m\u00e1r magamnak \u00e9s a nagyk\u00f6z\u00f6ns\u00e9gnek fot\u00f3zom.<\/p>\n<p><strong><img fetchpriority=\"high\" decoding=\"async\" class=\"aligncenter size-full wp-image-57513\" src=\"https:\/\/ujoldal.julius-k9.com\/wp-content\/uploads\/2018\/09\/jakab-flora2-5.jpg\" alt=\"Jakab Fl\u00f3ra\" width=\"940\" height=\"627\" \/><\/strong><br \/>\n<strong>Minek k\u00f6sz\u00f6nhet\u0151 a term\u00e9szet \u00e9s a fot\u00f3z\u00e1s ir\u00e1nti szenved\u00e9lyed?<\/strong><br \/>\nEz is ugyancsak \u00c9desap\u00e1mra vezethet\u0151 vissza, aki maga is term\u00e9szetfot\u00f3s valamint nagy term\u00e9szetbar\u00e1t. Nagy b\u00e1tors\u00e1g volt, hogy f\u00e9nyk\u00e9pez\u0151g\u00e9pet adott a kezembe, hiszen \u0151 mindig azt mondja: \u201cEl\u00e9g egy fanatikus a csal\u00e1dba&#8230;\u201d Azt\u00e1n lett kett\u0151.<br \/>\nA term\u00e9szet \u00e9s az \u00e1llatok szeretete n\u00e1lam mindig mag\u00e1t\u00f3l \u00e9rtet\u0151d\u0151 volt, ilyen k\u00f6rnyezetbe sz\u00fclettem bele. \u00c9ppen ez\u00e9rt koptatom az \u00c1llatorvostudom\u00e1nyi Egyetem padjait.<\/p>\n<p><strong><img decoding=\"async\" class=\"aligncenter size-full wp-image-57507\" src=\"https:\/\/ujoldal.julius-k9.com\/wp-content\/uploads\/2018\/09\/jakab-flora1-5.jpg\" alt=\"Jakab Fl\u00f3ra\" width=\"940\" height=\"627\" \/><\/strong><br \/>\n<strong>Mi fog meg a kuty\u00e1kban? Milyen kontextusban szereted legink\u00e1bb \u00e1br\u00e1zolni \u0151ket a fot\u00f3kon?<\/strong><\/p>\n<p>Nekem az abszol\u00fat kedvenc \u00e1llatom a farkas. A ki\u00e1ll\u00e1sa, b\u00e1tors\u00e1ga \u00e9s fens\u00e9ges mivolta sz\u00e1momra leny\u0171g\u00f6z\u0151. \u00c9s ha nagyon figyel\u00fcnk, ezeket a tulajdons\u00e1gokat mind-mind felfedezhetj\u00fck a kuty\u00e1kban is. Nem v\u00e9letlen\u00fcl\u2026 Nekem is van kuty\u00e1m, aki fel\u00e9r egy mini farkassal. De pont ezt im\u00e1dom benne \ud83d\ude42<\/p>\n<p>Sajnos (vagy nem sajnos) nem tudok att\u00f3l elvonatkoztatni, hogy term\u00e9szetfot\u00f3s vagyok. Pont ez\u00e9rt pr\u00f3b\u00e1lom meg a kuty\u00e1kat is \u00fagy \u00e1br\u00e1zolni, mintha vad\u00e1llatok lenn\u00e9nek. De \u00fagy is \u00e9rdemes \u0151ket fot\u00f3zni, hogy ne vegyenek tudom\u00e1st a fot\u00f3sr\u00f3l, mert \u00edgy felszabadultabbak, \u00e9s \u00f6nmagukat adj\u00e1k.<\/p>\n<p>&nbsp;<\/p>\n<p><strong>A p\u00e1ly\u00e1zaton nem is a k\u00e9p min\u0151s\u00e9ge, hanem f\u0151k\u00e9nt az \u00fajszer\u0171 l\u00e1t\u00e1sm\u00f3d kapott hangs\u00falyt, \u00edgy aki annyira nem \u00e9rt a fot\u00f3z\u00e1shoz, ugyan\u00fagy sz\u00e9p es\u00e9lyekkel indulhatott. L\u00e9nyeges \u00edgy, hogy milyen eszk\u00f6zzel k\u00e9sz\u00fclt a k\u00e9pe, vagy el\u00e9g a kreativit\u00e1s? Hogyan k\u00e9sz\u00edthet egy amat\u0151r is j\u00f3 min\u0151s\u00e9g\u0171 fot\u00f3t f\u00e9nyk\u00e9pez\u0151vel\/telefonnal a kuty\u00e1j\u00e1r\u00f3l?<\/strong><\/p>\n<p>Minden sokkal ink\u00e1bb a kreativit\u00e1son \u00e9s a fot\u00f3s l\u00e1t\u00e1sm\u00f3dj\u00e1n, mintsem az eszk\u00f6z\u00f6k\u00f6n m\u00falik. Ha a fejben \u00f6ssze\u00e1llt a k\u00e9p, akkor mindig valami hasonl\u00f3ra kell t\u00f6rekedni, azon agyalni, hogy hogyan tudn\u00e1 megval\u00f3s\u00edtani. Kuty\u00e1k eset\u00e9ben els\u0151k\u00e9nt a perspekt\u00edva a legfontosabb. B\u00e1tran ereszkedj\u00fcnk le mell\u00e9j\u00fck n\u00e9gyk\u00e9zl\u00e1bra! M\u00e1ris egy m\u00e1s vil\u00e1g t\u00e1rul el\u00e9nk, valamint m\u00e1s k\u00e9p lesz a v\u00e9geredm\u00e9ny. Jutalomfalattal, csipog\u00f3s lasztival befoly\u00e1solhatjuk a figyelm\u00fcket. \u00c1ltal\u00e1ban ez\u00e9rt lesz k\u00e9t emberes egy ilyen fot\u00f3z\u00e1s \ud83d\ude42<\/p>\n<p>&nbsp;<\/p>\n<p><strong>Mit v\u00e1rsz a fot\u00f3p\u00e1ly\u00e1zatt\u00f3l?<\/strong><br \/>\nHazudn\u00e9k, ha azt mondan\u00e1m, van c\u00e9lja a p\u00e1ly\u00e1zatnak. Lehet, hogy sok gondolkod\u00e1s ut\u00e1n valamit r\u00e1 tudn\u00e9k fogni, de az nem lenne igazi. Ez egy buli. Buli az embereknek, hogy v\u00e9gre megm\u00e9rettethetik m\u00e1s gazdikkal\/fot\u00f3sokkal a k\u00e9peiket, buli nekem, hogy megszerveztem, \u00e9s ezzel picit megmozgattam az embereket.<\/p>\n<p><em>A p\u00e1ly\u00e1zat kimenetel\u00e9r\u0151l az <a href=\"http:\/\/ebhely.hu\" target=\"_blank\" rel=\"noopener\">ebhely.hu<\/a> oldalon olvashatunk.<\/em><\/p>\n<p><em>BZS<\/em><\/p>\n<p>&nbsp;<\/p>\n","protected":false},"excerpt":{"rendered":"<p>A term\u00e9szetfot\u00f3z\u00e1s igaz\u00e1n egyed\u00fcl\u00e1ll\u00f3 m\u0171v\u00e9szet, az \u00e1llatokat saj\u00e1t \u00e9l\u0151hely\u00fck\u00f6n, a maguk term\u00e9szetes mivolt\u00e1ban \u00f6r\u00f6k\u00edti meg a fot\u00f3s, a lehet\u0151 legkevesebb mesters\u00e9ges eszk\u00f6zt bevetve&#8230;<\/p>\n","protected":false},"author":4,"featured_media":57519,"comment_status":"closed","ping_status":"open","sticky":false,"template":"","format":"standard","meta":{"_acf_changed":false,"footnotes":""},"categories":[211],"tags":[],"class_list":["post-57506","post","type-post","status-publish","format-standard","has-post-thumbnail","hentry","category-blog-hu","category-211","description-off"],"acf":[],"_links":{"self":[{"href":"https:\/\/julius-k9.com\/hu\/wp-json\/wp\/v2\/posts\/57506","targetHints":{"allow":["GET"]}}],"collection":[{"href":"https:\/\/julius-k9.com\/hu\/wp-json\/wp\/v2\/posts"}],"about":[{"href":"https:\/\/julius-k9.com\/hu\/wp-json\/wp\/v2\/types\/post"}],"author":[{"embeddable":true,"href":"https:\/\/julius-k9.com\/hu\/wp-json\/wp\/v2\/users\/4"}],"replies":[{"embeddable":true,"href":"https:\/\/julius-k9.com\/hu\/wp-json\/wp\/v2\/comments?post=57506"}],"version-history":[{"count":0,"href":"https:\/\/julius-k9.com\/hu\/wp-json\/wp\/v2\/posts\/57506\/revisions"}],"wp:featuredmedia":[{"embeddable":true,"href":"https:\/\/julius-k9.com\/hu\/wp-json\/wp\/v2\/media\/57519"}],"wp:attachment":[{"href":"https:\/\/julius-k9.com\/hu\/wp-json\/wp\/v2\/media?parent=57506"}],"wp:term":[{"taxonomy":"category","embeddable":true,"href":"https:\/\/julius-k9.com\/hu\/wp-json\/wp\/v2\/categories?post=57506"},{"taxonomy":"post_tag","embeddable":true,"href":"https:\/\/julius-k9.com\/hu\/wp-json\/wp\/v2\/tags?post=57506"}],"curies":[{"name":"wp","href":"https:\/\/api.w.org\/{rel}","templated":true}]}}