{"id":55836,"date":"2018-08-02T05:58:23","date_gmt":"2018-08-02T05:58:23","guid":{"rendered":"https:\/\/julius-k9.com\/?p=55836"},"modified":"2018-08-02T05:58:23","modified_gmt":"2018-08-02T05:58:23","slug":"a-kutyatartas-nem-fekete-vagy-feher-ne-kategorizald-a-kutyabaratot","status":"publish","type":"post","link":"https:\/\/julius-k9.com\/hu\/a-kutyatartas-nem-fekete-vagy-feher-ne-kategorizald-a-kutyabaratot\/","title":{"rendered":"A kutyatart\u00e1s nem fekete vagy feh\u00e9r &#8211; ne kategoriz\u00e1ld a kutyabar\u00e1tot!"},"content":{"rendered":"<p>Semmi sem fekete vagy feh\u00e9r, ez a kutyatart\u00e1sra ugyan\u00fagy igaz, mint az \u00e9let b\u00e1rmely ter\u00fclet\u00e9re. Napjainkban m\u00e9gis olyan <strong>sz\u00e9ls\u0151s\u00e9ges hozz\u00e1\u00e1ll\u00e1s<\/strong> jelent meg az \u00e1llatokkal val\u00f3 b\u00e1n\u00e1sm\u00f3d ter\u00e9n, mely \u201e<em>fekete\u201d<\/em> \u00e9s <em>\u201efeh\u00e9r\u201d<\/em> t\u00e1borra osztja a kuty\u00e1sokat. A magukat felel\u0151s \u00e1llattart\u00f3knak nevez\u0151k rosszall\u00f3an tekintenek a m\u00e1sik v\u00e9gletre, akik tal\u00e1n m\u00e9g sincsenek olyan messze az elvakult kuty\u00e1s t\u00e1bort\u00f3l, mint azok gondoln\u00e1k, \u00e9s k\u00f6zel sem tekinthet\u0151k v\u00e9gletnek egy\u00e9bk\u00e9nt. Hiszen egy valami k\u00f6z\u00f6s benn\u00fck: <strong>a kuty\u00e1k szeretete.<\/strong> Egyszer\u0171en a szeretetet, ahogy a kuty\u00e1t mag\u00e1t is m\u00e1sk\u00e9nt \u00e9rtelmezik, m\u00e1sk\u00e9pp \u00e1llnak hozz\u00e1, \u00e9s a k\u00e9t t\u00e1bor \u00f6sszez\u00e1r. Nem pr\u00f3b\u00e1lj\u00e1k meg\u00e9rteni a m\u00e1sik hozz\u00e1\u00e1ll\u00e1s\u00e1t, az \u00e1llatszeretet h\u00e1tter\u00e9be n\u00e9zni, \u00e9s belegondolni, mit\u0151l is lenne jobb vagy rosszabb egyik, mint a m\u00e1sik. <strong>Lehet, hogy nincs is akkora szakad\u00e9k, mint gondoln\u00e1nk?<\/strong> Ki mondja meg, hogy a kuty\u00e1nak rossz-e az, ha a kertben \u00e9l, ha \u201ecsak\u201d szeretik, de nincs funkci\u00f3ja, ha \u00f6szt\u00f6nb\u0151l, de ut\u00e1nan\u00e9z\u00e9s n\u00e9lk\u00fcl nevelik, ha enni kap, simogat\u00e1st, \u00e9s egy kis j\u00e1t\u00e9kot, de nem tarthat a csal\u00e1ddal mindenhova?<\/p>\n<p>Hossz\u00fa ideje foglalkoztat a t\u00e9ma, pr\u00f3b\u00e1lom meg\u00e9rteni, hogy a szeretet megf\u00e9rhet azzal, hogy sz\u00f6kik a kutya, vagy hogy milyen a genetik\u00e1ja, esetleg kever\u00e9k k\u00f6lykei sz\u00fcletnek egy v\u00e9letlen alomb\u00f3l. El\u00e9g lehet, hogy aranyos, \u00e9s <strong>sem a gazda, sem a kutya nem k\u00e9r t\u00f6bbet.<\/strong><\/p>\n<p>A saj\u00e1t v\u00e9gletemben a kutya szeretete <strong>az ig\u00e9nyei legteljesebb kiel\u00e9g\u00edt\u00e9s\u00e9t,<\/strong> az \u00e9ps\u00e9ge mindenkori biztos\u00edt\u00e1s\u00e1t \u00e9s az eg\u00e9szs\u00e9ge meg\u0151rz\u00e9s\u00e9t jelenti. Ehhez bizony hozz\u00e1 tartozik a genetika, hiszen minek \u201egy\u00e1rtsunk\u201d olyan k\u00f6lyk\u00f6ket, akik sz\u00fclet\u00e9sb\u0151l ered\u0151en nagyobb es\u00e9llyel lehetnek betegek, teh\u00e1t szenvedhetnek. Ugyan\u00fagy hozz\u00e1tartozik a felel\u0151ss\u00e9gv\u00e1llal\u00e1s minden t\u00e9ren. Ha sz\u00f6kik, mert nem figyelek r\u00e1 kell\u0151en, vagy mert nem nevelem \u00e9s szocializ\u00e1lom, azzal \u0151t vesz\u00e9lyeztetem; figyelmetlens\u00e9gemb\u0151l ad\u00f3d\u00f3an s\u00e9r\u00fclhet, el\u00fctheti az aut\u00f3, kutyat\u00e1mad\u00e1s \u00e9rheti, stb. Nem besz\u00e9lve arr\u00f3l, hogy m\u00e1soknak ezzel akaratuk ellen\u00e9re k\u00e1rt okozhatok. A felsorol\u00e1sb\u00f3l nem maradhat ki a kuty\u00e1nak <strong>megfelel\u0151 szellemi \u00e9s fizikai tev\u00e9kenys\u00e9g<\/strong> sem. Ez mindegy, hogy tr\u00fckktanul\u00e1s, egyszer\u0171 kir\u00e1ndul\u00e1s, hossz\u00fa s\u00e9ta, sport vagy munka, esetleg csak a gazd\u00e1val tarthat kocsik\u00e1zni a kutya, a l\u00e9nyeg, hogy kiegyens\u00falyozott, \u00e9s eg\u00e9szs\u00e9gesen kimer\u00fclt legyen, en\u00e9lk\u00fcl stresszes lehet, ami az \u00e9n kutyaszeretetembe m\u00e1r nem f\u00e9r bele. <strong>K\u00e9rd\u00e9s, hogy val\u00f3ban ennyire t\u00fal kell-e gondolni a kutyatart\u00e1st?<\/strong><\/p>\n<p>Az emberek szeretik a feket\u00e9t \u00e9s feh\u00e9ret, \u00e9rzelmi katarzishoz juttatja \u0151ket, ha k\u00fcl\u00f6nbnek gondolhatj\u00e1k magukat m\u00e1sokn\u00e1l, vagy h\u00e1tt\u00e9r-inform\u00e1ci\u00f3k n\u00e9lk\u00fcl elmondhatj\u00e1k, hogy az alapvet\u0151en nem j\u00f3, ahogy a m\u00e1sik csin\u00e1lja. Kapcsolatok mennek t\u00f6nkre, bar\u00e1ts\u00e1gok bomlanak fel, \u00e9s r\u00e9gi ismer\u0151s\u00f6k t\u00e1volodnak el egym\u00e1st\u00f3l, mi\u00f3ta divatt\u00e1 v\u00e1lt az \u00e1llatv\u00e9delem, k\u00f6telez\u0151 jelleg\u0171v\u00e9 a kutyatart\u00e1s. Egyszer\u0171 n\u00e9zetelt\u00e9r\u00e9sek miatt. \u00a0A k\u00e9rd\u00e9sk\u00f6r val\u00f3j\u00e1ban azonban el\u00e9g egyszer\u0171. <strong>Nincs fekete vagy feh\u00e9r, \u00e9s nincs k\u00e9t t\u00e1bor sem.<\/strong> Ahogy egy kedves ismer\u0151s\u00f6m fogalmazna: <em>olyan emberek vannak, akik szeretik a kuty\u00e1kat, \u00e9s olyanok, akik nem.<\/em> Mindk\u00e9t d\u00f6nt\u00e9st tiszteletben kell tartani. <strong>Ha pedig valaki szereti a kuty\u00e1j\u00e1t, ott m\u00e1r semmi gond nem lehet.<\/strong> (Mindaddig, am\u00edg a szeretettel nem \u00e1rtunk a kuty\u00e1nak.) Itt az egyetlen k\u00e9rd\u00e9s:\u00a0<em>hogyan viszonyulunk a m\u00e1sik emberhez?<\/em><\/p>\n<p><em>BZs<\/em><\/p>\n","protected":false},"excerpt":{"rendered":"<p>Semmi sem fekete vagy feh\u00e9r, ez a kutyatart\u00e1sra ugyan\u00fagy igaz, mint az \u00e9let b\u00e1rmely ter\u00fclet\u00e9re.<\/p>\n","protected":false},"author":4,"featured_media":55861,"comment_status":"closed","ping_status":"open","sticky":false,"template":"","format":"standard","meta":{"_acf_changed":false,"footnotes":""},"categories":[211],"tags":[],"class_list":["post-55836","post","type-post","status-publish","format-standard","has-post-thumbnail","hentry","category-blog-hu","category-211","description-off"],"acf":[],"_links":{"self":[{"href":"https:\/\/julius-k9.com\/hu\/wp-json\/wp\/v2\/posts\/55836","targetHints":{"allow":["GET"]}}],"collection":[{"href":"https:\/\/julius-k9.com\/hu\/wp-json\/wp\/v2\/posts"}],"about":[{"href":"https:\/\/julius-k9.com\/hu\/wp-json\/wp\/v2\/types\/post"}],"author":[{"embeddable":true,"href":"https:\/\/julius-k9.com\/hu\/wp-json\/wp\/v2\/users\/4"}],"replies":[{"embeddable":true,"href":"https:\/\/julius-k9.com\/hu\/wp-json\/wp\/v2\/comments?post=55836"}],"version-history":[{"count":0,"href":"https:\/\/julius-k9.com\/hu\/wp-json\/wp\/v2\/posts\/55836\/revisions"}],"wp:featuredmedia":[{"embeddable":true,"href":"https:\/\/julius-k9.com\/hu\/wp-json\/wp\/v2\/media\/55861"}],"wp:attachment":[{"href":"https:\/\/julius-k9.com\/hu\/wp-json\/wp\/v2\/media?parent=55836"}],"wp:term":[{"taxonomy":"category","embeddable":true,"href":"https:\/\/julius-k9.com\/hu\/wp-json\/wp\/v2\/categories?post=55836"},{"taxonomy":"post_tag","embeddable":true,"href":"https:\/\/julius-k9.com\/hu\/wp-json\/wp\/v2\/tags?post=55836"}],"curies":[{"name":"wp","href":"https:\/\/api.w.org\/{rel}","templated":true}]}}