{"id":47496,"date":"2018-06-26T09:34:14","date_gmt":"2018-06-26T09:34:14","guid":{"rendered":"https:\/\/julius-k9.com\/?p=47496"},"modified":"2018-06-26T09:34:14","modified_gmt":"2018-06-26T09:34:14","slug":"patkanyfogas-kutyaval","status":"publish","type":"post","link":"https:\/\/julius-k9.com\/hu\/patkanyfogas-kutyaval\/","title":{"rendered":"Patk\u00e1nyfog\u00e1s kuty\u00e1val"},"content":{"rendered":"<p>K\u00fclf\u00f6ld\u00f6n nagyobb kultusz\u00e1t \u00e9li, \u00e9s l\u00e9nyegesen elfogadottabb tev\u00e9kenys\u00e9g a kuty\u00e1val t\u00f6rt\u00e9n\u0151 patk\u00e1nymentes\u00edt\u00e9s, mint haz\u00e1nkban, b\u00e1r jelent\u0151s \u00e9rvek sz\u00f3lnak mellette. \u00c1llatv\u00e9delmi szempontb\u00f3l \u00e9rdekes k\u00e9rd\u00e9seket vet fel, azonban a kotor\u00e9kebek oldal\u00e1r\u00f3l n\u00e9zve ez \u00f6szt\u00f6nkiel\u00e9g\u00edt\u00e9s&#8230; munka, ak\u00e1rcsak a sp\u00e1nielnek a vad\u00e1szat, vagy a malinoisnak az \u0151rz\u0151-v\u00e9d\u0151 tev\u00e9kenys\u00e9g.<\/p>\n<p>Itthon, akt\u00edv r\u00e1gcs\u00e1l\u00f3ment\u0151 szervezetekn\u00e9l, \u00e9s egy\u00e9b hasonl\u00f3 t\u00e9m\u00e1j\u00fa f\u00f3rumokon olykor el\u0151ker\u00fcl a patk\u00e1nyirt\u00e1s t\u00e9m\u00e1ja, meglehet\u0151sen sz\u00e9ls\u0151s\u00e9ges indulatokat kiv\u00e1ltva a rendszertani oszt\u00e1ly kedvel\u0151ib\u0151l. \u00c9rdekess\u00e9g, hogy k\u00fclf\u00f6ldi oldalakon kutatva sz\u00f3 sem esik a t\u00e9ma negat\u00edv megk\u00f6zel\u00edt\u00e9s\u00e9r\u0151l, m\u00e9g menhelyek, s\u0151t nagyobb \u00e1llatv\u00e9d\u0151 szervezetek is t\u00e1mogatj\u00e1k az ilyen ir\u00e1ny\u00fa \u00e1llom\u00e1nycs\u00f6kkent\u00e9st. Vitathatatlan t\u00e9ny, hogy ez a r\u00e1gcs\u00e1l\u00f3 is \u00e9l\u0151l\u00e9ny, b\u00e1r szaporas\u00e1g\u00e1nak \u00e9s intelligenci\u00e1j\u00e1nak h\u00e1la, egyel\u0151re nem szorul ment\u00e9sre, s\u0151t mi t\u00f6bb, 5 napos ovul\u00e1ci\u00f3j\u00e1nak, \u00e9s 3 hetes vemhess\u00e9g\u00e9nek k\u00f6sz\u00f6nhet\u0151en \u2013 melyb\u0151l ak\u00e1r 23 ut\u00f3d is sz\u00e1rmazhat \u2013 nem sz\u00fcks\u00e9ges \u0151ket v\u00e9deni. S\u0151t, az eg\u00e9szs\u00e9g\u00fcnk \u00e9s komfort\u00e9rzet\u00fcnk meg\u00f3v\u00e1sa \u00e9rdek\u00e9ben olykor sor ker\u00fcl a ritk\u00edt\u00e1sukra, melynek leghum\u00e1nusabb m\u00f3dja kuty\u00e1val t\u00f6rt\u00e9nik.<\/p>\n<p>&nbsp;<\/p>\n<p><strong>A kuty\u00e1s patk\u00e1nyfog\u00e1sr\u00f3l \u00e1ltal\u00e1ban<\/strong><\/p>\n<p>A tev\u00e9kenys\u00e9g egyszerre \u00f6n\u00e1ll\u00f3 \u00e9s csapatmunka. A kuty\u00e1nak kiv\u00e1l\u00f3an kell hallgatnia a gazd\u00e1j\u00e1ra, figyelni a jelz\u00e9seit, hogy ak\u00e1r csak a neve hallat\u00e1n keresse a zs\u00e1km\u00e1nyt, azonban t\u00f6bbnyire egy\u00e9nileg kell v\u00e9geznie a feladat\u00e1t. Azaz megfelel\u0151 k\u00e9pz\u00e9s ut\u00e1n az ebek \u00f6n\u00e1ll\u00f3 harcosokk\u00e1 v\u00e1lnak, akik k\u00e9pesek t\u00e1rsaikkal, gazd\u00e1ikkal vagy m\u00e1s \u00e1llatfajokkal egy\u00fctt dolgozni. Ugyanis gyakran alkalmaznak a feladatra g\u00f6r\u00e9nyeket, akik a j\u00e1ratokb\u00f3l kihajtj\u00e1k a r\u00e1gcs\u00e1l\u00f3kat, majd azokat a lyukakb\u00f3l kib\u00fajva elkapj\u00e1k a kuty\u00e1k. Term\u00e9szetesen a vad\u00e1szg\u00f6r\u00e9nyeknek nem eshet b\u00e1nt\u00f3d\u00e1sa. Kiv\u00e1l\u00f3 \u00f6sszpontos\u00edt\u00e1st, szagl\u00e1st \u00e9s remek \u00f6szt\u00f6n\u00f6ket ig\u00e9nyel.<\/p>\n<p>A patk\u00e1nyirt\u00e1snak mindig ugyanaz a menete. Abban az esetben, ha a szakember g\u00f6r\u00e9nyekkel is dolgozik, a kuty\u00e1t a j\u00e1ratok v\u00e9g\u00e9re \u00e1ll\u00edtja, \u00edgy az ebnek teljesen \u00f6n\u00e1ll\u00f3 munk\u00e1t kell v\u00e9geznie. M\u00e1s elj\u00e1r\u00e1s eset\u00e9n a kutya k\u00f6veti a munkafolyamatot, r\u00e9szben egy\u00e9nileg, r\u00e9szben a gazda szav\u00e1nak engedelmeskedve teljes\u00edt.<\/p>\n<p>&nbsp;<\/p>\n<p><strong>Kutyav\u00e1laszt\u00e1s, k\u00e9pz\u00e9s<\/strong><\/p>\n<p>A k\u00f6lyk\u00f6ket m\u00e1r 9-10 hetesen teszteknek vetik al\u00e1. Ebben a korban azonnal eld\u0151l, kib\u0151l v\u00e1lhat j\u00f3 munkakutya. Ha kaparja, ugatja a csapd\u00e1zott patk\u00e1nyt, akkor alkalmas a feladatra. Jellemz\u0151en m\u00e9g j\u00f3 k\u00e9pess\u00e9g\u0171 sz\u00fcl\u0151k ut\u00f3dai k\u00f6z\u00fcl is csak egy-egy v\u00e1lik igaz\u00e1n j\u00f3 patk\u00e1nyfog\u00f3 kuty\u00e1v\u00e1, b\u00e1r az alom minden tagja kem\u00e9ny di\u00f3, gyakran m\u00e9g mindig nem ide\u00e1lis egyed.<\/p>\n<p>A fajtav\u00e1laszt\u00e1s is l\u00e9nyeges k\u00e9rd\u00e9s. Leggyakrabban kotor\u00e9kebeket, vagy ezen fajt\u00e1k keresztez\u00e9seit alkalmazz\u00e1k, hiszen \u0151k eredetileg is arra lettek kiteny\u00e9sztve, hogy sz\u0171k lyukakb\u00f3l, od\u00fakb\u00f3l irts\u00e1k ki az \u00e1llatokat. Ezek a kuty\u00e1k kem\u00e9ny fog\u00e1s\u00faak, egyesek sz\u00e1jz\u00e1rasok, kimagasl\u00f3 intelligenci\u00e1val rendelkeznek, gyorsak, kiv\u00e1l\u00f3 a szagl\u00e1suk, \u00e9s hossz\u00fa a hasznos \u00e9lettartamuk. A sz\u00e1mos pozit\u00edv tulajdons\u00e1g mell\u00e9 egy j\u00f3 adag \u00f6nfej\u0171s\u00e9g is t\u00e1rsul, mely az \u00f6n\u00e1ll\u00f3 munk\u00e1ban elengedhetetlen, az ember ir\u00e1ny\u00e1ba pedig megfelel\u0151 k\u00e9pz\u00e9ssel orvosolhat\u00f3. Fontos megeml\u00edteni, hogy a kotor\u00e9kebek nem kever\u00e9kek, k\u00f6z\u00e9j\u00fck tartoznak t\u00f6bbek k\u00f6z\u00f6tt a foxterrierek, a jack-, \u00e9s parson russel terrierek, a jagd \u00e9s a patterdale terrierek is. Gyakran dolgoznak egy\u00fctt a szakemberek pinscherekkel, valamint bull t\u00edpus\u00fa kuty\u00e1kkal is.<\/p>\n<p>A kuty\u00e1k k\u00e9pz\u00e9se t\u00f6bbl\u00e9pcs\u0151s folyamat. Jreed amerikai patk\u00e1nyvad\u00e1sz \u00e9s kutyateny\u00e9szt\u0151 szerint n\u00e9gy dolog sz\u00fcks\u00e9ges ahhoz, hogy egy kuty\u00e1b\u00f3l j\u00f3 patk\u00e1nyfog\u00f3 v\u00e1lhasson: \u00f6szt\u00f6n, genetika, kik\u00e9pz\u00e9s \u00e9s lehet\u0151s\u00e9g. Ha nincs lehet\u0151s\u00e9g az ismerked\u00e9sre, gyakorl\u00e1sra, sosem v\u00e1lhat a kuty\u00e1b\u00f3l j\u00f3 vad\u00e1sz. Csak akkor \u00e9rdemes elkezdeni dolgozni, ha az ebnek van zs\u00e1km\u00e1nyszerz\u0151 \u00f6szt\u00f6ne, ak\u00e1r k\u00f6ly\u00f6k, ak\u00e1r feln\u0151tt kuty\u00e1r\u00f3l van sz\u00f3.<\/p>\n<p>A j\u00f3 kik\u00e9pz\u0151 nem engedi, hogy a kuty\u00e1i \u00e9l\u0151 patk\u00e1nyt fogjanak, \u00e9s el kelljen puszt\u00edtaniuk, mindaddig, am\u00edg ki nem fejl\u0151d\u00f6tt a feln\u0151tt fogazatuk, illetve el nem \u00e9rt\u00e9k a 9-12 h\u00f3napos kort. A patk\u00e1ny harap\u00e1sa f\u00e1jdalmas s\u00e9r\u00fcl\u00e9st okoz, k\u00f6nnyen elt\u00e1ntor\u00edthat egy k\u00f6lyk\u00f6t a k\u00e9s\u0151bbi vad\u00e1szatt\u00f3l. A k\u00e9pz\u00e9s fel\u00e9p\u00edt\u00e9s\u00e9n\u00e9l fontos, hogy a patk\u00e1nyfog\u00e1s mindig sz\u00f3rakoz\u00e1s legyen a kutya sz\u00e1m\u00e1ra. \u00d6n\u00e1ll\u00f3 j\u00e1t\u00e9ka, \u00f6szt\u00f6npr\u00f3b\u00e1ja k\u00f6zben kell megismertetni vele a k\u00e9s\u0151bb alkalmazand\u00f3 vez\u00e9nyszavakat, pl.: <em>\u201efogd meg\u201d, \u201er\u00e1zd\u201d, \u201eereszd\u201d<\/em>.<\/p>\n<p>L\u00e9nyeges, hogy a kuty\u00e1k a patk\u00e1nyokon k\u00edv\u00fcl nem b\u00e1nthatnak m\u00e1s \u00e1llatot, ugyanis gyakran farmokra, \u00e1llattart\u00f3 telepekre vagy \u00e1llatmenhelyekre h\u00edvj\u00e1k \u0151ket. Emiatt tisztelni\u00fck kell a baromfit \u00e9s a h\u00e1zt\u00e1ji \u00e1llatokat. Hangjukhoz, a mellett\u00fck val\u00f3 munk\u00e1hoz szint\u00e9n eg\u00e9szen fiatal kort\u00f3l szoktatj\u00e1k a k\u00f6lyk\u00f6ket, hogy kifejlett korukra egy\u00e9rtelm\u0171en meg tudj\u00e1k k\u00fcl\u00f6nb\u00f6ztetni a zs\u00e1km\u00e1ny- \u00e9s a t\u00e1rs\u00e1llatot.<\/p>\n<p>&nbsp;<\/p>\n<p><strong>Patk\u00e1nyfog\u00e1s hat\u00e1sa a kuty\u00e1kra<\/strong><\/p>\n<p>Sz\u00e9ls\u0151s\u00e9ges \u00e1llatv\u00e9d\u0151k gyakran csak a vesz\u00e9lyt l\u00e1tj\u00e1k a tev\u00e9kenys\u00e9gben, a harap\u00e1st\u00f3l kezdve a fert\u0151z\u00e9s lehet\u0151s\u00e9g\u00e9ig. A s\u00e9r\u00fcl\u00e9s es\u00e9lye term\u00e9szetesen fenn\u00e1ll, de ez fel sem t\u0171nik a kuty\u00e1nak a munka hev\u00e9ben. A gazd\u00e1nak kell szemf\u00fclesnek lenni, \u00e9s azonnal lefert\u0151tlen\u00edteni vad\u00e1szt\u00e1rsa s\u00e9r\u00fcl\u00e9s\u00e9t. A kutya alapvet\u0151en \u00f6szt\u00f6nb\u0151l cselekszik, \u00edgy \u00e9lvezi a tev\u00e9kenys\u00e9get, sz\u00e1m\u00e1ra k\u00f6z\u00f6s, \u00f6sszehangolt munka, sz\u00f3rakoz\u00e1s a gazd\u00e1val, melynek v\u00e9g\u00e9re kellemesen elf\u00e1rad. Eredm\u00e9nyk\u00e9nt egy kiegyens\u00falyozott, nyugodt, j\u00f3l kezelhet\u0151 kutya kaphat\u00f3, melynek a h\u00e1tter\u00e9ben \u00f6sszess\u00e9g\u00e9ben a genetikai potenci\u00e1l kihaszn\u00e1l\u00e1sa \u00e1ll.<\/p>\n<p><em>BZS<\/em><\/p>\n","protected":false},"excerpt":{"rendered":"<p>K\u00fclf\u00f6ld\u00f6n nagyobb kultusz\u00e1t \u00e9li, \u00e9s l\u00e9nyegesen elfogadottabb tev\u00e9kenys\u00e9g a kuty\u00e1val t\u00f6rt\u00e9n\u0151 patk\u00e1nymentes\u00edt\u00e9s, mint haz\u00e1nkban, b\u00e1r jelent\u0151s \u00e9rvek sz\u00f3lnak mellette.<\/p>\n","protected":false},"author":4,"featured_media":47988,"comment_status":"closed","ping_status":"open","sticky":false,"template":"","format":"standard","meta":{"_acf_changed":false,"footnotes":""},"categories":[211],"tags":[],"class_list":["post-47496","post","type-post","status-publish","format-standard","has-post-thumbnail","hentry","category-blog-hu","category-211","description-off"],"acf":[],"_links":{"self":[{"href":"https:\/\/julius-k9.com\/hu\/wp-json\/wp\/v2\/posts\/47496","targetHints":{"allow":["GET"]}}],"collection":[{"href":"https:\/\/julius-k9.com\/hu\/wp-json\/wp\/v2\/posts"}],"about":[{"href":"https:\/\/julius-k9.com\/hu\/wp-json\/wp\/v2\/types\/post"}],"author":[{"embeddable":true,"href":"https:\/\/julius-k9.com\/hu\/wp-json\/wp\/v2\/users\/4"}],"replies":[{"embeddable":true,"href":"https:\/\/julius-k9.com\/hu\/wp-json\/wp\/v2\/comments?post=47496"}],"version-history":[{"count":0,"href":"https:\/\/julius-k9.com\/hu\/wp-json\/wp\/v2\/posts\/47496\/revisions"}],"wp:featuredmedia":[{"embeddable":true,"href":"https:\/\/julius-k9.com\/hu\/wp-json\/wp\/v2\/media\/47988"}],"wp:attachment":[{"href":"https:\/\/julius-k9.com\/hu\/wp-json\/wp\/v2\/media?parent=47496"}],"wp:term":[{"taxonomy":"category","embeddable":true,"href":"https:\/\/julius-k9.com\/hu\/wp-json\/wp\/v2\/categories?post=47496"},{"taxonomy":"post_tag","embeddable":true,"href":"https:\/\/julius-k9.com\/hu\/wp-json\/wp\/v2\/tags?post=47496"}],"curies":[{"name":"wp","href":"https:\/\/api.w.org\/{rel}","templated":true}]}}