{"id":46937,"date":"2018-06-11T13:18:31","date_gmt":"2018-06-11T13:18:31","guid":{"rendered":"https:\/\/julius-k9.com\/?p=46937"},"modified":"2018-06-11T13:18:31","modified_gmt":"2018-06-11T13:18:31","slug":"fokozottan-figyelj-a-kutyadra-a-vadallatok-szaporodasi-idoszakaban","status":"publish","type":"post","link":"https:\/\/julius-k9.com\/hu\/fokozottan-figyelj-a-kutyadra-a-vadallatok-szaporodasi-idoszakaban\/","title":{"rendered":"Fokozottan figyelj a kuty\u00e1dra a vad\u00e1llatok szaporod\u00e1si id\u0151szak\u00e1ban\u2026"},"content":{"rendered":"<p><em>&#8230;avagy hogyan lett egy egyszer\u0171 kutyas\u00e9t\u00e1ltat\u00e1sb\u00f3l \u201eszoba\u201d vadkacs\u00e1nk<\/em><\/p>\n<p>Egyszer\u0171, d\u00e9lut\u00e1ni, \u00fasztat\u00e1ssal egybek\u00f6t\u00f6tt kutyas\u00e9t\u00e1ltat\u00e1snak indult az aznapi program is az agilty-s kutyapajt\u00e1sokkal, melynek eredm\u00e9nye Mih\u00e1ly lett. Merthogy Mih\u00e1lynak h\u00edvj\u00e1k a kacs\u00e1t, aki akkor m\u00e9g iszapos h\u00e1ttal, toj\u00e1sh\u00e9jjal a h\u00e1t\u00e1n pr\u00f3b\u00e1lta eld\u00f6nteni, hogy ki lehet az anyuk\u00e1ja: a kutya, a vadkacsa, vagy esetleg \u00e9n. Mih\u00e1ly cuki, de <strong>jobb lenne neki a Dun\u00e1n \u00faszk\u00e1lni a kacsates\u00f3kkal<\/strong>, mint egy ketrecben csipogni naphosszat, \u00e9s v\u00e1rni a napi f\u00fcrd\u0151k\u00e1das pancsol\u00e1sra. Ez csak rajtunk, kuty\u00e1sokon m\u00falhatott, illetve azokon, akik a n\u00e9pszer\u0171 kutyas\u00e9t\u00e1ltat\u00f3 \u00e9s grillez\u0151 partszakaszhoz olyannyira <strong>oda\u00e9desgett\u00e9k a kacs\u00e1kat etet\u00e9ssel,<\/strong> hogy azok mit sem sejtve f\u00e9szkeltek a bicikli\u00fat \u00e9s a j\u00e1rda k\u00f6zvetlen k\u00f6rnyezet\u00e9ben. <em>(Itt megjegyezn\u00e9m: Ne etesd a vadkacs\u00e1t, \u00e9s semmilyen vad\u00e1llatot!)<\/em><\/p>\n<p>Mih\u00e1ly anyuk\u00e1j\u00e1t ugyanis \u2013 aki elrejt\u0151zve f\u00e9szkelt a k\u00f6vek k\u00f6z\u00f6tt &#8211; <strong>bar\u00e1tunk vizsl\u00e1ja megfogta<\/strong>. A toj\u00f3nak nem lett baja, csak elmenek\u00fclt, h\u00e1rom kiskacs\u00e1t hagyva maga ut\u00e1n. A k\u00e9t id\u0151sebb \u00e1llatka nagy nehezen ut\u00e1na tudott menni, de Mih\u00e1ly frissen kelve \u00fclt a f\u00e9szekben, mit sem sejtve k\u00e9s\u0151bbi sors\u00e1r\u00f3l. A mama hosszabb id\u0151 eltelt\u00e9vel sem t\u00e9rt vissza hozz\u00e1 (egy fal miatt a nagyobb fi\u00f3k\u00e1kkal nem is tudott volna), \u00edgy megk\u00eds\u00e9relt\u00fck levinni \u0151t a partra, h\u00e1tha egym\u00e1sra tal\u00e1lnak. Azonban Mih\u00e1lyt csak a tes\u00f3k fogadt\u00e1k be, a toj\u00f3 nem vitte mag\u00e1val, egyed\u00fcl maradt. A r\u00f6vid id\u0151 alatt meg kellett \u00fasznia egy varj\u00fat\u00e1mad\u00e1st is, teh\u00e1t \u00fagy d\u00f6nt\u00f6tt\u00fcnk, jobban tessz\u00fck, ha elhozzuk. \u00cdgy Mih\u00e1ly, m\u00edg fel nem n\u0151, szobakacsak\u00e9nt tengeti mindennapjait &#8211; egy zs\u00e1km\u00e1nyoz\u00f3 kutya miatt.<\/p>\n<p>Ezzel szeretn\u00e9m felh\u00edvni a figyelmet minden vad\u00e1llatra, \u00e9s a vadak szaporod\u00e1si id\u0151szak\u00e1ra, mely jelenleg is zajlik. A k\u00f6lyk\u00f6k, illetve a fiatal \u00e9s tapasztalatlan \u00e1llatok vannak a legnagyobb vesz\u00e9lyben. B\u00e1r kiv\u00e1l\u00f3 a rejt\u0151zk\u00f6d\u0151 k\u00e9pess\u00e9g\u00fck, ha mi nem is l\u00e1tjuk, de a kuty\u00e1k kiszagolj\u00e1k \u0151ket. A kicsik \u00e1ltal\u00e1ban nem menek\u00fclnek, csak igyekeznek min\u00e9l jobban megb\u00fajni, ha vesz\u00e9lyt \u00e9reznek. A kutya k\u00f6nny\u0171szerrel megfogja \u0151ket. <strong>Csakis a gazda felel\u0151ss\u00e9ge odafigyelnie a kuty\u00e1j\u00e1ra<\/strong>, v\u00e9giggondolni, le tudja-e h\u00edvni a menek\u00fcl\u0151 vagy rejt\u0151zk\u00f6d\u0151 \u00e1llatokr\u00f3l an\u00e9lk\u00fcl, hogy b\u00e1rkinek baja essen. Hangs\u00falyozn\u00e1m, hogy ha a kutya megfogja a fiatal vadat, az nem term\u00e9szetes szelekci\u00f3, ahogy az sem, ha kilom\u00e9tereken \u00e1t \u0171zi az any\u00e1t, hogy az ne tal\u00e1ljon vissza a k\u00f6lyk\u00e9hez. <strong>A kutya nem a term\u00e9szetes vad\u00e1llom\u00e1ny r\u00e9sze<\/strong>, \u00edgy nem sz\u00f3lhat bele a szelekci\u00f3ba sem.<\/p>\n<p>M\u00e9rlegelj a kuty\u00e1d engedelmess\u00e9ge, zs\u00e1km\u00e1nyszerz\u0151 hajlama alapj\u00e1n, \u00e9s ha bizonytalan vagy, tartsd p\u00f3r\u00e1zon legal\u00e1bb ebben az id\u0151szakban. Mindenk\u00e9ppen j\u00e1rj nyitott szemmel, \u00e9s ne engedd, hogy az eb elt\u00e1volodjon, hogy baj eset\u00e9n id\u0151ben k\u00f6zbe tudj l\u00e9pni. G\u00e1toljuk meg, hogy miattunk, kuty\u00e1sok miatt \u00e1rv\u00e1n maradjon kis\u00e1llat, vagy egy anya elvesz\u00edtse a k\u00f6lyk\u00e9t. <strong>Hiszen ez csak rajtunk m\u00falik!<\/strong><\/p>\n<p><em>BZS<\/em><\/p>\n","protected":false},"excerpt":{"rendered":"<p>&#8230;avagy hogyan lett egy egyszer\u0171 kutyas\u00e9t\u00e1ltat\u00e1sb\u00f3l \u201eszoba\u201d vadkacs\u00e1nk&#8230;<\/p>\n","protected":false},"author":4,"featured_media":46942,"comment_status":"closed","ping_status":"open","sticky":false,"template":"","format":"standard","meta":{"_acf_changed":false,"footnotes":""},"categories":[211],"tags":[],"class_list":["post-46937","post","type-post","status-publish","format-standard","has-post-thumbnail","hentry","category-blog-hu","category-211","description-off"],"acf":[],"_links":{"self":[{"href":"https:\/\/julius-k9.com\/hu\/wp-json\/wp\/v2\/posts\/46937","targetHints":{"allow":["GET"]}}],"collection":[{"href":"https:\/\/julius-k9.com\/hu\/wp-json\/wp\/v2\/posts"}],"about":[{"href":"https:\/\/julius-k9.com\/hu\/wp-json\/wp\/v2\/types\/post"}],"author":[{"embeddable":true,"href":"https:\/\/julius-k9.com\/hu\/wp-json\/wp\/v2\/users\/4"}],"replies":[{"embeddable":true,"href":"https:\/\/julius-k9.com\/hu\/wp-json\/wp\/v2\/comments?post=46937"}],"version-history":[{"count":0,"href":"https:\/\/julius-k9.com\/hu\/wp-json\/wp\/v2\/posts\/46937\/revisions"}],"wp:featuredmedia":[{"embeddable":true,"href":"https:\/\/julius-k9.com\/hu\/wp-json\/wp\/v2\/media\/46942"}],"wp:attachment":[{"href":"https:\/\/julius-k9.com\/hu\/wp-json\/wp\/v2\/media?parent=46937"}],"wp:term":[{"taxonomy":"category","embeddable":true,"href":"https:\/\/julius-k9.com\/hu\/wp-json\/wp\/v2\/categories?post=46937"},{"taxonomy":"post_tag","embeddable":true,"href":"https:\/\/julius-k9.com\/hu\/wp-json\/wp\/v2\/tags?post=46937"}],"curies":[{"name":"wp","href":"https:\/\/api.w.org\/{rel}","templated":true}]}}