{"id":46420,"date":"2018-05-18T09:27:48","date_gmt":"2018-05-18T09:27:48","guid":{"rendered":"https:\/\/julius-k9.com\/?p=46420"},"modified":"2018-05-18T09:27:48","modified_gmt":"2018-05-18T09:27:48","slug":"egy-magyar-vallalkozo-aki-megnevettette-a-vilagot","status":"publish","type":"post","link":"https:\/\/julius-k9.com\/hu\/egy-magyar-vallalkozo-aki-megnevettette-a-vilagot\/","title":{"rendered":"Egy magyar v\u00e1llalkoz\u00f3, aki megnevettette a vil\u00e1got"},"content":{"rendered":"<div class=\"wpb-content-wrapper\"><p>[vc_row][vc_column]<blockquote class=\"text-big shortcode-blockquote\"><p><em>Riport Seb\u0151 &#8222;Julius&#8221; Gyul\u00e1val, a JULIUS-K9<sup>\u00ae<\/sup> v\u00e1llalatcsoport vezet\u0151j\u00e9vel (2018)<\/em><\/p>\n<\/blockquote>[vc_empty_space height=&#8221;20px&#8221;][vc_column_text]<strong>\u2013 <em>Term\u00e9keiket a vil\u00e1g egym\u00e1st\u00f3l t\u00e1vol es\u0151 orsz\u00e1gaiban is l\u00e1ttam. Amerikai, magyar \u00e9s k\u00ednai term\u00e9kd\u00edjakat is begy\u0171jt\u00f6ttek m\u00e1r. Jelenleg mi az els\u0151dleges \u00fczleti c\u00e9l?<\/em><\/strong><\/p>\n<p>\u2013 Mindig a biztons\u00e1gos \u00e9s \u00e1lland\u00f3an fejl\u0151d\u0151 v\u00e1llalkoz\u00e1s m\u0171k\u00f6dtet\u00e9se volt a c\u00e9l, egyre b\u0151v\u00fcl\u0151, hossz\u00fat\u00e1v\u00fa \u00fczleti \u00e9s munkakapcsolatokkal. \u00c9s term\u00e9szetesen 100% csapatmunk\u00e1val.[\/vc_column_text][\/vc_column][\/vc_row][vc_row][vc_column width=&#8221;1\/2&#8243;][vc_empty_space][vc_column_text]<strong><em>\u2013<\/em> <em>Mennyiben vesz r\u00e9szt a csapatmunk\u00e1ban, \u00e9s hogyan \u00e1ll \u00f6ssze a csapat?<\/em><\/strong><\/p>\n<p>\u2013 Az \u00fczleti \u00e9lett\u0151l sz\u00e1momra elv\u00e1laszthatatlan a gy\u00e1rt\u00e1sban \u00e9s kereskedelemben k\u00f6r\u00fcl\u00f6ttem dolgoz\u00f3 koll\u00e9g\u00e1kkal val\u00f3, k\u00f6lcs\u00f6n\u00f6sen \u0151szinte \u00e9s k\u00f6zvetlen kapcsolat. A j\u00f3l k\u00e9pzett, rutinos dolgoz\u00f3k, akik f\u00e9lszavakb\u00f3l is meg\u00e9rtik egym\u00e1st, sz\u00e1momra a siker z\u00e1logai. Amit egy \u00e1tlag multinacion\u00e1lis v\u00e1llalat \u00fagymond veszni hagy, \u00e9s fluktu\u00e1ci\u00f3s sz\u00e1zal\u00e9kokban statisztikai adatk\u00e9nt kezel, az sz\u00e1momra \u00e9rt\u00e9kes egy\u00e9nek csoportja, melybe m\u00e1r energi\u00e1t inveszt\u00e1ltunk, vagy \u00e9pp m\u00e9g nem tett\u00fcnk eleget a kapacit\u00e1sai felkutat\u00e1s\u00e1ban. Mindenki\u00e9rt \u201emegk\u00fczd\u00f6k\u201d, ak\u00e1r \u00e1th\u00e1gva a v\u00e1llalati hierarchi\u00e1t, ha \u00fagy \u00e9rzem, hasznos lehet a csapatnak, vagy rendk\u00edv\u00fcli egy\u00e9ni k\u00e9pess\u00e9gei vannak.<\/p>\n<p>Csapatokat \u00e9p\u00edtek \u00e9s tehets\u00e9geket menedzselek, k\u00fclf\u00f6ld\u00f6n, belf\u00f6ld\u00f6n, k\u00fcl\u00f6nb\u00f6z\u0151 c\u00e9lokkal, t\u00f6bb mint 20 \u00e9ve. C\u00e9lom, hogy a kulcspoz\u00edci\u00f3kra \u00e1ltalam j\u00f3l ismert szem\u00e9lyek ker\u00fcljenek, \u00e9s biztons\u00e1ggal kiszervezhessek a kezem al\u00f3l szinte mindent. \u00cdgy tudok azt\u00e1n a tem\u00e9rdek \u00faj feladat \u00e9rdek\u00e9ben a startvonalhoz \u00e1llni.[\/vc_column_text][vc_empty_space][\/vc_column][vc_column width=&#8221;1\/2&#8243;][vc_empty_space height=&#8221;60px&#8221;][vc_single_image image=&#8221;46421&#8243; img_size=&#8221;full&#8221; alignment=&#8221;center&#8221;][vc_empty_space][\/vc_column][\/vc_row][vc_row][vc_column][vc_column_text]<strong><em>\u2013 H\u00e1ny dolgoz\u00f3juk is van?<\/em><\/strong><\/p>\n<p>\u2013 Id\u00e9n m\u00e1r \u00f6tsz\u00e1z embernek adunk munk\u00e1t, \u00e9s a n\u00f6veked\u00e9s folyamatos. \u00c9s amit csin\u00e1lunk, abban m\u00e9g t\u00f6bb kiakn\u00e1zatlan potenci\u00e1l rejlik. Hetven tal\u00e1lm\u00e1nyunk, valamint a m\u00e1rk\u00e1ink j\u00f3 h\u00edrneve alkalmass\u00e1 tesz benn\u00fcnket arra, hogy Eur\u00f3pa egyik legnagyobb textil\u2013 \u00e9s egyidej\u0171leg m\u0171anyagipari \u00fczemkomplexum\u00e1t \u00e9p\u00edts\u00fck fel, ak\u00e1r t\u00f6bb ezer dolgoz\u00f3val. K\u00e9rd\u00e9s persze, hogy ezt akarjuk-e.<\/p>\n<p>&nbsp;<\/p>\n<p><strong><em>\u2013 Teh\u00e1t ez nem csup\u00e1n az aut\u00f3ipari r\u00e9sztvev\u0151k privil\u00e9giuma, ekkor\u00e1ra n\u0151ni mondjuk eur\u00f3pai textilipari v\u00e1llalatk\u00e9nt?<\/em><\/strong><\/p>\n<p>\u2013 Azt gondolom, hogy az aut\u00f3ipar t\u00fals\u00e1gosan szem el\u0151tt van ahhoz, hogy a negat\u00edv vil\u00e1ggazdas\u00e1gi folyamatokra ne reag\u00e1ljon \u00e9rz\u00e9kenyen. A mi ter\u00fclet\u00fcnket p\u00e9ld\u00e1ul a v\u00e1ls\u00e1gok eddig b\u00e9k\u00e9n hagyt\u00e1k. Nem tudom, hogy ma van-e aut\u00f3ipari konszern, melynek a r\u00f6vidt\u00e1von val\u00f3 dupl\u00e1z\u00e1s vagy ak\u00e1r tripl\u00e1z\u00e1s lehet\u0151s\u00e9ge egy \u00fczleti tervbe belef\u00e9rne. A mi l\u00e9pt\u00e9keinkben \u00e9s a saj\u00e1t ter\u00fcletemen ennek mindig l\u00e1tom a realit\u00e1s\u00e1t.<\/p>\n<p><strong><em><img fetchpriority=\"high\" decoding=\"async\" class=\"aligncenter size-full wp-image-46734\" src=\"https:\/\/ujoldal.julius-k9.com\/wp-content\/uploads\/2018\/05\/raktar-5.jpg\" alt=\"Julius-K9 center\" width=\"940\" height=\"636\" \/><\/em><\/strong><\/p>\n<p><strong><em><br \/>\n\u2013 L\u00e1ttam az irodah\u00e1zukat, \u00e9s k\u00f6sz\u00f6n\u00f6m, hogy t\u00f6bb \u00fczem\u00fcket is megmutatta. Hatalmas komplexumok, pl\u00e1ne, ha azt n\u00e9zz\u00fck, hogy a null\u00e1r\u00f3l kellett fel\u00e9p\u00edteni!\u00a0 <\/em><\/strong><\/p>\n<p>\u2013 Az anyagi \u00e9rv\u00e9nyes\u00fcl\u00e9s ir\u00e1ny\u00e1ba \u00f3ri\u00e1si utat tett\u00fcnk meg a gar\u00e1zsc\u00e9gt\u0151l a gy\u00e1rakig. Sz\u00e1munkra is felfoghatatlan n\u00e9ha.\u00a0 Abban a kiv\u00e9teles helyzetben vagyok, hogy c\u00e9g\u00fcnk \u00e9let\u00e9ben m\u00f3dom volt a szem\u00e9lyis\u00e9gek \u00e9s egy\u00e9ni karakterek fejl\u0151d\u00e9s\u00e9t is figyelemmel k\u00eds\u00e9rni. Nos, ez sz\u00e1momra legal\u00e1bb annyira b\u00e1mulatos. Ahogy Koll\u00e9g\u00e1im p\u00e1lyakezd\u0151 fiatalb\u00f3l felel\u0151ss\u00e9gteljes emberr\u00e9, munk\u00e1jukban igazi profikk\u00e1 v\u00e1ltak, mik\u00f6zben sokan k\u00f6z\u00fcl\u00fck csal\u00e1dot is alap\u00edtottak, gyermekeket nevelnek. A csapatmunka sor\u00e1n el\u0151t\u00e9rbe ker\u00fclt az egym\u00e1s ir\u00e1nt val\u00f3 \u0151szinte \u00e9rdekl\u0151d\u00e9s \u00e9s figyelem, \u00e9s ez\u00e1ltal megval\u00f3sult egy \u00f6sszetart\u00f3 k\u00f6z\u00f6ss\u00e9g. Nos, ez\u00e9rt meg\u00e9ri csin\u00e1lni, mert itt kezdi mag\u00e1t az ember igaz\u00e1n embernek \u00e9rezni. T\u00e9ny, hogy k\u00f6zben m\u00e9g p\u00e9nzt is keres. A v\u00e1llalat \u00e9let\u00e9ben az az eg\u00e9szs\u00e9ges, ha az \u00e9p\u00fcletm\u00e9retekkel, dolgoz\u00f3i l\u00e9tsz\u00e1mmal egy\u00fctt ar\u00e1nyosan er\u0151s\u00f6dik a k\u00f6z\u00f6ss\u00e9gi \u00e9let. Ha nem \u00edgy van, akkor a felfog\u00e1som alapj\u00e1n a c\u00e9gvezet\u00e9s nem \u00e1ll a helyzet magaslat\u00e1n.<\/p>\n<p>&nbsp;<\/p>\n<p><strong><em>\u2013 L\u00e1t-e vesz\u00e9lyeket \u00e9s kock\u00e1zatokat, melyeknek ki van t\u00e9ve a c\u00e9g?<\/em><\/strong><\/p>\n<p>\u2013 Ami j\u00f3, azt m\u00e1solj\u00e1k. Ha a m\u00e1solati term\u00e9kek jelenl\u00e9t\u00e9t komment\u00e1r n\u00e9lk\u00fcl hagyjuk, akkor az erre specializ\u00e1l\u00f3dott c\u00e9gek t\u00e9rnyer\u00e9se vel\u00fcnk szemben a v\u00e9gletekig n\u0151het. Teh\u00e1t a realit\u00e1s hat\u00e1rain bel\u00fcl felvessz\u00fck a keszty\u0171t vel\u00fck szemben. Vesz\u00e9lyes viszont, ha nem ismerj\u00fck fel, hogy egy adott csat\u00e1ban mikor kell visszavonul\u00f3t f\u00fajni, \u00e9s ink\u00e1bb az \u00faj megteremt\u00e9s\u00e9re, az innov\u00e1ci\u00f3ra koncentr\u00e1lni. Ez az a ritmusv\u00e1lt\u00e1s, mely a sz\u0171k\u00fcl\u0151 munkaer\u0151piaci lehet\u0151s\u00e9gek kihaszn\u00e1l\u00e1sa \u00e9s a magas min\u0151s\u00e9g\u0171 alapanyagok \u00e1lland\u00f3 biztos\u00edt\u00e1sa mellett kiemelt figyelmet ig\u00e9nyel.<\/p>\n<p>&nbsp;<\/p>\n<p><strong><em>\u2013 A csat\u00e1k ennyire hozz\u00e1tartoznak a h\u00e9tk\u00f6znapokhoz?<\/em><\/strong><\/p>\n<p><strong>\u2013 <\/strong>Abszol\u00fat igaz, hogy a h\u00e1bor\u00faknak gazdas\u00e1g\u00e9l\u00e9nk\u00edt\u0151 szerepe van. Kell a t\u00f6lt\u00f6tt fegyver a k\u00e9zbe, a fesz\u00fclts\u00e9g, \u00e9s n\u00e9ha egy kis d\u00fch, de addig j\u00f3, am\u00edg ez csup\u00e1n csak l\u00e1tszatk\u00fczdelem. Hamar felismertem, hogy valaki ellen csat\u00e1t nyerni lehetetlen. El\u0151fordul ugyanis, hogy a m\u00e1sok feletti gy\u0151zelmekkel szinte semmit nem tudunk kezdeni, vagy kifejezetten h\u00e1tr\u00e1nyunkk\u00e1 v\u00e1lik. A mond\u00e1s, miszerint a \u201everes\u00e9gekb\u0151l lehet igaz\u00e1n tanulni\u201d \u2013 r\u00e1nk k\u00fcl\u00f6n\u00f6sen \u00e9rv\u00e9nyes. Sz\u00e1mos \u00faj term\u00e9kkollekci\u00f3ink \u2013 k\u00f6zt\u00fck t\u00f6bb sikersztori \u2013 valamif\u00e9le kudarcb\u00f3l indult \u00fatj\u00e1ra. \u00d6sszeszor\u00edtott fogakkal, a pillanatnyi elkesered\u00e9sb\u0151l felocs\u00fadva nagyobb \u00f6sszpontos\u00edt\u00e1sra vagyunk k\u00e9pesek. A k\u00fczdeni akar\u00e1s alapfelt\u00e9tel. L\u00e1tsz\u00f3lag m\u00e1sokkal szemben vagyunk motiv\u00e1ltak, de val\u00f3j\u00e1ban \u00f6nmagunkat sz\u00e1rnyaljuk t\u00fal. Ez az, ami mindig f\u00fcggetlen a k\u00fczdelmek kimenetel\u00e9t\u0151l.<\/p>\n<p>&nbsp;<\/p>\n<p><strong><em>\u2013 Els\u0151sorban K\u00edn\u00e1ban van m\u00e1sol\u00e1si probl\u00e9ma, ugye?<\/em><\/strong><\/p>\n<p>\u2013 Sajnos szinte mindenhol van dolgunk. K\u00edn\u00e1ban a m\u00e1solatokkal \u00e9s m\u00e1rkabitorl\u00f3kkal szembeni harc \u00e9rdek\u00e9ben komoly fizikai jelenl\u00e9tet \u00e9p\u00edtett\u00fcnk ki. Emellett megnyugtat\u00f3, hogy az olcs\u00f3 \u00e1rfekv\u00e9sben id\u00e9n siker\u00fclt \u00f6sszeraknunk egy versenyk\u00e9pes term\u00e9kkollekci\u00f3t, mely ak\u00e1r vil\u00e1gszinten ellenl\u00e1basa lehet a riv\u00e1lis term\u00e9keknek. Els\u0151dlegesen viszont a cs\u00facsmin\u0151s\u00e9get c\u00e9lozzuk meg. Azt rem\u00e9lem, hogy a 2018-ra tervezett fejleszt\u00e9seinkkel a magyar innov\u00e1ci\u00f3 egyik \u00e9llovasa lesz\u00fcnk. Havonta jelenleg ak\u00e1r t\u00f6bb szabadalmat is leadunk, \u00e9s igyeksz\u00fcnk kiterjeszteni a v\u00e9delmet t\u00f6bb kontinensre is.<\/p>\n<p>&nbsp;<\/p>\n<p><strong><em>\u2013 Mi az, amit a JULIUS-K9<sup>\u00ae<\/sup> pontosan gy\u00e1rt? \u00c1ruljuk el az olvas\u00f3knak, melyik ez a ter\u00fclet.<\/em><\/strong><\/p>\n<p>\u2013 A konkr\u00e9t \u00fczlet\u00e1g tal\u00e1n els\u0151re bagatellnek hangzik, ez\u00e9rt kezdem az \u00f6sszegszer\u0171s\u00e9ggel. Az \u00e1llatfelszerel\u00e9s \u00e9s -eledel piaca csak az EU ter\u00fclet\u00e9n egy 36 milli\u00e1rd eur\u00f3s piac. Ennek 97%-a a hobbi\u00e1llatok takarm\u00e1nya, azaz \u00e1llateledel, kieg\u00e9sz\u00edt\u0151, vitamin stb. A felszerel\u00e9sekre az \u00e1llattart\u00f3k az Uni\u00f3ban \u00e9vi 2 milli\u00e1rd eur\u00f3t k\u00f6ltenek.<\/p>\n<p>Ebb\u0151l hozz\u00e1vet\u0151leg 2-400 milli\u00f3 eur\u00f3 a kuty\u00e1k sz\u00e1m\u00e1ra \u00e9rt\u00e9kes\u00edtett felszerel\u00e9s \u00e9vente. Na, ezen a ter\u00fcleten vagyunk mi profik, \u00e9s tal\u00e1n t\u00f6bb term\u00e9k eset\u00e9ben is \u00e1r\/\u00e9rt\u00e9kar\u00e1nyban a legjobbak. Ezt a tud\u00e1st kamatoztatjuk mi vil\u00e1gszerte, de a piac glob\u00e1lis elemz\u00e9s\u00e9be most nem menn\u00e9k bele.<\/p>\n<p>&nbsp;<\/p>\n<p><strong><em>\u2013 \u00c9rdekes. Els\u0151re t\u00e9nyleg nem gondoln\u00e1m, hogy ez ennyire nagy lehet\u0151s\u00e9g. Hogyan ker\u00fcltek erre a ter\u00fcletre?<\/em><\/strong><\/p>\n<p>\u2013 A hadiiparnak, fegyveres er\u0151knek is dolgoztunk kezdetben, b\u00e9rmunk\u00e1ban. L\u00f6ved\u00e9k\u00e1ll\u00f3 mell\u00e9nyek, v\u00e9d\u0151huzatok, \u00e1lcaruh\u00e1k stb. Nem volt sz\u00e1momra megnyugtat\u00f3, hogy fegyveres konfliktusok haszon\u00e9lvez\u0151i vagyunk, m\u00e1sr\u00e9szt a tervezhet\u0151s\u00e9g nem a ter\u00fclet er\u0151ss\u00e9ge.<\/p>\n<p>C\u00e9lszer\u0171 volt ink\u00e1bb olyan ter\u00fcleten \u00e9p\u00edtkezni, mely embernek \u00e9s kuty\u00e1nak egyar\u00e1nt \u00f6r\u00f6met okoz. Nem is besz\u00e9lve arr\u00f3l, hogy m\u00e1ra vil\u00e1gszinten hat\u00e1ssal vagyunk az ipar\u00e1gra \u00e9s a fogyaszt\u00f3k ig\u00e9nyeire. Kutyatart\u00e1sra b\u00e1tor\u00edtjuk az embereket, mely sz\u00e1momra abszol\u00fat pozit\u00edv c\u00e9l.<\/p>\n<p>&nbsp;<\/p>\n<p><strong><em>\u2013 Nem \u00e1ll fenn a vesz\u00e9ly, hogy m\u00e9g t\u00f6bb kutya lesz ez\u00e1ltal? \u00dagy tudom, hogy tele vannak a menhelyek is kuty\u00e1val. Nincs \u00edgy is t\u00fal sok kutya Magyarorsz\u00e1gon?<\/em><\/strong><\/p>\n<p>\u2013 Mi a felel\u0151s kutyatart\u00e1sra b\u00e1tor\u00edtunk, \u00e9s t\u00e9ny, hogy b\u0151ven van mib\u0151l v\u00e1logatni, sajnos. Hatalmas t\u00falszaporulat van azokban az orsz\u00e1gokban, ahol nem szab\u00e1lyozz\u00e1k megfelel\u0151en az ebtart\u00e1st. Ez\u00e9rt is t\u00e1mogatjuk m\u00e1r 10 \u00e9ve az \u00e1llatv\u00e9delmet: menhelyeket \u00e9p\u00edt\u00fcnk, finansz\u00edrozunk rehabilit\u00e1ci\u00f3t \u00e9s \u00f6r\u00f6kbead\u00e1si projekteket. Ebben szem\u00e9lyesen is r\u00e9szt vesz\u00fcnk tulajdonost\u00e1rsammal, Bakos Anik\u00f3val. A kutyatart\u00e1snak pozit\u00edv, szem\u00e9lyis\u00e9gform\u00e1l\u00f3 hat\u00e1sa van, \u00e9s seg\u00edts\u00e9g\u00e9re lehet az elmag\u00e1nyosod\u00f3 embert\u00f6megeknek. Azon t\u00fal, hogy a kutyatulajdonosokat egy sportosabb \u00e9letm\u00f3d ir\u00e1ny\u00e1ba mozd\u00edtja, a kutya kapcsol\u00f3d\u00e1si pont lehet a csal\u00f3dott, az \u00e9letben elcs\u00faszott embert\u00e1rsaink felz\u00e1rk\u00f3z\u00e1s\u00e1hoz.<\/p>\n<p>&nbsp;<\/p>\n<p><strong><em>\u2013 Mi\u00e9rt hisz ebben? Ugyanis van az a mond\u00e1s, hogy \u201emin\u00e9l jobban ismerem az embereket, ann\u00e1l jobban szeretem a kuty\u00e1mat\u201d \u2013 ha j\u00f3l id\u00e9zem.<\/em><\/strong><\/p>\n<p>\u2013 Szerintem ez a mond\u00e1s t\u00e9v\u00fatra vezet benn\u00fcnket, mert az egy\u00e9nt abban a hitben ringatj\u00e1k, hogy el kell menek\u00fclni a probl\u00e9m\u00e1k el\u0151l, az emberek el\u0151l. Pedig a kutya els\u0151dleges \u00fczenete fel\u00e9nk az, hogy az Ember szeretetre m\u00e9lt\u00f3. \u00c1ltaluk is fel k\u00e9ne ismerj\u00fck, hogy els\u0151dlegesen az emberi kapcsolataink k\u00f6r\u00fcl k\u00e9ne \u201erendet\u201d tenni. Elk\u00e9nyelmesedve \u00fagy tesz\u00fcnk, mintha nem \u00e9rne meg semminem\u0171 er\u0151fesz\u00edt\u00e9st, alkalmazkod\u00e1st az, hogy emberi k\u00f6z\u00f6ss\u00e9gekhez tartozzunk. Ez egyfajta kik\u00f6vezett \u00fat az \u00e9letk\u00e9ptelens\u00e9g fel\u00e9. Mint akt\u00edv \u00e9s lelkes kutyatart\u00f3, az \u00d6n \u00e1ltal id\u00e9zett mond\u00e1st \u00edgy korrig\u00e1ln\u00e1m: \u2013 min\u00e9l jobban ismerem a kuty\u00e1mat, ann\u00e1l jobban tudom, hogy emberk\u00e9nt mennyi mindent jobban csin\u00e1lhatn\u00e9k.<\/p>\n<p>&nbsp;<\/p>\n<p><strong><em>\u2013 Akkor mi\u00e9rt hisz konkr\u00e9tan abban, hogy a kutyatart\u00e1s egyfajta felz\u00e1rk\u00f3z\u00e1si lehet\u0151s\u00e9g a t\u00e1rsadalom perif\u00e9ri\u00e1j\u00e1ra sodr\u00f3dott vagy szoci\u00e1lisan kitett lakoss\u00e1g k\u00f6r\u00e9ben? J\u00f3 \u00edgy a megfogalmaz\u00e1s?<\/em><\/strong><\/p>\n<p>\u2013 A megfogalmaz\u00e1s t\u00f6k\u00e9letes. A kutya egy optim\u00e1lis, interakt\u00edv kapcsol\u00f3d\u00e1si pont az \u00e9rzelmek ir\u00e1ny\u00e1ba. \u00c9s mivel a ma ember\u00e9nek \u2013 b\u00e1rmilyen furcsa is egyeseknek \u2013 els\u0151sorban nem anyagi, hanem \u00e9rzelmi probl\u00e9m\u00e1i, s\u0151t trag\u00e9di\u00e1i vannak, ez\u00e9rt a kutyatart\u00e1s egy a lehets\u00e9ges megold\u00e1sok k\u00f6z\u00fcl. Vegy\u00e9l magad mell\u00e9 egy kuty\u00e1t \u00e9s igaz\u00e1b\u00f3l mosolyogni fogsz, ha csak r\u00e1n\u00e9zel, \u00e9s szerintem egy mosollyal minden megv\u00e1ltozik.<\/p>\n<p>&nbsp;<\/p>\n<p><strong><em>\u2013 A felszerel\u00e9sek, amiket gy\u00e1rtanak, m\u00e9gis mennyire vannak k\u00f6zvetlen hat\u00e1ssal a hangulatunkra vagy az \u00e9rzelmekre?<\/em><\/strong><\/p>\n<p>\u2013 T\u00e9ny, hogy a kuty\u00e1k ma m\u00e1r \u201e\u00f6lt\u00f6znek\u201d, akarom mondani, \u00f6lt\u00f6ztetve vannak. Ez k\u00e9sztetett benn\u00fcnket arra, hogy 20 \u00e9vvel ezel\u0151tt bevezett\u00fck a piacra a cser\u00e9lhet\u0151 feliratokat a kutyah\u00e1mokra. Ez a kutyah\u00e1mra ragaszthat\u00f3 t\u00e1bl\u00e1cska \u2013 tal\u00e1n els\u0151k\u00e9nt a vil\u00e1gon \u2013 nem csup\u00e1n a gazd\u00e1t, hanem a \u201enemkuty\u00e1s\u201d szeml\u00e9l\u0151d\u0151ket is megnevettette.<\/p>\n<p>A feliratok viccesek voltak, az \u201ead\u00f3fizet\u0151\u201d-t\u0151l a \u201ekanap\u00e9farkas\u201d-on \u00e1t, a hazai vonatkoz\u00e1s\u00fa\u00a0 \u201eMagyar vagyok, nem k\u00f3bor\u201d-ig.\u00a0\u00a0 Mindenki j\u00f3t mulat ezeken, olyannyira, hogy tal\u00e1n nincs is olyan orsz\u00e1g a vil\u00e1gon, ahol ne lehetne m\u00e1r kutyah\u00e1m-feliratot kapni t\u0151l\u00fcnk vagy m\u00e1s gy\u00e1rt\u00f3t\u00f3l. Ha \u00fagy tetszik, a JULIUS-K9<sup>\u00ae<\/sup> a kutyah\u00e1m-felirataival megnevettette a vil\u00e1got. Mindemellett tal\u00e1lm\u00e1nyunk kiemelte az ember mellett \u00e9s az ember\u00e9rt k\u00fcl\u00f6nleges szolg\u00e1latot teljes\u00edt\u0151 kuty\u00e1k jelenl\u00e9t\u00e9t a t\u00e1rsadalomban, a \u201eService Dog\u201d, \u201eSeg\u00edt\u0151 kutya\u201d stb. feliratoz\u00e1ssal.<\/p>\n<p><img decoding=\"async\" class=\"aligncenter size-full wp-image-42104\" src=\"https:\/\/julius-k9.com\/wp-content\/uploads\/2017\/11\/onismeret.jpg\" alt=\"replaceable patches Julius-K9\" width=\"940\" height=\"528\" \/><\/p>\n<p>&nbsp;<\/p>\n<p><strong><em>\u2013 Szeretn\u00e9m megk\u00e9rdezni, hogy a mag\u00e1n\u00e9leti c\u00e9ljai mennyire v\u00e1lnak el az \u00fczleti c\u00e9lokt\u00f3l?<\/em><\/strong><\/p>\n<p>\u2013 Nagyon is, \u00e9s semennyire. A v\u00e1llalkoz\u00e1s mozgalmas t\u00f6rt\u00e9n\u00e9sei alig-alig adnak az agyamnak szabad pillanatot, \u00e9s igencsak r\u00e1nyomj\u00e1k b\u00e9lyeg\u00fcket a j\u00f6v\u0151k\u00e9p \u201earculattervez\u00e9s\u00e9re\u201d. De szerencs\u00e9re vannak alapfeladatok, melyek a munka \u00e9s a mag\u00e1n\u00e9let vonal\u00e1n is egyar\u00e1nt jelen vannak sz\u00e1momra, de \u00fagymond egyszerre kezelend\u0151k.<\/p>\n<p>Itt van mindj\u00e1rt a f\u00e9lelem \u00e9s aggodalom k\u00e9rd\u00e9se. Kinek nincs? Az elk\u00e9s\u00fcnk, lek\u00e9ss\u00fck, elvesz\u00edtj\u00fck, nem b\u00edrjuk, \u00e9s ezek m\u00falt idej\u0171 v\u00e1ltozatai &#8211; szerencs\u00e9s esetben &#8211; mind a helyzet m\u00e9lyebb elemz\u00e9s\u00e9re tan\u00edtottak. A vel\u00fcnk szemben t\u00e1masztott elv\u00e1r\u00e1soknak ak\u00e1r \u00f6nmagunk, ak\u00e1r m\u00e1sok ir\u00e1ny\u00e1b\u00f3l nincs fels\u0151 hat\u00e1ra.\u00a0 A fesz\u00fclts\u00e9gek cs\u00f6kkent\u00e9se \u00e9rdek\u00e9ben vissza-vissza kell t\u00e9rni a m\u00falt probl\u00e9m\u00e1ihoz, \u00e9s k\u00f6vetni kell elt\u00f6rp\u00fcl\u00e9s\u00fcket, ahogy elvesz\u00edtik jelent\u0151s\u00e9g\u00fcket. Megtapasztalhattam, hogy minden \u201evesztes\u00e9g\u201d valami \u00faj fel\u00e9 mutat \u00e9s sodor is benn\u00fcnket, ha kell. Mert soha nem lesz senkivel a kapcsolatunk olyan, mint r\u00e9gen, vagy olyan, mint tegnap.\u00a0 Ugyan\u00edgy a v\u00e1llalkoz\u00e1sunk is v\u00e1ltoz\u00e1sra, meg\u00fajul\u00e1sra \u00edt\u00e9ltetett. Nekem er\u0151t ad, hogy minden mozg\u00e1sban van, \u00e9s amin ma elkeseredn\u00e9k, az holnap m\u00e1r egy motiv\u00e1l\u00f3 er\u0151 lehet a tettek mezej\u00e9n. Ez cs\u00f6kkenti bennem a ragaszkod\u00e1st a m\u00e1r el\u00e9rt dolgokhoz, \u00e9s a megfelel\u00e9si k\u00e9nyszer sem lesz zavar\u00f3. \u00cdgy tudok teljes, pozit\u00edv \u00e9rzelmekben gazdag \u201emag\u00e1n\u201d \u00e9letet \u00e9lni, \u00e9s a v\u00e1llalkoz\u00e1s \u201eprobl\u00e9m\u00e1it\u201d lev\u00e1lasztani magamr\u00f3l.<\/p>\n<p>&nbsp;<\/p>\n<p><strong><em>\u2013 Hogyan dolgozik? Mi a menetrend?<\/em><\/strong><\/p>\n<p>\u2013 Hajnali 3-kor kelek. Csendre, abszol\u00fat csendre van ig\u00e9nyem, hogy dolgozhassak. M\u00e1s ember vagyok hajnalban, teljesen m\u00e1s gondolatokkal, mint nappal vagy este. Ez\u00e9rt azokat a szellemi munk\u00e1kat v\u00e9gzem ilyenkor, ami a szem\u00e9lyis\u00e9gemt\u0151l egy kicsit idegen. Amire napk\u00f6zben m\u00e1r k\u00e9ptelen lenn\u00e9k koncentr\u00e1lni. Ilyen a szabadalmak \u00edr\u00e1sa is. Egy szabadalom biztos\u00edtja sz\u00e1munkra a legjobb m\u0171szaki \u00e9s gy\u00e1rt\u00e1si megold\u00e1sok exkluz\u00edv haszn\u00e1lati jog\u00e1t maximum 20 \u00e9vre.<\/p>\n<p>\u00c9rtelemszer\u0171en c\u00e9l m\u00e1sok kiz\u00e1r\u00e1sa az ebb\u0151l val\u00f3 meg\u00e9lhet\u00e9sb\u0151l, mely, mint motiv\u00e1ci\u00f3, alapj\u00e1ban v\u00e9ve t\u00e1vol \u00e1ll a mentalit\u00e1somt\u00f3l. Egy hatalmas taktikai j\u00e1tszma \u00e9s k\u00e9nyszerp\u00e1lya, melyben az a legnehezebb, hogy fel kell t\u00e9rk\u00e9pezni minden m\u0171szaki megold\u00e1st az adott ter\u00fcleten, \u00e9s a szabadalmat \u00fagy kell meg\u00edrni, hogy a legjobb megold\u00e1s a birtokunkban legyen. Ez sz\u00e1momra m\u0171szaki szempontb\u00f3l \u00e9rdekes, \u00e9s ha j\u00f3l m\u0171k\u00f6d\u00f6k, akkor egy szabadalom meg\u00edr\u00e1sa &#8211; m\u00e1s c\u00e9gvezet\u0151i teend\u0151k p\u00e1rhuzamos elv\u00e9gz\u00e9se mellett &#8211; megvan k\u00e9t h\u00e9t alatt. Az egy\u00e9b teend\u0151k sor\u00e1n is akt\u00edvan r\u00e9szt veszek a c\u00e9g v\u00e9rkering\u00e9s\u00e9ben, szeretem, ha mindenre r\u00e1l\u00e1t\u00e1som van.<\/p>\n<p>&nbsp;<\/p>\n<p><strong><em>\u2013 Milyen \u00e9letsz\u00ednvonalat lehet el\u00e9rni ma feltal\u00e1l\u00f3k\u00e9nt?<\/em><\/strong><\/p>\n<p>\u2013 Erre nem tudom a v\u00e1laszt. Megvan mindenem, \u00e9s nem is felejtek el adni a sikereimb\u0151l m\u00e1soknak. Az \u00e9n anyagi v\u00e1gyaim sz\u0171k keretek k\u00f6z\u00f6tt mozognak, kb. p\u00f3l\u00f3ban \u00e9s pamutgaty\u00e1ban t\u00f6k\u00e9letesen \u00e9rzem magam. Megcsod\u00e1lom ugyan, de nem ragaszkodom a cs\u00facsm\u00e1rk\u00e1khoz, a luxushoz semmiben. Kifejezetten ut\u00e1lom, ha a mobiltelefonom okosabb, mint \u00e9n; \u00e9s szeretem azt, ha a h\u00e1z, amiben az ember lakik, \u00e1ttekinthet\u0151 m\u00e9ret\u0171. Tiszt\u00e1ban vagyok vele, hogy a felhalmoz\u00e1sr\u00f3l val\u00f3 r\u00e9szleges vagy teljes lemond\u00e1s nem m\u0171k\u00f6dhet an\u00e9lk\u00fcl, hogy a sz\u00e1munkra el\u00e9rhet\u0151 gy\u00fcm\u00f6lcs\u00f6kbe el\u0151tte bele ne k\u00f3stoljunk. Teh\u00e1t abszol\u00fat nem len\u00e9zend\u0151 sz\u00e1momra, ha valakit az anyagi v\u00e1gyak motiv\u00e1lnak, de saj\u00e1t \u00f6nmegval\u00f3s\u00edt\u00e1si lehet\u0151s\u00e9geimet m\u00e1r m\u00e1sban l\u00e1tom.<\/p>\n<p>&nbsp;<\/p>\n<p><strong><em>\u2013 A szabadalmak eset\u00e9ben akkor a magasfok\u00fa m\u0171szaki \u00e9rz\u00e9k az, ami lehet\u0151v\u00e9 teszi a legjobb, \u00faj megold\u00e1sok megtal\u00e1l\u00e1s\u00e1t?<\/em><\/strong><\/p>\n<p>\u2013 A m\u0171szaki \u00e9rz\u00e9kem csapnival\u00f3. Sajnos ez az igazs\u00e1g. Viszont a legjobb megold\u00e1s megtal\u00e1l\u00e1s\u00e1hoz tal\u00e1n \u00e9pp arra van sz\u00fcks\u00e9g, hogy az ember b\u00e9n\u00e1zzon a gyakorlatban. Egy m\u0171szaki ter\u00fcleten k\u00e9pzett profi sokat seg\u00edthet nekem egy adott c\u00e9l ismert m\u00f3don val\u00f3 el\u00e9r\u00e9s\u00e9ben, de a t\u00fal \u00fcgyes \u00e9s gyors m\u0171szaki megold\u00e1sokra k\u00e9pes egy\u00e9nekkel az volt mindig a bajom, hogy hamar megvan a megold\u00e1suk \u00e9s m\u00e1r l\u00e9pnek is tov\u00e1bb. K\u00e9ptelenek gy\u00f6tr\u0151dni egy csavar ki- vagy beszerel\u00e9s\u00e9n, mint ugye \u00e9n, a b\u00e9na. \u00cdgy sosem jut esz\u00fckbe, hogy tal\u00e1n nem is csavar kellene oda, hanem valami m\u00e1s. Pedig az \u00faj, ak\u00e1r korszakalkot\u00f3 megold\u00e1sok abb\u00f3l sz\u00fcletnek, hogy valamit az ember az eddigi m\u00f3don nem tud \u00f6nmag\u00e1hoz vagy m\u00e1sokhoz k\u00e9pest el\u00e9g j\u00f3l csin\u00e1lni.<\/p>\n<p>&nbsp;<\/p>\n<p><strong><em>\u2013 M\u00e9gis mi adja meg a lehet\u0151s\u00e9get, a kezd\u0151 l\u00f6k\u00e9st ahhoz, hogy egy tal\u00e1lm\u00e1ny megsz\u00fclessen?<\/em><\/strong><\/p>\n<p>\u2013\u00a0 Sz\u00edvesen megosztom tapasztalataimat annak \u00e9rek\u00e9ben, hogy erre m\u00e1s is k\u00e9pesnek \u00e9rezze mag\u00e1t.<\/p>\n<p>Esetemben beigazol\u00f3dott, hogy az \u00f6nmagunkba m\u00e9lyed\u00e9shez a csend \u00e9s az ezzel j\u00e1r\u00f3, j\u00f3 \u00e9rtelemben vett mag\u00e1ny mennyire n\u00e9lk\u00fcl\u00f6zhetetlen. Korunk nagy gondolkod\u00f3i, feltal\u00e1l\u00f3i \u00e9s m\u0171v\u00e9szei az alkot\u00e1shoz m\u00e1r az internet v\u00e9gel\u00e1thatatlan adatb\u00e1zis\u00e1nak b\u0171vk\u00f6r\u00e9ben, vagy legal\u00e1bbis annak hat\u00e1sa alatt \u00e1llnak, akarva-akaratlan. Tal\u00e1n ez\u00e9rt is van az, hogy nagy sz\u00e1mban ugyan, de kev\u00e9sb\u00e9 \u00e1t\u00fct\u0151 erej\u0171 m\u0171v\u00e9szeti alkot\u00e1sok vagy fejleszt\u00e9sek sz\u00fcletnek, mint Beethoven, J\u00f3zsef Attila, Munk\u00e1csy Mih\u00e1ly vagy Einstein idej\u00e9ben. A ma dinamik\u00e1ja pont a kreat\u00edv emberi gondolatok min\u0151s\u00e9g\u00e9t \u00e9s a befogad\u00f3k\u00e9pess\u00e9g\u00fcnket befoly\u00e1solja h\u00e1tr\u00e1nyosan. Nem tudjuk \u00f6nmagunkat adni a gondolkod\u00e1sban, mert mindig er\u0151sen a k\u00fcls\u0151 t\u00e9nyez\u0151k hat\u00e1sa alatt vagyunk. M\u00e9g akkor is ki vagyunk t\u00e9ve az agym\u0171k\u00f6d\u00e9st befoly\u00e1sol\u00f3, term\u00e9szetidegen rezg\u00e9seknek, zajoknak, r\u00e1di\u00f3- \u00e9s egy\u00e9b hull\u00e1moknak, ha mi magunk \u00e9pp nem rohanunk sehov\u00e1. K\u00e9rd\u00e9s, hogy ki lehet-e z\u00e1rni a k\u00fclvil\u00e1got egy \u201ealkot\u00e1snyi\u201d id\u0151re?<\/p>\n<p>A ma embere ezt meg akarja, meg tudja-e tenni? Ugyanez a helyzet a fogad\u00f3i oldalon. A mai inform\u00e1ci\u00f3d\u00f6mpingben k\u00e9pes-e m\u00e9g min\u0151s\u00e9galap\u00fa szelekci\u00f3ra az agyunk? Ez alapj\u00e1ban v\u00e9ve megszabja, hogy egy \u00e9letk\u00e9pes tal\u00e1lm\u00e1ny megval\u00f3sul, vagy a kuk\u00e1ban landol.<\/p>\n<p>&nbsp;<\/p>\n<p><strong><em>\u2013 Sz\u00f3val a csend az egyik titok. Mi lehet m\u00e9g?<\/em><\/strong><\/p>\n<p>\u2013 Tal\u00e1n m\u00e9g valamit tiszt\u00e1n meg tudok \u00e1llap\u00edtani. A m\u00faltb\u00e9li alkot\u00e1sok m\u00f6g\u00f6tt \u00e1ll\u00f3 zsenik szinte valamennyien kapcsolatot kerestek az \u00e9giekkel, Istennel, a Teremt\u0151vel. Einstein \u00e9lete v\u00e9g\u00e9ig boncolgatta a k\u00e9rd\u00e9st, hogy vajon hogyan is gondolkodott Isten. Ek\u00f6zben sz\u00e1mtalan zseni\u00e1lis felfedez\u00e9s pattant ki a fej\u00e9b\u0151l.<\/p>\n<p>A r\u00e9gm\u00falt nagy birodalmai ezer \u00e9veken \u00e1t is fenn\u00e1lltak, \u00e9s alap volt az istenk\u00f6zpont\u00fa gondolkod\u00e1s. Nem lehet v\u00e9letlen, hogy olyan alkot\u00e1sokat hagytak maguk m\u00f6g\u00f6tt, melyekre a mai napig nincs k\u00e9zzelfoghat\u00f3 magyar\u00e1zat.<\/p>\n<p>A 21. sz\u00e1zadi ember \u00fagy pr\u00f3b\u00e1l \u00e9p\u00edteni \u00e9s \u00e9p\u00edtkezni, hogy l\u00e9nyegesen messzebbre ker\u00fclt a hitb\u00e9li, stabil alapokt\u00f3l, \u00e9s k\u00f6zben tot\u00e1lisan kiz\u00f6kkentettek benn\u00fcnket a term\u00e9szet adta ig\u00e9nyeink keretein t\u00falra. Tapasztalatom szerint az Istenhit k\u00e9rd\u00e9s\u00e9ben nyitott ember t\u00f6bb dimenzi\u00f3ban l\u00e1tja a vil\u00e1got, egy\u00e9rtelm\u0171bb lesz a c\u00e9lmeghat\u00e1roz\u00e1si k\u00e9pess\u00e9ge, re\u00e1lisak az ig\u00e9nyei, levetk\u0151zi f\u00e9lelmeit \u00e9s bevonzza a megfelel\u0151 gondolatokat a kell\u0151 pillanatban.<\/p>\n<p>&nbsp;<\/p>\n<p><strong><em>\u2013 Nem gondoltam volna, hogy a tal\u00e1lm\u00e1nyok \u00e9s a siker vonatkoz\u00e1s\u00e1ban eg\u00e9szen Isten \u00e9s a hit k\u00e9rd\u00e9s\u00e9ig jutunk.<\/em><\/strong><\/p>\n<p>\u2013 Azt gondolom, hogy a f\u00f6ldi \u00e9let\u00e9re az ember t\u00f6bbnyire annyi id\u0151t kap, hogy b\u0151ven legyen lehet\u0151s\u00e9ge kipr\u00f3b\u00e1lni ezt az utat is. Ak\u00e1r f\u00f6ldi, ak\u00e1r \u00e9gi er\u0151kkel keres\u00fcnk kapcsolatot, v\u00e9g\u00fcl is \u00f6nmagunkkal kell megtal\u00e1ljuk a megfelel\u0151 hangot. Ez az alapfelt\u00e9t\u00e9tele a sikernek.<\/p>\n<p>&nbsp;<\/p>\n<p><em>\u2013 Gyula \u201eJulius\u201d Seb\u0151, k\u00f6sz\u00f6n\u00f6m a besz\u00e9lget\u00e9st!<\/em>[\/vc_column_text][\/vc_column][\/vc_row]<\/p>\n<\/div>","protected":false},"excerpt":{"rendered":"<p>Riport Seb\u0151 Gyul\u00e1val, a JULIUS-K9\u00ae v\u00e1llalatcsoport vezet\u0151j\u00e9vel<\/p>\n","protected":false},"author":7,"featured_media":46421,"comment_status":"closed","ping_status":"open","sticky":false,"template":"","format":"standard","meta":{"_acf_changed":false,"footnotes":""},"categories":[223],"tags":[],"class_list":["post-46420","post","type-post","status-publish","format-standard","has-post-thumbnail","hentry","category-news-category-hu","category-223","description-off"],"acf":[],"_links":{"self":[{"href":"https:\/\/julius-k9.com\/hu\/wp-json\/wp\/v2\/posts\/46420","targetHints":{"allow":["GET"]}}],"collection":[{"href":"https:\/\/julius-k9.com\/hu\/wp-json\/wp\/v2\/posts"}],"about":[{"href":"https:\/\/julius-k9.com\/hu\/wp-json\/wp\/v2\/types\/post"}],"author":[{"embeddable":true,"href":"https:\/\/julius-k9.com\/hu\/wp-json\/wp\/v2\/users\/7"}],"replies":[{"embeddable":true,"href":"https:\/\/julius-k9.com\/hu\/wp-json\/wp\/v2\/comments?post=46420"}],"version-history":[{"count":0,"href":"https:\/\/julius-k9.com\/hu\/wp-json\/wp\/v2\/posts\/46420\/revisions"}],"wp:featuredmedia":[{"embeddable":true,"href":"https:\/\/julius-k9.com\/hu\/wp-json\/wp\/v2\/media\/46421"}],"wp:attachment":[{"href":"https:\/\/julius-k9.com\/hu\/wp-json\/wp\/v2\/media?parent=46420"}],"wp:term":[{"taxonomy":"category","embeddable":true,"href":"https:\/\/julius-k9.com\/hu\/wp-json\/wp\/v2\/categories?post=46420"},{"taxonomy":"post_tag","embeddable":true,"href":"https:\/\/julius-k9.com\/hu\/wp-json\/wp\/v2\/tags?post=46420"}],"curies":[{"name":"wp","href":"https:\/\/api.w.org\/{rel}","templated":true}]}}