{"id":45381,"date":"2018-04-06T07:56:18","date_gmt":"2018-04-06T07:56:18","guid":{"rendered":"https:\/\/julius-k9.com\/?p=45381"},"modified":"2018-04-06T07:56:18","modified_gmt":"2018-04-06T07:56:18","slug":"tobb-mint-szaz-uj-munkahely-nyilik-a-julius-k9-uzemben","status":"publish","type":"post","link":"https:\/\/julius-k9.com\/hu\/tobb-mint-szaz-uj-munkahely-nyilik-a-julius-k9-uzemben\/","title":{"rendered":"T\u00f6bb mint sz\u00e1z \u00faj munkahely ny\u00edlik a Julius-K9\u00ae \u00fczemben"},"content":{"rendered":"<div class=\"wpb-content-wrapper\"><p>[vc_row][vc_column][vc_column_text]K\u00f6zel 3000 n\u00e9gyzetm\u00e9teren el\u0151sz\u00f6r 70, majd tov\u00e1bbi 50 \u00faj munkav\u00e1llal\u00f3 kezdi meg a Julius-K9\u00ae kutyafelszerel\u00e9sek gy\u00e1rt\u00e1s\u00e1t Tiszaf\u00fcreden. A v\u00e1llalat leg\u00fajabb \u00fczem\u00e9nek \u00fcnnep\u00e9lyes megnyit\u00f3j\u00e1ra \u00e1prilis 3-\u00e1n ker\u00fclt sor. A szigetszentmikl\u00f3si sz\u00e9khely\u0171 K9-Sport Kft. ezzel <strong>500 f\u0151re n\u00f6veli munkat\u00e1rsainak l\u00e9tsz\u00e1m\u00e1t<\/strong>.<\/p>\n<p>A beruh\u00e1z\u00e1s c\u00e9lja, hogy a v\u00e1llalat a t\u00e9rs\u00e9gben gy\u00e1rt\u00f3i \u00e9s egyben logisztikai k\u00f6zpontot hozzon l\u00e9tre, ahov\u00e1 <em>Tiszaderzsr\u0151l, Tiszasz\u0151l\u0151sr\u0151l, Tisza\u00f6rsr\u0151l, Tiszaszentimr\u00e9r\u0151l, Ab\u00e1dszal\u00f3kr\u00f3l \u00e9s Tiszaf\u00fcredr\u0151l<\/em> is j\u00e1rnak dolgoz\u00f3k. A komplexumban a gy\u00e1rt\u00e1son t\u00fal <strong>min\u0151s\u00e9g-ellen\u0151rz\u00e9s \u00e9s csomagol\u00e1s<\/strong> is zajlik majd, \u00edgy k\u00f6zvetlen\u00fcl indulnak \u00fatjukra a term\u00e9kek n\u00e9met, k\u00ednai \u00e9s amerikai piacokra.<\/p>\n<p>[\/vc_column_text][vc_empty_space][dt_small_photos number=&#8221;7&#8243; category=&#8221;tiszafured-megnyito-2018&#8243;][vc_empty_space][vc_column_text]Tiszaf\u00fcred V\u00e1ros \u00d6nkorm\u00e1nyzat\u00e1val \u00e9s a J\u00e1sz-Nagykun-Szolnok Megyei Korm\u00e1nyhivatal Munka\u00fcgyi K\u00f6zpontj\u00e1val egy\u00fcttm\u0171k\u00f6dve a v\u00e1llalat t\u00f6bb mint <strong>60 milli\u00f3s b\u00e9rt\u00e1mogat\u00e1sra tett szert<\/strong>, ennek k\u00f6sz\u00f6nhet\u0151en a megy\u00e9ben a K9-Sport Kft., mint a Julius-K9\u00ae m\u00e1rkaterm\u00e9kek gy\u00e1rt\u00f3ja, \u00f6sszesen <strong>t\u00f6bb mint 200 embernek<\/strong> biztos\u00edt majd k\u00f6zvetlen\u00fcl biztos meg\u00e9lhet\u00e9st.<\/p>\n<p>Az intenz\u00edv munkaer\u0151-toborz\u00e1s jelenleg is n\u00e9gy megy\u00e9re kiterjed\u0151en zajlik. A c\u00e9gnek sz\u00e1mtalan <strong>tart\u00f3s munkan\u00e9lk\u00fclit siker\u00fclt betan\u00edt\u00e1s ut\u00e1n alkalmaznia<\/strong>, \u00edgy a t\u00e9rs\u00e9g munkan\u00e9lk\u00fclis\u00e9gi r\u00e1t\u00e1j\u00e1nak cs\u00f6kkent\u00e9s\u00e9hez is jelent\u0151sen hozz\u00e1j\u00e1rult.<\/p>\n<p>A megnyit\u00f3 \u00fcnnep\u00e9lyes keretek k\u00f6z\u00f6tt, a szakhat\u00f3s\u00e1gok \u00e9s a helyi \u00f6nkorm\u00e1nyzat r\u00e9szv\u00e9tel\u00e9vel ker\u00fclt megrendez\u00e9sre.[\/vc_column_text][vc_empty_space][vc_video link=&#8221;https:\/\/www.youtube.com\/watch?v=eSFERazO3VU&#8221; align=&#8221;center&#8221;][\/vc_column][\/vc_row]<\/p>\n<\/div>","protected":false},"excerpt":{"rendered":"<p>K\u00f6zel 3000 n\u00e9gyzetm\u00e9teren el\u0151sz\u00f6r 70, majd tov\u00e1bbi 50 \u00faj munkav\u00e1llal\u00f3 kezdi meg a Julius-K9\u00ae kutyafelszerel\u00e9sek gy\u00e1rt\u00e1s\u00e1t Tiszaf\u00fcreden.<\/p>\n","protected":false},"author":7,"featured_media":45374,"comment_status":"closed","ping_status":"open","sticky":false,"template":"","format":"standard","meta":{"_acf_changed":false,"footnotes":""},"categories":[223],"tags":[],"class_list":["post-45381","post","type-post","status-publish","format-standard","has-post-thumbnail","hentry","category-news-category-hu","category-223","description-off"],"acf":[],"_links":{"self":[{"href":"https:\/\/julius-k9.com\/hu\/wp-json\/wp\/v2\/posts\/45381","targetHints":{"allow":["GET"]}}],"collection":[{"href":"https:\/\/julius-k9.com\/hu\/wp-json\/wp\/v2\/posts"}],"about":[{"href":"https:\/\/julius-k9.com\/hu\/wp-json\/wp\/v2\/types\/post"}],"author":[{"embeddable":true,"href":"https:\/\/julius-k9.com\/hu\/wp-json\/wp\/v2\/users\/7"}],"replies":[{"embeddable":true,"href":"https:\/\/julius-k9.com\/hu\/wp-json\/wp\/v2\/comments?post=45381"}],"version-history":[{"count":0,"href":"https:\/\/julius-k9.com\/hu\/wp-json\/wp\/v2\/posts\/45381\/revisions"}],"wp:featuredmedia":[{"embeddable":true,"href":"https:\/\/julius-k9.com\/hu\/wp-json\/wp\/v2\/media\/45374"}],"wp:attachment":[{"href":"https:\/\/julius-k9.com\/hu\/wp-json\/wp\/v2\/media?parent=45381"}],"wp:term":[{"taxonomy":"category","embeddable":true,"href":"https:\/\/julius-k9.com\/hu\/wp-json\/wp\/v2\/categories?post=45381"},{"taxonomy":"post_tag","embeddable":true,"href":"https:\/\/julius-k9.com\/hu\/wp-json\/wp\/v2\/tags?post=45381"}],"curies":[{"name":"wp","href":"https:\/\/api.w.org\/{rel}","templated":true}]}}