{"id":45017,"date":"2018-03-02T08:14:42","date_gmt":"2018-03-02T08:14:42","guid":{"rendered":"http:\/\/julius-k9.com\/?p=45017"},"modified":"2018-03-02T08:14:42","modified_gmt":"2018-03-02T08:14:42","slug":"kuzdelem-a-nagytestu-kutyak-szallitasaert-az-ic-n","status":"publish","type":"post","link":"https:\/\/julius-k9.com\/hu\/kuzdelem-a-nagytestu-kutyak-szallitasaert-az-ic-n\/","title":{"rendered":"K\u00fczdelem a nagytest\u0171 kuty\u00e1k sz\u00e1ll\u00edt\u00e1s\u00e1\u00e9rt az IC-n"},"content":{"rendered":"<div class=\"wpb-content-wrapper\"><p>[vc_row][vc_column][vc_column_text]A kuty\u00e1sok \u00e9s a M\u00c1V Zrt. k\u00fczdelme folyamatos, hab\u00e1r 2016 janu\u00e1rj\u00e1ban egy kor\u00e1bbi megmozdul\u00e1s hat\u00e1s\u00e1ra jelent\u0151s engedm\u00e9nyek sz\u00fclettek, melyeket a pozit\u00edv visszajelz\u00e9sek miatt l\u00e1tsz\u00f3lag nem is tervez visszavonni a c\u00e9gcsoport. Kezdetben pr\u00f3ba jelleggel vezettek be az InterCity-n kutyasz\u00e1ll\u00edt\u00e1sra vonatkoz\u00f3 v\u00e1ltoz\u00e1sokat, melyeket k\u00e9s\u0151bb v\u00e9gleges\u00edtettek. A kuty\u00e1val utaz\u00f3k ellenszenv\u00e9t m\u00e9gis siker\u00fclt kiv\u00e1ltani, mivel a m\u00f3dos\u00edt\u00e1sok kiz\u00e1r\u00f3lag a kistest\u0171, k\u00e9zipoggy\u00e1sz m\u00e9ret\u00e9t nem meghalad\u00f3 nagys\u00e1g\u00fa hordoz\u00f3ban is sz\u00e1ll\u00edthat\u00f3 kuty\u00e1kat \u00e9rintik. Teh\u00e1t csak \u0151ket lehet (\u00e9l\u0151\u00e1llat viteld\u00edj t\u00e9r\u00edt\u00e9se ellen\u00e9ben term\u00e9szetesen) a helyjegyes vonatokon sz\u00e1ll\u00edtani. \u00cdgy nem zavarnak senkit, nem okozhatnak s\u00e9r\u00fcl\u00e9st vagy kellemetlens\u00e9get.[\/vc_column_text][vc_empty_space][vc_column_text]A M\u00c1V indokai \u00e9rthet\u0151ek, hiszen igyekszenek mindenkinek az \u00e9rdek\u00e9t k\u00e9pviselni amellett, hogy meg kell v\u00e9deni\u00fck a sz\u00e9lesebb k\u00f6r\u0171, kutya n\u00e9lk\u00fcli utaz\u00f3k\u00f6z\u00f6ns\u00e9g\u00fcket is. <strong>A nagytest\u0171 kuty\u00e1sok azonban ugyancsak joggal h\u00e1borognak<\/strong>, az els\u0151dleges indokuk egy\u00e9rtelm\u0171, miszerint \u0151ket megfosztj\u00e1k a lehet\u0151s\u00e9gt\u0151l, hogy r\u00f6videbb id\u0151 alatt jussanak el a c\u00e9ljukhoz. Ez pedig olykor 2-3 \u00f3ra k\u00fcl\u00f6nbs\u00e9get is jelenthet a szem\u00e9lyvonatok menetidej\u00e9hez viszony\u00edtva. A <a href=\"https:\/\/www.facebook.com\/Kuty%C3%A1val-vonaton-704130949732711\/?ref=br_rs&amp;hc_ref=ARQ6hWeh6zJtoTf-K2-v0cps-QkvuEQ36iaOzSkKzM2V9ZE7SGB89Tv8IjdpG-Yq1x4&amp;fref=nf\" target=\"_blank\" rel=\"noopener\"><em>Kuty\u00e1val vonaton<\/em><\/a> elnevez\u00e9s\u0171 k\u00f6z\u00f6ss\u00e9g a kuty\u00e1val utazni v\u00e1gy\u00f3k \u00e9rdekeit k\u00e9pviseli, \u00e9s megfogalmazza teljesen elfogadhat\u00f3 ig\u00e9nyeiket. A k\u00e9r\u00e9sek egy\u00e9rtelm\u0171ek, megfogalmaz\u00e1sukn\u00e1l k\u00fcl\u00f6n figyelmet ford\u00edtottak az utasok k\u00e9nyelm\u00e9re \u00e9s a kellemetlens\u00e9gek elker\u00fcl\u00e9s\u00e9re. <strong>C\u00e9ljuk, hogy b\u00e1rmilyen kutya utazhasson a helyjegyes vonatokon is.<\/strong> Nem t\u00e1masztanak irre\u00e1lis ig\u00e9nyeket, mind\u00f6ssze azt szeretn\u00e9k, ha a doh\u00e1nyz\u00f3 kocsik mint\u00e1j\u00e1ra kuty\u00e1s kocsikat is l\u00e9tes\u00edten\u00e9nek, melyekre a n\u00e9gyl\u00e1b\u00faval utaz\u00f3k, illetve azok v\u00e1lthatn\u00e1nak jegyet, akiket nem zavar a kutya. Ennek \u00e9rdek\u00e9ben a k\u00f6z\u00f6ss\u00e9g 2015-ben pet\u00edci\u00f3t hozott l\u00e9tre, mely a <a href=\"http:\/\/kutyavalvonaton.bol-dog.hu\/\" target=\"_blank\" rel=\"noopener\"><em>kutyavalvonaton.bol-dog.hu<\/em><\/a> oldalon al\u00e1 is \u00edrhat\u00f3.[\/vc_column_text][vc_empty_space][vc_message message_box_color=&#8221;grey&#8221; icon_fontawesome=&#8221;fa fa-facebook-square&#8221;]A M\u00c1V alkalmazottai egy\u00e9bk\u00e9nt nagyon pozit\u00edvan \u00e1llnak a kuty\u00e1s utasokhoz, legt\u00f6bbj\u00fck a szigor\u00fabb szab\u00e1lyok betartat\u00e1s\u00e1t\u00f3l is eltekint, felt\u00e9ve, ha l\u00e1that\u00f3an probl\u00e9mamentes, j\u00f3l nevelt kuty\u00e1r\u00f3l van sz\u00f3. A <a href=\"https:\/\/www.facebook.com\/Kuty%C3%A1val-vonaton-704130949732711\/?ref=br_rs&amp;hc_ref=ARQ6hWeh6zJtoTf-K2-v0cps-QkvuEQ36iaOzSkKzM2V9ZE7SGB89Tv8IjdpG-Yq1x4&amp;fref=nf\" target=\"_blank\" rel=\"noopener\"><em>Kuty\u00e1val vonaton<\/em><\/a> nev\u0171 Facebook oldalon sz\u00edvesen l\u00e1tj\u00e1k a pozit\u00edv \u00e9s negat\u00edv tapasztalatokat.[\/vc_message][vc_empty_space][vc_column_text]A kommentek k\u00f6z\u00f6tt mazsol\u00e1zva hamar felt\u0171nik, hogy <strong>negat\u00edv \u00e9lm\u00e9ny alig \u00e9rt valakit<\/strong>, \u00f6r\u00f6mmel teli, gondmentes utaz\u00e1s azonban j\u00f3csk\u00e1n akad. Egyesek arr\u00f3l sz\u00e1moltak be, hogy ha pokr\u00f3cot vittek magukkal, nyugodtan aludhatott a kutya mellett\u00fck az \u00fcl\u00e9sen; m\u00e1sok ujjongva mes\u00e9lt\u00e9k, hogy a k\u00e9t, nehezen csit\u00edthat\u00f3 kuty\u00e1jukra is csak mosolygott a kedves ellen\u0151r. B\u00e1r \u0151k v\u00e9g\u00fcl k\u00fcl\u00f6n helyre \u00fcltek, hogy ne zavarj\u00e1k a j\u00e1tsz\u00f3 ebek az utasokat. (Ilyen a j\u00f3 hozz\u00e1\u00e1ll\u00e1s).<\/p>\n<p>Mi sem tal\u00e1ltunk m\u00e9g soha kifog\u00e1st a M\u00c1V szolg\u00e1ltat\u00e1saiban, m\u00e9g \u00fagy sem, hogy Bog\u00e1r, a cocker sp\u00e1niel m\u00e1r nagytest\u0171nek sz\u00e1m\u00edt utaz\u00e1s szempontj\u00e1b\u00f3l, mivel nem f\u00e9r be egy k\u00e9zipoggy\u00e1sz m\u00e9ret\u0171 hordoz\u00f3ba. Term\u00e9szetesen a helyjegyes vonatok r\u00f6vid menetidej\u00e9t mi is hi\u00e1nyoljuk, hab\u00e1r egyetlen IC-s utaz\u00e1si k\u00eds\u00e9rlet\u00fcnkkor a jegyelad\u00f3 h\u00f6lgy \u00e9s a kalauz j\u00f3 sz\u00e1nd\u00e9ka miatt felengedtek minket. Bog\u00e1r textil boxa nem f\u00e9rt el kinyitva az \u00fcl\u00e9sek k\u00f6z\u00f6tt, az ajt\u00f3 melletti nagyobb ter\u00fcletre pedig \u00e9rthet\u0151 m\u00f3don nem fektetem a kuty\u00e1m. V\u00e9gig az \u00f6lemben, vagy a f\u00f6ld\u00f6n fekve utazott, <strong>az utasok \u00f6r\u00f6mmel fogadt\u00e1k, \u00e9lvezt\u00e9k a t\u00e1rsas\u00e1g\u00e1t.<\/strong> Mind\u00f6ssze egy \u201e\u00e9l\u0151\u00e1llat viteld\u00edj\u201d elnevez\u00e9s\u0171 jegyet kellett v\u00e1ltanunk, m\u00e9g \u00fagy is, hogy meg\u00edg\u00e9rt\u00e9k a p\u00e9nzt\u00e1rn\u00e1l, nem \u00fcltetnek m\u00e1st mell\u00e9nk, hogy elf\u00e9rj\u00fcnk. B\u00e1r a M\u00c1V a szab\u00e1lyzat kib\u0151v\u00edt\u00e9s\u00e9t\u0151l elz\u00e1rk\u00f3zik, \u00e9s egyel\u0151re senkit nem inform\u00e1lt tov\u00e1bbi v\u00e1ltoz\u00e1sokr\u00f3l, m\u00e9gis<strong> igyekszik minden utasnak a kedv\u00e9ben j\u00e1rni,<\/strong> f\u00fcggetlen\u00fcl att\u00f3l, hogy kuty\u00e1s vagy kuty\u00e1tlan. A pet\u00edci\u00f3 al\u00e1\u00edr\u00e1sa azonban j\u00f3 bel\u00e1t\u00e1sra sarkallhatja \u0151ket. Min\u00e9l t\u00f6bben \u00edrj\u00e1k al\u00e1, ann\u00e1l hamarabb r\u00e1j\u00f6nnek, hogy az \u00fajabb szolg\u00e1ltat\u00e1s kor\u00e1bban ismeretlen felhaszn\u00e1l\u00f3kat vonhat mag\u00e1val. Ahogy a k\u00f6z\u00f6ss\u00e9g alap\u00edt\u00f3i is \u00edrt\u00e1k, igazi <em>Win-Win <\/em>helyzetet eredm\u00e9nyezn\u00e9nek a m\u00f3dos\u00edt\u00e1sok, mind a c\u00e9g, mind a kuty\u00e1val utazni v\u00e1gy\u00f3k r\u00e9sz\u00e9re.<\/p>\n<p><em>BZS<\/em>[\/vc_column_text][\/vc_column][\/vc_row]<\/p>\n<\/div>","protected":false},"excerpt":{"rendered":"<p>A kuty\u00e1sok \u00e9s a M\u00c1V Zrt. k\u00fczdelme folyamatos, hab\u00e1r 2016 janu\u00e1rj\u00e1ban egy kor\u00e1bbi megmozdul\u00e1s hat\u00e1s\u00e1ra jelent\u0151s engedm\u00e9nyek sz\u00fclettek, melyeket a pozit\u00edv visszajelz\u00e9sek miatt l\u00e1tsz\u00f3lag nem is tervez visszavonni a c\u00e9gcsoport.<\/p>\n","protected":false},"author":4,"featured_media":45018,"comment_status":"closed","ping_status":"open","sticky":false,"template":"","format":"standard","meta":{"_acf_changed":false,"footnotes":""},"categories":[211],"tags":[],"class_list":["post-45017","post","type-post","status-publish","format-standard","has-post-thumbnail","hentry","category-blog-hu","category-211","description-off"],"acf":[],"_links":{"self":[{"href":"https:\/\/julius-k9.com\/hu\/wp-json\/wp\/v2\/posts\/45017","targetHints":{"allow":["GET"]}}],"collection":[{"href":"https:\/\/julius-k9.com\/hu\/wp-json\/wp\/v2\/posts"}],"about":[{"href":"https:\/\/julius-k9.com\/hu\/wp-json\/wp\/v2\/types\/post"}],"author":[{"embeddable":true,"href":"https:\/\/julius-k9.com\/hu\/wp-json\/wp\/v2\/users\/4"}],"replies":[{"embeddable":true,"href":"https:\/\/julius-k9.com\/hu\/wp-json\/wp\/v2\/comments?post=45017"}],"version-history":[{"count":0,"href":"https:\/\/julius-k9.com\/hu\/wp-json\/wp\/v2\/posts\/45017\/revisions"}],"wp:featuredmedia":[{"embeddable":true,"href":"https:\/\/julius-k9.com\/hu\/wp-json\/wp\/v2\/media\/45018"}],"wp:attachment":[{"href":"https:\/\/julius-k9.com\/hu\/wp-json\/wp\/v2\/media?parent=45017"}],"wp:term":[{"taxonomy":"category","embeddable":true,"href":"https:\/\/julius-k9.com\/hu\/wp-json\/wp\/v2\/categories?post=45017"},{"taxonomy":"post_tag","embeddable":true,"href":"https:\/\/julius-k9.com\/hu\/wp-json\/wp\/v2\/tags?post=45017"}],"curies":[{"name":"wp","href":"https:\/\/api.w.org\/{rel}","templated":true}]}}