{"id":42603,"date":"2017-12-07T10:45:57","date_gmt":"2017-12-07T10:45:57","guid":{"rendered":"http:\/\/julius-k9.com\/?p=42603"},"modified":"2017-12-07T10:45:57","modified_gmt":"2017-12-07T10:45:57","slug":"csak-mert-szeretem","status":"publish","type":"post","link":"https:\/\/julius-k9.com\/hu\/csak-mert-szeretem\/","title":{"rendered":"Csak mert szeretem\u2026"},"content":{"rendered":"<p>Gyakran k\u00e9rdezik \u00fajdons\u00fclt Facebook ismer\u0151seim a profilomat b\u00fajva &#8211; mert manaps\u00e1g ugye a kijelz\u0151t b\u00e1mulva igyekszik min\u00e9l t\u00f6bbet megtudni a m\u00e1sikr\u00f3l az ember -, hogy mi\u00e9rt Bog\u00e1rral van tele az id\u0151vonalam ahelyett, hogy magamr\u00f3l tenn\u00e9k fel k\u00e9peket. <!--more--><\/p>\n<p><img fetchpriority=\"high\" decoding=\"async\" class=\"alignleft size-full wp-image-42605\" src=\"https:\/\/ujoldal.julius-k9.com\/wp-content\/uploads\/2017\/12\/Tiszato_bogar1-2.jpg\" alt=\"\" width=\"300\" height=\"337\" srcset=\"https:\/\/julius-k9.com\/wp-content\/uploads\/2017\/12\/Tiszato_bogar1-2.jpg 300w, https:\/\/julius-k9.com\/wp-content\/uploads\/2017\/12\/Tiszato_bogar1-2-267x300.jpg 267w\" sizes=\"(max-width: 300px) 100vw, 300px\" \/><\/p>\n<p>Nos, ebb\u0151l l\u00e1tszik, hogy \u00faj kutakod\u00f3k, \u00e9s nem r\u00e9gi ismer\u0151s\u00f6k, vagy legal\u00e1bb virtu\u00e1lis, egyszer l\u00e1tott bar\u00e1tok, akik gyakran szembes\u00fclnek Bog\u00e1r ir\u00e1nti rajong\u00e1sommal. Egy\u00e9bk\u00e9nt a probl\u00e9ma ok\u00e1t sem \u00e9rtem\u2026 olykor el\u0151ker\u00fcl egy-egy nyuszi is, vagy csapatfot\u00f3, ahol kedves ismer\u0151s\u00f6kkel szerepel\u00fcnk, term\u00e9szetesen kuty\u00e1kkal. De azon m\u00e9giscsak vannak emberek is, kider\u00fcl, hogy nem vagyok antiszoci\u00e1lis (\u2026annyira), \u00e9s m\u00e9g k\u00e9pes vagyok hum\u00e1n k\u00f6r\u00f6kben is meg\u00e9rtetni magam magyar nyelven.<\/p>\n<p>Az \u00e9n szememben \u0151 gy\u00f6ny\u00f6r\u0171, \u00e9rdemes mutogatni, a vil\u00e1g tudt\u00e1ra adni a l\u00e9tez\u00e9s\u00e9t, hiszen \u0151 a b\u00fcszkes\u00e9gem. Ki m\u00e1ssal b\u00fcszk\u00e9lkedhetn\u00e9k, magammal? Ha t\u00f6rt\u00e9nik vel\u00fcnk valami \u00e9rdekes, eml\u00edt\u00e9sre m\u00e9lt\u00f3, vagy egyszer\u0171en k\u00e9sz\u00fcl r\u00f3la egy sz\u00e9p k\u00e9p, azt r\u00f6gt\u00f6n a nagyk\u00f6z\u00f6ns\u00e9g el\u00e9 kell t\u00e1rni, f\u00fcggetlen\u00fcl att\u00f3l, hogy \u00e9rdekli-e \u0151ket vagy sem. Ha tehetn\u00e9m, minden porcik\u00e1j\u00e1t k\u00fcl\u00f6n elemezn\u00e9m. Egy fot\u00f3 az izmos combokr\u00f3l, hogy m\u00e1s is irigyelhesse a kuty\u00e1m form\u00e1s cs\u00fclkeit, vagy a fut\u00e1s\u00e1r\u00f3l, ahol csak \u00fagy rajzol\u00f3dnak a sportt\u00f3l megform\u00e1lt v\u00e1llak, esetleg a vad\u00e1szp\u00f3zr\u00f3l, amikor m\u00f3kust les, \u00e9s olyan gy\u00f6ny\u00f6r\u0171, mint egy sz\u0151r\u00f6s f\u00e9listenn\u0151. Vagy csak \u00e9n l\u00e1tom ezt \u00edgy? \ud83d\ude42<\/p>\n<p>Gyakran emlegetik a hasonl\u00f3s\u00e1got k\u00f6ztem, \u00e9s Bog\u00e1r k\u00f6z\u00f6tt. S\u0151t, azonoss\u00e1got, p\u00e1rhuzamot vonnak, gyakran hallom, hogy nincs k\u00fcl\u00f6nbs\u00e9g, megl\u00e1tnak, \u00e9s egy\u00e9rtelm\u0171, hogy \u0151 meg \u00e9n egyek vagyunk, hogy Bog\u00e1r az \u00e9n kuty\u00e1m. De ha a F\u00f6ld\u00f6n csak egyetlen ember is \u00fagy tekintene r\u00e1m, ahogy \u0151, \u00e9s amilyennek \u00e9n l\u00e1tom \u0151t, biztos lenn\u00e9k benne, hogy \u00e9rtelme van a l\u00e9temnek a vil\u00e1gon, \u00e9s valakinek eszm\u00e9letlen\u00fcl fontos vagyok. Ez azonban nem k\u00f6vetkezhet be, hiszen ilyen felt\u00e9tel n\u00e9lk\u00fcli csod\u00e1latot csak \u00e1llat ir\u00e1nt \u00e9rezhet az ember. Tal\u00e1n \u00edgy is van ez j\u00f3l. Az \u00e1rtatlans\u00e1guk, hallgat\u00e1suk \u00e9s k\u00f6t\u0151d\u00e9s\u00fck teszi ezt. M\u00e1sk\u00e9pp kell meg\u00e9rteni \u0151ket, figyelni minden mozzanatukat, megismerni, \u00fagy, ahogy embert nem ismerhet\u00fcnk.<\/p>\n<p>Cs\u00f6ndben, al\u00e1zattal. Mert m\u00e1sk\u00e9pp lehetetlen.<\/p>\n<p><em>BZS<\/em><\/p>\n","protected":false},"excerpt":{"rendered":"<p>Gyakran k\u00e9rdezik \u00fajdons\u00fclt Facebook ismer\u0151seim a profilomat b\u00fajva &#8211; mert manaps\u00e1g ugye a kijelz\u0151t b\u00e1mulva igyekszik min\u00e9l t\u00f6bbet megtudni a m\u00e1sikr\u00f3l az ember -, hogy mi\u00e9rt Bog\u00e1rral van tele az id\u0151vonalam ahelyett, hogy magamr\u00f3l tenn\u00e9k fel k\u00e9peket.<\/p>\n","protected":false},"author":4,"featured_media":42604,"comment_status":"closed","ping_status":"open","sticky":false,"template":"","format":"standard","meta":{"_acf_changed":false,"footnotes":""},"categories":[211],"tags":[],"class_list":["post-42603","post","type-post","status-publish","format-standard","has-post-thumbnail","hentry","category-blog-hu","category-211","description-off"],"acf":[],"_links":{"self":[{"href":"https:\/\/julius-k9.com\/hu\/wp-json\/wp\/v2\/posts\/42603","targetHints":{"allow":["GET"]}}],"collection":[{"href":"https:\/\/julius-k9.com\/hu\/wp-json\/wp\/v2\/posts"}],"about":[{"href":"https:\/\/julius-k9.com\/hu\/wp-json\/wp\/v2\/types\/post"}],"author":[{"embeddable":true,"href":"https:\/\/julius-k9.com\/hu\/wp-json\/wp\/v2\/users\/4"}],"replies":[{"embeddable":true,"href":"https:\/\/julius-k9.com\/hu\/wp-json\/wp\/v2\/comments?post=42603"}],"version-history":[{"count":0,"href":"https:\/\/julius-k9.com\/hu\/wp-json\/wp\/v2\/posts\/42603\/revisions"}],"wp:featuredmedia":[{"embeddable":true,"href":"https:\/\/julius-k9.com\/hu\/wp-json\/wp\/v2\/media\/42604"}],"wp:attachment":[{"href":"https:\/\/julius-k9.com\/hu\/wp-json\/wp\/v2\/media?parent=42603"}],"wp:term":[{"taxonomy":"category","embeddable":true,"href":"https:\/\/julius-k9.com\/hu\/wp-json\/wp\/v2\/categories?post=42603"},{"taxonomy":"post_tag","embeddable":true,"href":"https:\/\/julius-k9.com\/hu\/wp-json\/wp\/v2\/tags?post=42603"}],"curies":[{"name":"wp","href":"https:\/\/api.w.org\/{rel}","templated":true}]}}