{"id":41701,"date":"2017-10-09T07:39:26","date_gmt":"2017-10-09T07:39:26","guid":{"rendered":"http:\/\/julius-k9.com\/?p=41701&amp;lang=hu"},"modified":"2017-10-09T07:39:26","modified_gmt":"2017-10-09T07:39:26","slug":"milyen-hazrol-almodik-az-arva-kutya","status":"publish","type":"post","link":"https:\/\/julius-k9.com\/hu\/milyen-hazrol-almodik-az-arva-kutya\/","title":{"rendered":"Milyen h\u00e1zr\u00f3l \u00e1lmodik az \u00e1rva kutya?"},"content":{"rendered":"<p>Egy n\u00e9gyl\u00e1b\u00fa az\u00e9rt sz\u00fcletik, hogy kedvenck\u00e9nt, t\u00e1rsk\u00e9nt \u00e9ljen valaki mellett, t\u00e1mogassa \u0151t a mindennapokban. Nincs gyermekkori \u00e1lma kast\u00e9lyokr\u00f3l, hercegekr\u0151l, kacsal\u00e1bon forg\u00f3 palot\u00e1r\u00f3l, de m\u00e9g csak egyszer\u0171 csal\u00e1di h\u00e1zr\u00f3l sem<!--more-->, melynek szob\u00e1it \u00e1lland\u00f3 s\u00fclt h\u00fas illat j\u00e1rja \u00e1t. Az \u00e1lom sz\u00e1m\u00e1ra val\u00f3s\u00e1g mindaddig, am\u00edg gazd\u00e1ja mellett lehet, k\u00f6vetheti b\u00e1rhov\u00e1. De az \u00e1lom sajnos el\u0151fordul, hogy megszakad, \u00e9s a kutya a realit\u00e1sok vil\u00e1g\u00e1ba cs\u00f6ppen, ahol m\u00e1r \u00e9rzi a megfelel\u0151 h\u00e1z sz\u00fcks\u00e9g\u00e9t. Olykor f\u00e1zik, m\u00e1skor vizes, vagy nem tudja, mik\u00e9nt h\u00e1r\u00edthatn\u00e1 m\u00e1r el test\u00e9vel a lyukakon \u00e1tsz\u0171r\u0151d\u0151 hideg, bosszant\u00f3 fuvallatokat. Az od\u00fa egy id\u0151 ut\u00e1n piszkos is lesz\u2026 persze a kuty\u00e1nak mindegy. K\u00e9s\u0151bb azonban a takar\u00edt\u00e1s se mulasztja el a gazd\u00e1tlan kutya \u00e1rvaszag\u00e1t, mely beiv\u00f3dik a falakba, \u00e9s m\u00e1r nem k\u00e9pes szabadulni az eb, beskatuly\u00e1zza az \u00faj \u201eotthona\u201d.<\/p>\n<p>Ennek elker\u00fcl\u00e9se \u00e9rdek\u00e9ben az<a href=\"https:\/\/www.facebook.com\/events\/1962664547345095\/?acontext=%7B%22source%22%3A3%2C%22source_newsfeed_story_type%22%3A%22regular%22%2C%22action_history%22%3A%22%5B%7B%5C%22surface%5C%22%3A%5C%22newsfeed%5C%22%2C%5C%22mechanism%5C%22%3A%5C%22feed_story%5C%22%2C%5C%22extra_data%5C%22%3A%5B%5D%7D%5D%22%2C%22has_source%22%3Atrue%7D&amp;source=3&amp;source_newsfeed_story_type=regular&amp;action_history=%5B%7B%22surface%22%3A%22newsfeed%22%2C%22mechanism%22%3A%22feed_story%22%2C%22extra_data%22%3A%5B%5D%7D%5D&amp;has_source=1&amp;fref=mentions\" target=\"_blank\" rel=\"noopener\"><strong> Eb\u00e1rvah\u00e1z csapata bark\u00e1csnapot szervez<\/strong><\/a>, \u00e9s szeretettel v\u00e1r minden lelkes seg\u00edt\u0151t <strong>okt\u00f3ber 14-\u00e9n 10-15 \u00f3r\u00e1ig T\u00e1rnokon<\/strong> egy vid\u00e1m h\u00e1z\u00e9p\u00edt\u00e9sre. A gazd\u00e1tlanok egy r\u00e9sz\u00e9nek \u00faj h\u00e1zra van sz\u00fcks\u00e9ge, a t\u00f6bbiek\u00e9 csak toldoz\u00e1sra, foltoz\u00e1sra szorul, esetleg t\u00e9lies\u00edt\u00e9sre, hogy a hideg hirtelen be\u00e1llt\u00e1val m\u00e1r ne kelljen ezzel bajl\u00f3dni.<\/p>\n<p><em>Milyen h\u00e1zra v\u00e1gyik val\u00f3j\u00e1ban a kutya?<\/em> &#8211; m\u00e9g ha \u0151 nem is tud r\u00f3la.<\/p>\n<p>Kinti ebnek minden esetben szigetelt, vastag fal\u00fa, a talajt\u00f3l valamilyen m\u00f3don megemelt, sz\u00e9lv\u00e9dett h\u00e1zra van sz\u00fcks\u00e9ge. M\u00e9ret\u00e9t tekintve keresztben legyen akkora, hogy a kutya fekve, el\u0151re, illetve h\u00e1tra ny\u00fajtott l\u00e1bakkal k\u00e9nyelmesen elf\u00e9rjen benne. A szigetel\u00e9s k\u00e9sz\u00fclhet hungarocellb\u0151l, k\u00e9t falap k\u00f6z\u00f6tt, illetve l\u00e9teznek egy\u00e9b, modernebb szigetel\u0151anyagok, melyek id\u0151t\u00e1ll\u00f3ak. A h\u00e1z megemel\u00e9se l\u00e9nyeges, hiszen \u00edgy nem tud befolyni a v\u00edz, \u00e9s nem veszi olyan k\u00f6nnyen \u00e1t a h\u00e1z padozata a talaj h\u0151m\u00e9rs\u00e9klet\u00e9t. Ez t\u00f6rt\u00e9nhet egy egyszer\u0171 raklappal, l\u00e1bakkal, vagy beton \u00f6ntv\u00e9nyek seg\u00edts\u00e9g\u00e9vel, a l\u00e9nyeg, hogy a h\u00e1z 8-10 centivel a talaj f\u00f6l\u00f6tt legyen. \u00c9p\u00edt\u00e9skor, \u00e9s elhelyez\u00e9skor \u00e9rdemes figyelembe venni az \u00e1ltal\u00e1nos sz\u00e9lir\u00e1nyt, hogy semmik\u00e9ppen ne az ajt\u00f3 fel\u00e9 f\u00fajjon, \u00e9s h\u0171tse a kutya test\u00e9t, ink\u00e1bb egy r\u00f6videbb oldalfal forduljon szembe vele, \u00edgy a legkisebb a kih\u0171l\u00e9s lehet\u0151s\u00e9ge. Az ajt\u00f3ra f\u00fcggeszthet\u0151ek \u00e1tl\u00e1tsz\u00f3 PVC cs\u00edkok, vagy egyszer\u0171 lin\u00f3leum feldarabolva, melyen akad\u00e1lymentesen ki-be m\u00e1szk\u00e1lhat a kutya, azonban a szelet felfogja. Az alj\u00e1t \u00e9rdemes ak\u00e1r lin\u00f3leummal, ak\u00e1r valamilyen m\u0171anyag lappal bor\u00edtani, hogy k\u00f6nnyen, \u00e9s gyakran tiszt\u00e1n tarthat\u00f3, fert\u0151tlen\u00edthet\u0151 legyen.<\/p>\n<p><img fetchpriority=\"high\" decoding=\"async\" class=\"aligncenter size-large wp-image-41703\" src=\"https:\/\/julius-k9.com\/wp-content\/uploads\/2017\/10\/069-face-1200x628px-1024x536.png\" alt=\"\" width=\"1024\" height=\"536\" \/><br \/>\nB\u00e9l\u00e9sk\u00e9nt \u00e9rdemes t\u00e9lre szalm\u00e1t alkalmaznunk, ugyanis ez k\u00e9nyelmes a kuty\u00e1nak, szigetel, \u00e9s nem utols\u00f3 sorban nem sz\u00edvja mag\u00e1ba a p\u00e1r\u00e1t, vagy a kutya test\u00e9n behozott es\u0151vizet \u00fagy, mint a pokr\u00f3cok, sz\u0151nyegek, vagy \u00e1gyak, \u00edgy a nedvess\u00e9gt\u0151l nem f\u00e1zik a h\u00e1zban az eb. Persze, ha el\u00e9g nagy a kuck\u00f3 elhelyezhet\u00fcnk az egyik oldal\u00e1n puha \u00e1gyat, vagy pokr\u00f3c kupacot. Mindenk\u00e9ppen gy\u0151z\u0151dj\u00fcnk meg r\u00f3la, hogy van sz\u00e1raz helye mellette az ebnek, illetve ha t\u00falnedvesedik t\u00e1vol\u00edtsuk el, mossuk ki, \u00e9s sz\u00e1r\u00edtsuk meg, ugyanis a p\u00e1rolg\u00e1s h\u0151t von el, ami nagyban el\u0151seg\u00edti a h\u00e1z h\u0151m\u00e9rs\u00e9klet\u00e9nek cs\u00f6kken\u00e9s\u00e9t.<\/p>\n<p>A h\u00e1z\u00e9p\u00edt\u00e9s minden fort\u00e9ly\u00e1t elsaj\u00e1t\u00edtva v\u00e1rja teh\u00e1t az <a href=\"http:\/\/www.ebarvahaz.hu\" target=\"_blank\" rel=\"noopener\">Eb\u00e1rvah\u00e1z<\/a> elt\u00f6k\u00e9lt seg\u00edt\u0151it. \u00c9rdemes kil\u00e1togatni, hiszen a dolgoz\u00f3 kis csapatban k\u00f6nnyen megleshetj\u00fck az \u00e1rvah\u00e1z dolgoz\u00f3inak mindennapjait, \u00e9s \u00e1ldozatos munk\u00e1j\u00e1t, megismerhetj\u00fck a kutyusokat, \u00e9s egy k\u00f6tetlen besz\u00e9lget\u00e9snek lehet\u00fcnk r\u00e9szesei. Nem utols\u00f3 sorban csal\u00e1di programnak is t\u00f6k\u00e9letes, hiszen a kuty\u00e1\u00e9rt k\u00f6ny\u00f6rg\u0151 gyermek megtanulhatja a felel\u0151ss\u00e9g s\u00faly\u00e1t, \u00e9s a kutyatart\u00e1ssal j\u00e1r\u00f3 munk\u00e1latokb\u00f3l is \u00edzel\u00edt\u0151t kap.<\/p>\n<p>Gyertek \u00e9s \u00e9p\u00edtkezzetek vel\u00fcnk! \ud83d\ude42<\/p>\n<p><em>BZS<\/em><\/p>\n","protected":false},"excerpt":{"rendered":"<p>Egy n\u00e9gyl\u00e1b\u00fa az\u00e9rt sz\u00fcletik, hogy kedvenck\u00e9nt, t\u00e1rsk\u00e9nt \u00e9ljen valaki mellett, t\u00e1mogassa \u0151t a mindennapokban. Nincs gyermekkori \u00e1lma kast\u00e9lyokr\u00f3l, hercegekr\u0151l, kacsal\u00e1bon forg\u00f3 palot\u00e1r\u00f3l, de m\u00e9g csak egyszer\u0171 csal\u00e1di h\u00e1zr\u00f3l sem<\/p>\n","protected":false},"author":4,"featured_media":41703,"comment_status":"closed","ping_status":"open","sticky":false,"template":"","format":"standard","meta":{"_acf_changed":false,"footnotes":""},"categories":[211],"tags":[],"class_list":["post-41701","post","type-post","status-publish","format-standard","has-post-thumbnail","hentry","category-blog-hu","category-211","description-off"],"acf":[],"_links":{"self":[{"href":"https:\/\/julius-k9.com\/hu\/wp-json\/wp\/v2\/posts\/41701","targetHints":{"allow":["GET"]}}],"collection":[{"href":"https:\/\/julius-k9.com\/hu\/wp-json\/wp\/v2\/posts"}],"about":[{"href":"https:\/\/julius-k9.com\/hu\/wp-json\/wp\/v2\/types\/post"}],"author":[{"embeddable":true,"href":"https:\/\/julius-k9.com\/hu\/wp-json\/wp\/v2\/users\/4"}],"replies":[{"embeddable":true,"href":"https:\/\/julius-k9.com\/hu\/wp-json\/wp\/v2\/comments?post=41701"}],"version-history":[{"count":0,"href":"https:\/\/julius-k9.com\/hu\/wp-json\/wp\/v2\/posts\/41701\/revisions"}],"wp:featuredmedia":[{"embeddable":true,"href":"https:\/\/julius-k9.com\/hu\/wp-json\/wp\/v2\/media\/41703"}],"wp:attachment":[{"href":"https:\/\/julius-k9.com\/hu\/wp-json\/wp\/v2\/media?parent=41701"}],"wp:term":[{"taxonomy":"category","embeddable":true,"href":"https:\/\/julius-k9.com\/hu\/wp-json\/wp\/v2\/categories?post=41701"},{"taxonomy":"post_tag","embeddable":true,"href":"https:\/\/julius-k9.com\/hu\/wp-json\/wp\/v2\/tags?post=41701"}],"curies":[{"name":"wp","href":"https:\/\/api.w.org\/{rel}","templated":true}]}}