{"id":41454,"date":"2017-09-22T08:30:21","date_gmt":"2017-09-22T08:30:21","guid":{"rendered":"http:\/\/julius-k9.com\/?p=41454&amp;lang=hu"},"modified":"2017-09-22T08:30:21","modified_gmt":"2017-09-22T08:30:21","slug":"kutyainkat-sem-kimeli-a-parlagfu","status":"publish","type":"post","link":"https:\/\/julius-k9.com\/hu\/kutyainkat-sem-kimeli-a-parlagfu\/","title":{"rendered":"Kuty\u00e1inkat sem k\u00edm\u00e9li a parlagf\u0171"},"content":{"rendered":"<p>T\u00e1rsadalmunk m\u00e9lt\u00e1n h\u00edrhedt ny\u00e1r v\u00e9gi, kora \u0151szi ellens\u00e9ge az \u00fcr\u00f6mlevel\u0171 parlagf\u0171. Emberek milli\u00f3inak okoz k\u00ednz\u00f3 t\u00fcneteket. A n\u00f6v\u00e9ny elterjed\u00e9se \u00e9s a l\u00e9gszennyez\u00e9s hat\u00e1s\u00e1ra kuty\u00e1inkn\u00e1l is kiv\u00e1ltja az allergi\u00e1s reakci\u00f3t, j\u00f3val kellemetlenebb t\u00fcneteket produk\u00e1lva.<!--more--><\/p>\n<p>Naphosszat eln\u00e9zem Bog\u00e1r kuty\u00e1mat, ahogy a viszket\u00e9s k\u00ednozza a kis test\u00e9t. Egyszer a f\u00fcl\u00e9t vakarja, majd az oldal\u00e1t pr\u00f3b\u00e1lja lyukasra r\u00e1gni, m\u00e1skor a mancsait nyalja tocsog\u00f3sra, esetleg a fej\u00e9t a f\u00f6ldbe t\u00f6r\u00f6lgetve hempereg. Borzalmas \u00e9rz\u00e9s, tehetetlen ilyenkor az ember\u2026 illetve mindent megtesz, ami \u00e9sszer\u0171 keretek k\u00f6z\u00f6tt lehets\u00e9ges.<\/p>\n<p>Azt m\u00e1r a legelej\u00e9n, \u00e9vekkel ezel\u0151tt megfogadtam, hogy nem fogom szteroidozni, nem teszem m\u00e9g jobban t\u00f6nkre az immunit\u00e1s\u00e1t, hogy eg\u00e9sz \u00e9let\u00e9ben egy\u00e9b betegs\u00e9gekkel is k\u00fczden\u00fcnk kelljen. Teh\u00e1t am\u00edg nem musz\u00e1j, nincs szteroid. Ez az oka, hogy t\u00f6bb oldalr\u00f3l is k\u00f6r\u00fcl kellett j\u00e1rnom, mik\u00e9nt tudn\u00e1m term\u00e9szetes m\u00f3dszerekkel cs\u00f6kkenteni a k\u00ednz\u00f3 t\u00fcnetegy\u00fcttest, hogy ne mer\u00edtse ki annyira a vakar\u00f3z\u00e1s a kiskuty\u00e1mat.<\/p>\n<p><strong><img fetchpriority=\"high\" decoding=\"async\" class=\"aligncenter size-full wp-image-41455\" src=\"https:\/\/ujoldal.julius-k9.com\/wp-content\/uploads\/2017\/09\/ragweed-219747_960_720-2.jpg\" alt=\"\" width=\"960\" height=\"720\" srcset=\"https:\/\/julius-k9.com\/wp-content\/uploads\/2017\/09\/ragweed-219747_960_720-2.jpg 960w, https:\/\/julius-k9.com\/wp-content\/uploads\/2017\/09\/ragweed-219747_960_720-2-300x225.jpg 300w, https:\/\/julius-k9.com\/wp-content\/uploads\/2017\/09\/ragweed-219747_960_720-2-768x576.jpg 768w\" sizes=\"(max-width: 960px) 100vw, 960px\" \/><\/strong><\/p>\n<p>&nbsp;<\/p>\n<p><strong>Az els\u0151 \u00e9s legfontosabb az immunrendszer stabiliz\u00e1l\u00e1sa<\/strong><\/p>\n<p>Az allergia sz\u00e1momra egy autoimmun betegs\u00e9ghez hasonl\u00edthat\u00f3, val\u00f3j\u00e1ban az immunrendszer t\u00falzott reakci\u00f3ja egy k\u00fcls\u0151 t\u00e9nyez\u0151re. Ez a k\u00f6rnyezeti stresszhat\u00e1s gyeng\u00edti az immunit\u00e1st, \u00edgy ebben az id\u0151szakban \u00e9rdemes plusz seg\u00edts\u00e9get ny\u00fajtani a szervezet sz\u00e1m\u00e1ra. Ezt megtehetj\u00fck komplex t\u00e1pl\u00e1l\u00e9k-kieg\u00e9sz\u00edt\u0151kkel, lucernapor seg\u00edts\u00e9g\u00e9vel, illetve m\u00e9regtelen\u00edt\u0151, gomba-\u00e9s bakt\u00e9rium\u00f6l\u0151, valamint szervezeti szil\u00e1rds\u00e1got stabiliz\u00e1l\u00f3 gy\u00f3gyn\u00f6v\u00e9nykever\u00e9kkel.<\/p>\n<p>Az immunit\u00e1sra k\u00fcl\u00f6n\u00f6sen nagy hat\u00e1ssal van a megfelel\u0151 t\u00e1pl\u00e1l\u00e1s. A gyeng\u00e9bb min\u0151s\u00e9g\u0171 t\u00e1pok szinte egy\u00e1ltal\u00e1n nem jelentenek t\u00e1mogat\u00e1st, a benn\u00fck l\u00e9v\u0151 n\u00f6v\u00e9nyi eredet\u0171 feh\u00e9rj\u00e9t kev\u00e9ss\u00e9 tudja sz\u00e1m\u00e1ra kedvez\u0151en hasznos\u00edtani a szervezet. Ez nem jelenti azt, hogy a h\u00fasalap\u00fa t\u00e1pl\u00e1l\u00e1s mindent megold, s\u0151t! Kev\u00e9sb\u00e9 k\u00e9nyelmes, \u00e9s nagyobb odafigyel\u00e9st ig\u00e9nyel az \u00e9trend \u00f6ssze\u00e1ll\u00edt\u00e1sa, hogy minden a megfelel\u0151 ar\u00e1nyban legyen benne. Azonban ha lelkiismeretesen j\u00e1runk el, meg\u00e9ri.<\/p>\n<p>&nbsp;<\/p>\n<p><strong>A b\u0151r felk\u00e9sz\u00edt\u00e9se elengedhetetlen<\/strong><\/p>\n<p>Saj\u00e1t tapasztalat alapj\u00e1n a (hidegen sajtolt, \u201eigazi\u201d) lazacolaj \u00e9s az E-vitamin, vagy s\u00f6r\u00e9leszt\u0151 egy\u00fcttese kiv\u00e1l\u00f3an cs\u00f6kkenti a b\u0151rirrit\u00e1ci\u00f3t. \u00c9rdemes a pollenszezon el\u0151tt egy-k\u00e9t h\u00f3nappal elkezdeni a k\u00far\u00e1t, hogy a h\u00e1mr\u00e9teg meger\u0151s\u00f6dj\u00f6n, \u00e9s az allergia elm\u00falt\u00e1ig tartani. Gyakran ennyi is el\u00e9g a vakar\u00f3dz\u00f3s id\u0151szak \u00e1tv\u00e9szel\u00e9s\u00e9hez.<\/p>\n<p>&nbsp;<\/p>\n<p><strong>Ha a lazacolaj nem el\u00e9g\u2026<\/strong><\/p>\n<p>El\u0151fordulhat, hogy a lazacolaj (Omega 3-\u00e9s 6 zs\u00edrsavak) \u00e9s egy\u00e9b vitaminok nem ny\u00fajtanak el\u00e9g t\u00e1mogat\u00e1st a b\u0151rnek, \u00edgy ki kell eg\u00e9sz\u00edten\u00fcnk a k\u00far\u00e1t. Ilyenkor ker\u00fclhet sz\u00f3ba a ligetsz\u00e9pe olaj, a k\u00f3kuszzs\u00edr, vagy a spirulina alga. Term\u00e9szetesen a kieg\u00e9sz\u00edt\u0151kkel cs\u00ednj\u00e1n kell b\u00e1nni, \u00e9s szigor\u00faan csak k\u00faraszer\u0171en adagolni, ak\u00e1r t\u00f6bb h\u00f3napos sz\u00fcneteket tartva.<\/p>\n<p>\u00c9rdemes ebben a n\u00e9h\u00e1ny h\u00f3napban k\u00fcl\u00f6n\u00f6sen nagy jelent\u0151s\u00e9get tulajdon\u00edtani a s\u00e9t\u00e1knak, ugyanis a f\u00e1radt kutya a vakar\u00f3z\u00e1shoz is f\u00e1radt lesz. A s\u00e9t\u00e1k alkalm\u00e1val lek\u00f6ti a figyelm\u00e9t, nem foglalkozik a kellemetlen \u00e9rz\u00e9ssel, \u00edgy a nap egy r\u00e9sz\u00e9re megszabad\u00edthatjuk a szenved\u00e9st\u0151l.<\/p>\n<p>\u00c9sszer\u0171 keretek k\u00f6z\u00f6tt javasolt, s\u0151t kell is k\u00eds\u00e9rletezni, hogy a saj\u00e1t kuty\u00e1nknak melyik megold\u00e1s v\u00e1lik be legink\u00e1bb. Tegy\u00fck f\u00e9lre a lustas\u00e1gunkat, \u00e9s csak akkor ny\u00faljunk szteroidokhoz \u00e9s egy\u00e9b mesters\u00e9ges szerekhez, ha a term\u00e9szetes anyagok nem seg\u00edtenek. Ne v\u00e1rjuk azonban meg, hogy kuty\u00e1nk szenvedjen, id\u0151k\u00f6z\u00f6nk\u00e9nt mindenk\u00e9ppen konzult\u00e1ljunk \u00e1llatorvossal!<\/p>\n","protected":false},"excerpt":{"rendered":"<p>T\u00e1rsadalmunk m\u00e9lt\u00e1n h\u00edrhedt ny\u00e1r v\u00e9gi, kora \u0151szi ellens\u00e9ge az \u00fcr\u00f6mlevel\u0171 parlagf\u0171. Emberek milli\u00f3inak okoz k\u00ednz\u00f3 t\u00fcneteket. A n\u00f6v\u00e9ny elterjed\u00e9se \u00e9s a l\u00e9gszennyez\u00e9s hat\u00e1s\u00e1ra kuty\u00e1inkn\u00e1l is kiv\u00e1ltja az allergi\u00e1s reakci\u00f3t, j\u00f3val kellemetlenebb t\u00fcneteket produk\u00e1lva.<\/p>\n","protected":false},"author":4,"featured_media":41455,"comment_status":"closed","ping_status":"open","sticky":false,"template":"","format":"standard","meta":{"_acf_changed":false,"footnotes":""},"categories":[211],"tags":[],"class_list":["post-41454","post","type-post","status-publish","format-standard","has-post-thumbnail","hentry","category-blog-hu","category-211","description-off"],"acf":[],"_links":{"self":[{"href":"https:\/\/julius-k9.com\/hu\/wp-json\/wp\/v2\/posts\/41454","targetHints":{"allow":["GET"]}}],"collection":[{"href":"https:\/\/julius-k9.com\/hu\/wp-json\/wp\/v2\/posts"}],"about":[{"href":"https:\/\/julius-k9.com\/hu\/wp-json\/wp\/v2\/types\/post"}],"author":[{"embeddable":true,"href":"https:\/\/julius-k9.com\/hu\/wp-json\/wp\/v2\/users\/4"}],"replies":[{"embeddable":true,"href":"https:\/\/julius-k9.com\/hu\/wp-json\/wp\/v2\/comments?post=41454"}],"version-history":[{"count":0,"href":"https:\/\/julius-k9.com\/hu\/wp-json\/wp\/v2\/posts\/41454\/revisions"}],"wp:featuredmedia":[{"embeddable":true,"href":"https:\/\/julius-k9.com\/hu\/wp-json\/wp\/v2\/media\/41455"}],"wp:attachment":[{"href":"https:\/\/julius-k9.com\/hu\/wp-json\/wp\/v2\/media?parent=41454"}],"wp:term":[{"taxonomy":"category","embeddable":true,"href":"https:\/\/julius-k9.com\/hu\/wp-json\/wp\/v2\/categories?post=41454"},{"taxonomy":"post_tag","embeddable":true,"href":"https:\/\/julius-k9.com\/hu\/wp-json\/wp\/v2\/tags?post=41454"}],"curies":[{"name":"wp","href":"https:\/\/api.w.org\/{rel}","templated":true}]}}