{"id":41441,"date":"2017-09-25T08:06:43","date_gmt":"2017-09-25T08:06:43","guid":{"rendered":"http:\/\/julius-k9.com\/?p=41441&amp;lang=hu"},"modified":"2017-09-25T08:06:43","modified_gmt":"2017-09-25T08:06:43","slug":"miert-mondod-ra-hogy-eselytelen","status":"publish","type":"post","link":"https:\/\/julius-k9.com\/hu\/miert-mondod-ra-hogy-eselytelen\/","title":{"rendered":"Mi\u00e9rt mondod r\u00e1, hogy es\u00e9lytelen?"},"content":{"rendered":"<p>Az <a href=\"http:\/\/www.ebarvahaz.hu\" target=\"_blank\" rel=\"noopener\">Eb\u00e1rvah\u00e1z<\/a> kennelsor\u00e1n s\u00e9t\u00e1lva t\u00f6bb gazd\u00e1tlan kutya jellemz\u00e9s\u00e9t olvasva is azt tapasztaltam, hogy \u00e9vek \u00f3ta a menhelyen tengetik napjaikat. M\u00e1sokr\u00f3l a gondoz\u00f3k mes\u00e9lt\u00e9k, hogy nem kellenek senkinek, mintha csak egy p\u00e1r cip\u0151 lenn\u00e9nek, ami \u201enem tetszik\u201d.<!--more--><\/p>\n<p>Az \u00f6r\u00f6kbefogad\u00f3k t\u00f6bbs\u00e9ge ell\u00e1togat a menhelyre, de nem id\u0151zik sokat, megn\u00e9zi a kuty\u00e1kat k\u00fcllemre, kiv\u00e1lasztja a sz\u00e1m\u00e1ra tetszet\u0151s egyedeket, majd t\u00e1j\u00e9koz\u00f3dni igyekszik a term\u00e9szet\u00fckr\u0151l, jellem\u00fckr\u0151l. Ha a \u201esz\u00e9pek\u201d k\u00f6z\u00f6tt nincs sz\u00e1m\u00e1ra megfelel\u0151, tov\u00e1bb\u00e1ll. Fel sem mer\u00fcl benne, hogy a t\u00f6bbiekr\u0151l is \u00e9rdekl\u0151dj\u00f6n, hiszen r\u00f6gt\u00f6n meg\u00e1llap\u00edtja: <em>Es\u00e9lytelen hogy egy ilyet hazavigyen.<\/em><\/p>\n<p>Mit\u0151l lesz egy kutya es\u00e9lytelen?<\/p>\n<ol>\n<li><strong>Nem megnyer\u0151 a k\u00fclseje <\/strong><\/li>\n<\/ol>\n<p>Az els\u0151, \u00e9s gyakran egyetlen, amit az ember megl\u00e1t, az a k\u00fcllem. Ha egy kutya nem t\u0171nik sz\u00e9pnek, vagy k\u00fclseje jellegtelen, esetleg a g\u00f6rbe, r\u00f6vid l\u00e1bakhoz hatalmas hord\u00f3test t\u00e1rsul, akkor r\u00f6gt\u00f6n kiesik a rost\u00e1n. Pedig ezeknek az ebeknek a k\u00fclcs\u00edn ellen\u00e9re a legjobb a term\u00e9szete, v\u00e9gtelen vid\u00e1ms\u00e1g \u00e9s alkalmazkod\u00f3k\u00e9pess\u00e9g t\u00e1rsul a k\u00f3cos, olykor bumfordi k\u00fcls\u0151h\u00f6z. L\u00e1tt\u00e1tok m\u00e1r <a href=\"http:\/\/ebarvahaz.hu\/?p=14105\" target=\"_blank\" rel=\"noopener\">F\u00fcrg\u00e9t<\/a>, vagy <a href=\"http:\/\/ebarvahaz.hu\/?p=6790\" target=\"_blank\" rel=\"noopener\">Goly\u00f3t<\/a> az Eb\u00e1rvah\u00e1zban? Ha nem, akkor ideje megismerni \u0151ket, tipikusan a fenti le\u00edr\u00e1s p\u00e9ld\u00e1i. \ud83d\ude42<\/p>\n<ol start=\"2\">\n<li><strong>Id\u0151s kutya, b\u00e1r nem v\u00e9n kutya<\/strong><\/li>\n<\/ol>\n<p>Ha 7-8 \u00e9v f\u00f6l\u00f6tti, akkor m\u00e1r nem j\u00f3. Pedig nekik lenne a legnagyobb sz\u00fcks\u00e9g\u00fck a szeretetre, hiszen addig valaki mellett \u00e9ltek, aki megszabadult t\u0151l\u00fck, esetleg nem tudott tov\u00e1bb gondoskodni r\u00f3luk. Nem j\u00f6ttem m\u00e9g r\u00e1, mi a gond az id\u0151sebb ebekkel. Puszt\u00e1n emberi \u00f6nz\u0151s\u00e9g azt gondolni, nem fogadok be korosabb kuty\u00e1t, hiszen mire megszeretn\u00e9m, esetleg \u00e1tl\u00e9p a sziv\u00e1rv\u00e1nyh\u00eddon. Ez egyszer mindenkivel bek\u00f6vetkezik. Az egyetlen \u00e9sz\u00e9rv, ami az id\u0151sek ellen sz\u00f3l, ha valaki sportra vagy munk\u00e1ra v\u00e1laszt maga mell\u00e9 t\u00e1rsat. Ez esetben val\u00f3ban indokolt k\u00f6lyk\u00f6t, vagy fiatal ebet megmenteni. M\u00e1sk\u00e9ppen nincs kifog\u00e1s, nem maradhat \u00f6reg kutya a menhelyen!<\/p>\n<ol start=\"3\">\n<li><strong>Staffordshire terrier, vagy staffordshire jelleg\u0171<\/strong><\/li>\n<\/ol>\n<p>Ebben az esetben az el\u0151\u00edt\u00e9let a f\u00e9lelemmel \u00e9s a felel\u0151ss\u00e9ggel t\u00e1rsulva utas\u00edtja vissza a fajtajelleget hordoz\u00f3it. Sajn\u00e1latosan a legt\u00f6bbek fej\u00e9ben a st\u00e1tusszimb\u00f3lumk\u00e9nt tartott \u201eharcikuty\u00e1k\u201d negat\u00edv kimenetel\u0171 viselked\u00e9se miatt t\u00fal\u00e1rad\u00f3 gy\u0171l\u00f6let, de legal\u00e1bbis f\u00e9lelem alakult ki, pedig legt\u00f6bbj\u00fck minden fajta k\u00f6z\u00fcl a legj\u00e1mborabb. Gyermek, s\u0151t m\u00e1s kutya vagy h\u00e1zi kedvenc mellett is remek\u00fcl helyt\u00e1ll, \u00e9s soha nem b\u00e1nt senkit. Term\u00e9szetesen a nagy sz\u00e1j nagyobb s\u00e9r\u00fcl\u00e9st k\u00e9pes okozni, de mindez csak nevel\u00e9s \u00e9s megfelel\u0151 v\u00e1laszt\u00e1s k\u00e9rd\u00e9se. A legt\u00f6bb bull t\u00edpus\u00fa kutya ijeszt\u0151 k\u00fclseje ellen\u00e9re t\u00falcsordul\u00f3 szeretettel fordul b\u00e1rki fel\u00e9.<\/p>\n<ol start=\"4\">\n<li><strong><img fetchpriority=\"high\" decoding=\"async\" class=\"aligncenter size-full wp-image-41447\" src=\"https:\/\/ujoldal.julius-k9.com\/wp-content\/uploads\/2017\/09\/boci_foci-2.jpg\" alt=\"\" width=\"500\" height=\"260\" srcset=\"https:\/\/julius-k9.com\/wp-content\/uploads\/2017\/09\/boci_foci-2.jpg 500w, https:\/\/julius-k9.com\/wp-content\/uploads\/2017\/09\/boci_foci-2-300x156.jpg 300w\" sizes=\"(max-width: 500px) 100vw, 500px\" \/><\/strong><strong>Viselked\u00e9sprobl\u00e9m\u00e1s egyed<\/strong><\/li>\n<\/ol>\n<p>Ez tal\u00e1n az egyetlen indok, ami \u00e9rthet\u0151. Egy probl\u00e9m\u00e1s kuty\u00e1t nagy felel\u0151ss\u00e9g \u00f6r\u00f6kbefogadni, \u00e9s rengeteg munk\u00e1t ig\u00e9nyel a k\u00e9s\u0151bbiekben. Emiatt kiz\u00e1r\u00f3lag a tapasztaltabb, kik\u00e9pz\u00e9shez, szocializ\u00e1ci\u00f3hoz \u00e9rt\u0151, r\u00e9g\u00f3ta kuty\u00e1z\u00f3knak \u00e9rdemes ilyen \u00e1rv\u00e1t befogadni. A szak\u00e9rtelem ellen\u00e9re is komoly megfontol\u00e1st ig\u00e9nyel azonban, hiszen nem biztos, hogy minden probl\u00e9m\u00e1t kiismer\u00fcnk az elej\u00e9n, \u00e9s a k\u00e9s\u0151bbiekben k\u00e9pesek lesz\u00fcnk beilleszteni az \u00e9letvitel\u00fcnkbe.<\/p>\n<ol start=\"5\">\n<li><strong>Mag\u00e1nak szeretne gazd\u00e1t v\u00e1lasztani<\/strong><\/li>\n<\/ol>\n<p>Legt\u00f6bbekn\u00e9l azonnal kiesik a kutya a rost\u00e1n, ha a gondoz\u00f3 elmes\u00e9li, hogy nem mindenkit fogad el, \u00edgy gazd\u00e1t is mag\u00e1nak fog v\u00e1lasztani. Pedig jobban belegondolva \u0151k lesznek a legh\u00e1l\u00e1sabb kuty\u00e1k, hiszen amint kiv\u00e1lasztanak, r\u00f6gt\u00f6n megszeretnek, megb\u00edznak benned, \u00e9s t\u00f6bb\u00e9 nem t\u00e1g\u00edtanak. Csak egy kis id\u0151t kell r\u00e1juk sz\u00e1nni a kennelben. Tal\u00e1lkozzatok p\u00e9ld\u00e1ul az <a href=\"http:\/\/ebarvahaz.hu\/?p=11330\" target=\"_blank\" rel=\"noopener\">Eb\u00e1rvah\u00e1z T\u00f6rpill\u00e1j\u00e1val<\/a>, aki m\u00e9g a gondoz\u00f3j\u00e1r\u00f3l is maga d\u00f6nt\u00f6tt, \u00e9s ismerkedjetek egy \u00e9rdekes jellem\u0171 kutya viselked\u00e9s\u00e9vel.<\/p>\n<p>Mindenki tegye teh\u00e1t f\u00e9lre az el\u0151\u00edt\u00e9leteit, hiszen a kutya nem divatcikk, vagy haszn\u00e1lati t\u00e1rgy. Egy menhelyre ell\u00e1togatva ne sz\u00e9ps\u00e9get vagy min\u0151s\u00e9get keress\u00fcnk, hanem \u00e9rz\u0151 lelket, boldogs\u00e1got, \u00e9s egy h\u0171s\u00e9ges t\u00e1rs lehet\u0151s\u00e9g\u00e9t. \u00cdgy lehet v\u00e1lasztani.<\/p>\n<p><em>BZS<\/em><\/p>\n","protected":false},"excerpt":{"rendered":"<p>Az Eb\u00e1rvah\u00e1z kennelsor\u00e1n s\u00e9t\u00e1lva t\u00f6bb gazd\u00e1tlan kutya jellemz\u00e9s\u00e9t olvasva is azt tapasztaltam, hogy \u00e9vek \u00f3ta a menhelyen tengetik napjaikat. M\u00e1sokr\u00f3l a gondoz\u00f3k mes\u00e9lt\u00e9k, hogy nem kellenek senkinek, mintha csak egy p\u00e1r cip\u0151 lenn\u00e9nek, ami \u201enem tetszik\u201d.<\/p>\n","protected":false},"author":4,"featured_media":41442,"comment_status":"closed","ping_status":"open","sticky":false,"template":"","format":"standard","meta":{"_acf_changed":false,"footnotes":""},"categories":[211],"tags":[],"class_list":["post-41441","post","type-post","status-publish","format-standard","has-post-thumbnail","hentry","category-blog-hu","category-211","description-off"],"acf":[],"_links":{"self":[{"href":"https:\/\/julius-k9.com\/hu\/wp-json\/wp\/v2\/posts\/41441","targetHints":{"allow":["GET"]}}],"collection":[{"href":"https:\/\/julius-k9.com\/hu\/wp-json\/wp\/v2\/posts"}],"about":[{"href":"https:\/\/julius-k9.com\/hu\/wp-json\/wp\/v2\/types\/post"}],"author":[{"embeddable":true,"href":"https:\/\/julius-k9.com\/hu\/wp-json\/wp\/v2\/users\/4"}],"replies":[{"embeddable":true,"href":"https:\/\/julius-k9.com\/hu\/wp-json\/wp\/v2\/comments?post=41441"}],"version-history":[{"count":0,"href":"https:\/\/julius-k9.com\/hu\/wp-json\/wp\/v2\/posts\/41441\/revisions"}],"wp:featuredmedia":[{"embeddable":true,"href":"https:\/\/julius-k9.com\/hu\/wp-json\/wp\/v2\/media\/41442"}],"wp:attachment":[{"href":"https:\/\/julius-k9.com\/hu\/wp-json\/wp\/v2\/media?parent=41441"}],"wp:term":[{"taxonomy":"category","embeddable":true,"href":"https:\/\/julius-k9.com\/hu\/wp-json\/wp\/v2\/categories?post=41441"},{"taxonomy":"post_tag","embeddable":true,"href":"https:\/\/julius-k9.com\/hu\/wp-json\/wp\/v2\/tags?post=41441"}],"curies":[{"name":"wp","href":"https:\/\/api.w.org\/{rel}","templated":true}]}}