{"id":41376,"date":"2017-07-10T09:00:40","date_gmt":"2017-07-10T09:00:40","guid":{"rendered":"http:\/\/julius-k9.com\/?p=41376&amp;lang=hu"},"modified":"2017-07-10T09:00:40","modified_gmt":"2017-07-10T09:00:40","slug":"kutyas-tevhitek","status":"publish","type":"post","link":"https:\/\/julius-k9.com\/hu\/kutyas-tevhitek\/","title":{"rendered":"Kuty\u00e1s t\u00e9vhitek"},"content":{"rendered":"<p>Akadnak sz\u00e9p sz\u00e1mmal olyan rossz ber\u00f6gz\u0151d\u00e9sek, sz\u00e1jhagyom\u00e1ny \u00fatj\u00e1n terjed\u0151 &#8211; valljuk be &#8211; ostobas\u00e1gok, melyek tiszt\u00e1z\u00e1s\u00e1n kutyasorsok m\u00falnak&#8230;<!--more--><\/p>\n<p><strong>&#8222;A szuk\u00e1nak egyet k\u00f6ll legal\u00e1bb ellenie, me&#8217; att\u00f3 m\u00f6gnyugszik, oszt j\u00f3 h\u00e1z\u0151rz\u0151 leszen no!&#8221;<\/strong><br \/>\nIlyen ir\u00e1nyban nem befoly\u00e1solja a kuty\u00e1k viselked\u00e9s\u00e9t, hogy ellettek-e. N\u00e9phit. Felesleges, \u00e9rtelmetlen. A kuty\u00e1k hangulat\u00e1t, viselked\u00e9s\u00e9t ugyan\u00fagy a k\u00f6rnyezet \u00e9s az alapvet\u0151 szem\u00e9lyis\u00e9gjegyek hat\u00e1rozz\u00e1k meg, mint n\u00e1lunk, emberekn\u00e9l. R\u00e1ad\u00e1sul el\u0151fordulhat, hogy egy anyakutya, aki azel\u0151tt kedves, kiegyens\u00falyozott h\u00e1zi kedvenc volt, bizony odakap, ha valaki a k\u00f6lykeihez akar ny\u00falni. Vagy figyelmeztet\u0151en morog, m\u00e9g az im\u00e1dott gazdira is, ha az az alom fel\u00e9 k\u00f6zel\u00edt.<br \/>\nNo \u00e9s van m\u00e9g egy b\u00f6kken\u0151! Ugyan nem igaz, de teszem azt, ell\u00e9s ut\u00e1n lesz egy nyugodt kuty\u00e1m. Igen \u00e1m, de lesz 8-10 nem k\u00edv\u00e1nt k\u00f6ly\u00f6kkuty\u00e1m. Vel\u00fck mi lesz? Eresszem sz\u00e9lnek \u0151ket, mert nekem csak a nyugodt szuk\u00e1mra van sz\u00fcks\u00e9gem, vinnyog\u00f3 k\u00f6lk\u00f6kre meg nincs? A nem k\u00edv\u00e1nt felesleges szaporulat j\u00f3 esetben gazdira lel, rosszabb esetben elnyeli \u0151ket az utca, a sint\u00e9rtelep, hogy \u00fajabb megoldand\u00f3 fejt\u00f6r\u00e9st okozzanak az \u00e1llatv\u00e9d\u0151knek. De mi lesz a k\u00f6vetkez\u0151 szaporulattal \u00e9s az azt k\u00f6vet\u0151vel? Ha m\u00e1r az eg\u00e9sz faluban mindenkinek t\u0151lem van kuty\u00e1ja, \u00e9s m\u00e9g mindig j\u00f6n a k\u00f6vetkez\u0151 alom? Felel\u0151tlen viselked\u00e9s! Az ivartalan\u00edt\u00e1s rendk\u00edv\u00fcl fontos a nem k\u00edv\u00e1nt szaporulatok elker\u00fcl\u00e9se \u00e9rdek\u00e9ben!<\/p>\n<p><strong>&#8222;\u00d3,h\u00e1t mi csak egy kiskuty\u00e1t szeretn\u00e9nk a Fifik\u00e9t\u0151l, aki olyan, mint \u0150!&#8221;<\/strong><br \/>\nJelzem, soha nem lesz m\u00e9g egy olyan, mivel nincs k\u00e9t egyforma kutya. M\u00e9g akkor sem lenne ugyanolyan, ha kl\u00f3nozn\u00e1k. Mivel \u0151t is \u00e9s el\u0151dj\u00e9t is m\u00e1s-m\u00e1s k\u00f6rnyezeti hat\u00e1sok \u00e9rik, teljesen kiz\u00e1rt, hogy mindenben egyezn\u00e9nek. Itt is fenn\u00e1ll a k\u00e9rd\u00e9s: mi lesz a t\u00f6bbi egyeddel, ha csak Fifike hasonm\u00e1s\u00e1ra van sz\u00fcks\u00e9g? Mi van, ha az apa\u00e1llat g\u00e9njei er\u0151sebbek, \u00e9s egyik ut\u00f3d sem hasonl\u00edt Fifik\u00e9re? Akkor Fifik\u00e9t addig elletj\u00fck, m\u00edg nem lesz olyan k\u00f6ly\u00f6k, mint \u0151, vagy m\u00edg Fifike bele nem pusztul??? Sokszor tal\u00e1lkozom magam is olyan emberekkel, akik elhalt kedvenc\u00fcket keresik egy m\u00e1sik kuty\u00e1ban, olyan elvakultan, hogy k\u00e9pesek hinni abban, hogy EZ a kutya AZ a kutya. Azut\u00e1n j\u00f6n a kij\u00f3zanod\u00e1s, a k\u00e9ts\u00e9gbees\u00e9s, amikor kider\u00fcl, hogy m\u00e9gsem. Minden egyes kutya egyszeri \u00e9s megism\u00e9telhetetlen!<\/p>\n<p><strong>&#8222;Kasztr\u00e1l\u00e1s ut\u00e1n minden kutya elh\u00edzik!&#8221;<\/strong><br \/>\nAz elh\u00edz\u00e1s nem ivari k\u00e9rd\u00e9s. Az elh\u00edz\u00e1s\u00e9rt a kiegyens\u00falyozatlan \u00e9tkez\u00e9s-mozg\u00e1s ar\u00e1ny, illetve m\u00e1s szervi (pl.pajzsmirigy) probl\u00e9m\u00e1k felelnek. Orvosi t\u00e9ny, hogy egy ivaros \u00e1llatok &#8211; a p\u00e1rz\u00e1si hull\u00e1mok idej\u00e9n &#8211; a nemi izgalomt\u00f3l sokkal t\u00f6bb kal\u00f3ri\u00e1t \u00e9getnek el, s\u0151t, a kan kuty\u00e1k szemmel l\u00e1that\u00f3an s\u00falyt is vesz\u00edthetnek ez\u00e1ltal, de a nemi v\u00e1gy hi\u00e1ny\u00e1ban felhalmoz\u00f3dott energi\u00e1t k\u00f6vetkezetes t\u00e1pl\u00e1l\u00e1ssal \u00e9s testmozg\u00e1ssal kompenz\u00e1lni lehet. Az ivartalan\u00edt\u00e1s nem z\u00e1rja ki az id\u0151skori betegs\u00e9geket, viszont nagyban cs\u00f6kkenti azok el\u0151fordul\u00e1s\u00e1nak kock\u00e1zat\u00e1t, mint p\u00e9ld\u00e1ul az els\u0151dleges nemi szervekben kialakult daganatok\u00e9t.<\/p>\n<p><strong>&#8222;A kuty\u00e1nak minden nap csontot kell ennie, me&#8217; att\u00f3l lesz j\u00f3 az em\u00e9szt\u00e9se!&#8221;<\/strong><br \/>\nNem kell. A kuty\u00e1k \u0151se ragadoz\u00f3 volt, m\u00e1s n\u00e9ven h\u00fasev\u0151, nem pedig csontkukac, akinek val\u00f3ban folyton kell egy kis csont. Sz\u0151r\u00f6st\u0151l-b\u0151r\u00f6st\u0151l, csontost\u00f3l felfalta \u00e1ldozat\u00e1t, majd napokig em\u00e9sztett, n\u00e9ha egy h\u00e9tig sem vett mag\u00e1hoz t\u00e1pl\u00e1l\u00e9kot. Az id\u0151k v\u00e1ltoz\u00e1s\u00e1val viszont mindink\u00e1bb a mindenev\u0151k csoportj\u00e1ba kezd \u00e1csing\u00f3zni, \u00e9s mint ilyennek, legink\u00e1bb rostokra van sz\u00fcks\u00e9ge a j\u00f3 em\u00e9szt\u00e9shez. Mindamellett term\u00e9szetesen elv\u00e1laszthatatlan a kutya \u00e9s a csont fogalma.<br \/>\nMindenk\u00e9ppen sz\u00fcks\u00e9ges,hogy egy eg\u00e9szs\u00e9ges eb fogyasszon n\u00e9mi csontot, mind a r\u00e1g\u00f3izmai karbantart\u00e1s\u00e1ra, fogtiszt\u00edt\u00e1sra, mind kalcium- \u00e9s foszforforr\u00e1sk\u00e9nt. A t\u00fal sok csont fogyaszt\u00e1sa azonban szorul\u00e1shoz vezethet.<br \/>\nSert\u00e9scsontot kiz\u00e1r\u00f3lag f\u0151zve adjunk kedvenc\u00fcnknek, az aujeszky v\u00edrusfert\u0151z\u00e9s (\u00e1lveszetts\u00e9g) elker\u00fcl\u00e9se v\u00e9gett!<br \/>\nAz elfogyasztott csont t\u00f6bbek k\u00f6z\u00f6tt seg\u00edti a kuty\u00e1k b\u0171zmirigy\u00e9nek term\u00e9szetes \u00fcr\u00fcl\u00e9s\u00e9t azzal, hogy szil\u00e1rdabb sz\u00e9kletet eredm\u00e9nyez.<\/p>\n<p><strong><img fetchpriority=\"high\" decoding=\"async\" class=\"aligncenter size-full wp-image-41388\" src=\"https:\/\/ujoldal.julius-k9.com\/wp-content\/uploads\/2017\/09\/bordeaux-2.jpg\" alt=\"\" width=\"940\" height=\"610\" srcset=\"https:\/\/julius-k9.com\/wp-content\/uploads\/2017\/09\/bordeaux-2.jpg 940w, https:\/\/julius-k9.com\/wp-content\/uploads\/2017\/09\/bordeaux-2-300x195.jpg 300w, https:\/\/julius-k9.com\/wp-content\/uploads\/2017\/09\/bordeaux-2-768x498.jpg 768w\" sizes=\"(max-width: 940px) 100vw, 940px\" \/><\/strong><\/p>\n<p><strong>&#8222;Csak a k\u00f6ly\u00f6k kutya tan\u00edthat\u00f3.&#8221;<\/strong><br \/>\nMarhas\u00e1g! Saj\u00e1t tapasztalatom, hogy egy 16 \u00e9ves kuty\u00e1t is meg lehet tan\u00edtani b\u00e1rmilyen alapvet\u0151 dologra, amire egy k\u00f6ly\u00f6kkuty\u00e1t. Term\u00e9szetesen egy feln\u0151tt kuty\u00e1nak kialakult szok\u00e1sai, &#8222;rigoly\u00e1i&#8221; vannak, de ezek toler\u00e1l\u00e1sa mellett, apr\u00f3 l\u00e9ptekben haladva ugyan\u00fagy el\u00e9rhetj\u00fck c\u00e9lunkat.<\/p>\n<p><strong>&#8222;A Bern\u00e1thegyi nyak\u00e1ban rumos hord\u00f3 van.&#8221;<\/strong><br \/>\nEz egyszer\u0171en csak egy turistacsalogat\u00f3 rekl\u00e1mfog\u00e1s volt. Eredetileg az er\u0151s fel\u00e9p\u00edt\u00e9s\u0171 hegyi kuty\u00e1k nyak\u00e1ba egy karvastag far\u00f6nk\u00f6t k\u00f6t\u00f6ttek, azzal a c\u00e9llal, hogy a medv\u00e9k illetve a farkasok ne tudj\u00e1k torkon ragadni, \u00edgy n\u00f6velve a kuty\u00e1k t\u00fal\u00e9l\u00e9si es\u00e9lyeit a ragadoz\u00f3k t\u00e1mad\u00e1saival szemben, de ezek nem Bern\u00e1thegyi kuty\u00e1k voltak. Kering m\u00e9g egy hom\u00e1lyos legenda gy\u00f3gyf\u0151zetes kulacsr\u00f3l, ami a hegyek k\u00f6zt rekedt, bajba jutott v\u00e1ndort hivatott megv\u00e9deni a fagyhal\u00e1lt\u00f3l, de erre sincsen semmilyen bizony\u00edt\u00e9k.<br \/>\nEzek a n\u00e9gyl\u00e1b\u00fa sz\u0151rm\u00f3kok a sv\u00e1jci Martigny telep\u00fcl\u00e9s k\u00f6zel\u00e9ben l\u00e9tes\u00fclt Szent Bern\u00e1t kolostorb\u00f3l sz\u00e1rmaznak. \u0150seik m\u00e1r az 1600-as \u00e9vekben seg\u00edtett\u00e9k az utaz\u00f3kat a 2472 m\u00e9ter magas Szent Bern\u00e1t h\u00e1g\u00f3n val\u00f3 \u00e1tkel\u00e9sben. Ez volt az egyetlen \u00e1tj\u00e1r\u00f3 az Alpokon kereszt\u00fcl Olaszorsz\u00e1g \u00e9s Sv\u00e1jc k\u00f6z\u00f6tt mindaddig, m\u00edg el nem k\u00e9sz\u00fclt a szikl\u00e1ba v\u00e1jt alag\u00fat. A h\u00e1g\u00f3t az \u00e9v kilenc h\u00f3napj\u00e1ban h\u00f3 \u00e9s j\u00e9g bor\u00edtja, ez\u00e9rt felbecs\u00fclhetetlen jelent\u0151s\u00e9ge lett ezeknek az \u00e1llatoknak.<br \/>\nA legh\u00edresebb Bern\u00e1thegyi ment\u0151kutya Barry, aki 40 ember \u00e9let\u00e9t mentette meg \u00e9lete sor\u00e1n.<br \/>\n&#8230;\u00e9s m\u00e9g egy \u00e9rdekess\u00e9g. A sv\u00e1jci Milka csokol\u00e1d\u00e9 embl\u00e9m\u00e1ja mindaddig egy Bern\u00e1thegyi volt, m\u00edg a Suchard \u00e1t nem v\u00e1ltott a ma ismert lila teh\u00e9nre.<\/p>\n<p><strong>&#8222;Egy kutya\u00e9v h\u00e9t emberi \u00e9vnek felel meg.&#8221;<\/strong><br \/>\nEz is t\u00e9vhit, semmilyen kutat\u00e1s nem t\u00e1masztja al\u00e1. A kuty\u00e1k \u00f6reged\u00e9si ciklusa a kutat\u00e1sok szerint az al\u00e1bbiaknak megfelel\u0151en alakul:<br \/>\n&#8211; Egy egy\u00e9ves kutya fejletts\u00e9ge a 16 \u00e9ves ember\u00e9nek felel meg.<br \/>\n&#8211; A m\u00e1sodik \u00e9v eltelt\u00e9vel a kora egy 24 \u00e9ves ember\u00e9vel egyen\u00e9rt\u00e9k\u0171.<br \/>\n&#8211; Egy h\u00e1rom\u00e9ves kutya a 30 \u00e9ves ember kor\u00e1val mutat hasonl\u00f3s\u00e1got.<br \/>\n&#8211; Ezut\u00e1n minden eltelt kutya\u00e9vhez 5 emberi \u00e9vet kell hozz\u00e1adnunk,hogy kitehess\u00fck az egyenl\u0151s\u00e9gjelet.<\/p>\n<p><strong>&#8222;A Kutya sz\u00ednvak.&#8221;<\/strong><br \/>\nNem igaz. Hum\u00e1n gy\u00f3gy\u00e1szati szaksz\u00f3val \u00e9lve sz\u00ednt\u00e9veszt\u0151k. A meleg sz\u00ednek k\u00f6z\u00f6tt nem tudnak k\u00fcl\u00f6nbs\u00e9get tenni. Viszont l\u00e1tj\u00e1k a k\u00e9k \u00e9s a sz\u00fcrke k\u00f6zti k\u00fcl\u00f6nbs\u00e9get, s\u0151t a sz\u00fcrke, k\u00e9k \u00e9s lila sz\u00ednek k\u00f6z\u00f6tt sokkal jobban \u00e9rz\u00e9kelik a kontrasztot, mint mi, emberek. Ez is seg\u00edti \u0151ket abban, hogy minim\u00e1lis f\u00e9nyviszonyok k\u00f6z\u00f6tt is kiv\u00e1l\u00f3an t\u00e1j\u00e9koz\u00f3dnak.<\/p>\n<p><strong>&#8222;Ez fi\u00fa kutya, mert h\u00e1rom l\u00e1bon pisil.&#8221;<\/strong><br \/>\nNem \u00e9s igen. Egyes domin\u00e1ns n\u0151st\u00e9nyek is felemelik egyik l\u00e1bukat pisil\u00e9s k\u00f6zben, illetve sok fiatal kankutya f\u00e9l \u00e9ves, vagy ann\u00e1l id\u0151sebb korban is m\u00e9g &#8222;guggolva&#8221; vizel.<\/p>\n<p>V.L.<\/p>\n","protected":false},"excerpt":{"rendered":"<p>Akadnak sz\u00e9p sz\u00e1mmal olyan rossz ber\u00f6gz\u0151d\u00e9sek, sz\u00e1jhagyom\u00e1ny \u00fatj\u00e1n terjed\u0151 &#8211; valljuk be &#8211; ostobas\u00e1gok, melyek tiszt\u00e1z\u00e1s\u00e1n kutyasorsok m\u00falnak&#8230;<\/p>\n","protected":false},"author":4,"featured_media":41462,"comment_status":"closed","ping_status":"open","sticky":false,"template":"","format":"standard","meta":{"_acf_changed":false,"footnotes":""},"categories":[211],"tags":[],"class_list":["post-41376","post","type-post","status-publish","format-standard","has-post-thumbnail","hentry","category-blog-hu","category-211","description-off"],"acf":[],"_links":{"self":[{"href":"https:\/\/julius-k9.com\/hu\/wp-json\/wp\/v2\/posts\/41376","targetHints":{"allow":["GET"]}}],"collection":[{"href":"https:\/\/julius-k9.com\/hu\/wp-json\/wp\/v2\/posts"}],"about":[{"href":"https:\/\/julius-k9.com\/hu\/wp-json\/wp\/v2\/types\/post"}],"author":[{"embeddable":true,"href":"https:\/\/julius-k9.com\/hu\/wp-json\/wp\/v2\/users\/4"}],"replies":[{"embeddable":true,"href":"https:\/\/julius-k9.com\/hu\/wp-json\/wp\/v2\/comments?post=41376"}],"version-history":[{"count":0,"href":"https:\/\/julius-k9.com\/hu\/wp-json\/wp\/v2\/posts\/41376\/revisions"}],"wp:featuredmedia":[{"embeddable":true,"href":"https:\/\/julius-k9.com\/hu\/wp-json\/wp\/v2\/media\/41462"}],"wp:attachment":[{"href":"https:\/\/julius-k9.com\/hu\/wp-json\/wp\/v2\/media?parent=41376"}],"wp:term":[{"taxonomy":"category","embeddable":true,"href":"https:\/\/julius-k9.com\/hu\/wp-json\/wp\/v2\/categories?post=41376"},{"taxonomy":"post_tag","embeddable":true,"href":"https:\/\/julius-k9.com\/hu\/wp-json\/wp\/v2\/tags?post=41376"}],"curies":[{"name":"wp","href":"https:\/\/api.w.org\/{rel}","templated":true}]}}