{"id":40708,"date":"2017-07-24T07:19:50","date_gmt":"2017-07-24T07:19:50","guid":{"rendered":"http:\/\/julius-k9.com\/?p=40708&amp;lang=hu"},"modified":"2017-07-24T07:19:50","modified_gmt":"2017-07-24T07:19:50","slug":"20-evesek-fogjunk-oessze","status":"publish","type":"post","link":"https:\/\/julius-k9.com\/hu\/20-evesek-fogjunk-oessze\/","title":{"rendered":"20 \u00e9vesek, fogjunk \u00f6ssze!"},"content":{"rendered":"<div class=\"wpb-content-wrapper\"><p>[vc_row][vc_column][vc_column_text]M\u00e1r a csapb\u00f3l is az folyik, hogy a JULIUS-K9\u00ae id\u00e9n 20. sz\u00fclet\u00e9snapj\u00e1t \u00fcnnepli. \ud83d\ude42 \u00dagy gondoltuk, seg\u00edt\u00fcnk egy m\u00e1sik sz\u00fclinapos kezdem\u00e9nyez\u00e9snek,<!--more-->id\u00e9n ugyanis a <strong>Damj\u00e1n T\u00e1bor<\/strong> is 20. alkalommal szerez egy feledhetetlen hetet fogyat\u00e9kkal \u00e9l\u0151 gyerekeknek&#8230;<\/p>\n<p>Komoly fordul\u00f3pontot jelentett a 2017. \u00e9v az \u00e9let\u00fcnkben. Hosszas fejleszt\u0151munka eredm\u00e9nyek\u00e9ppen bemutattuk a <a href=\"https:\/\/julius-k9.com\/idc-duo-flex-dog-harness\/?lang=hu\" target=\"_blank\" rel=\"noopener\">DUO-FLEX\u00ae kutyah\u00e1mot<\/a>, elfoglaltuk a hely\u00fcnket <a href=\"https:\/\/www.facebook.com\/365407080225041\/posts\/1292123697553370\/\" target=\"_blank\" rel=\"noopener\">\u00faj csarnokunkban \u00e9s irodah\u00e1zunkban<\/a>, de j\u00e1t\u00e9kot is hirdett\u00fcnk <a href=\"https:\/\/p.antavo.com\/Ezg\/\" target=\"_blank\" rel=\"noopener\">az id\u00e9n 20 \u00e9ves fiatalok bevon\u00e1s\u00e1val<\/a>. Term\u00e9szetesen akci\u00f3val is k\u00e9sz\u00fclt\u00fcnk&#8230; <strong>VOLNA<\/strong>, ha nem gondoljuk meg magunkat. Mi\u00e9rt ne ford\u00edtan\u00e1nk ezt az akci\u00f3s kedvezm\u00e9nyt most j\u00f3t\u00e9kony c\u00e9lra? Mi\u00e9rt ne kedvezn\u00e9nk ink\u00e1bb egy olyan csapatnak, akik szint\u00e9n 20 \u00e9ve, nagyon kem\u00e9ny munk\u00e1val igyekeznek \u00f6r\u00f6met szerezni sok-sok gyereknek? A Damj\u00e1n T\u00e1bor pont ilyen: <strong>20 \u00e9ve t\u00e1boroztatnak fogyat\u00e9kkal \u00e9l\u0151 gyerekeket<\/strong>. Munk\u00e1jukat nemcsak p\u00e9nzadom\u00e1nnyal t\u00e1mogatjuk, hanem szervez\u0151dik egy ter\u00e1pi\u00e1s kuty\u00e1s csapat is az <a href=\"https:\/\/www.facebook.com\/Az%C3%BAr-Seg%C3%ADt%C5%91kuty%C3%A1s-Egyes%C3%BClet-1479186502389003\/\" target=\"_blank\" rel=\"noopener\">Az\u00far Seg\u00edt\u0151kuty\u00e1s Egyes\u00fclet<\/a> j\u00f3volt\u00e1b\u00f3l, mely rem\u00e9nyeink szerint komoly seg\u00edts\u00e9get ny\u00fajt \u00e9s sok \u00f6r\u00f6met szerez a t\u00e1boroz\u00f3knak. Sz\u00e1mukra a felszerel\u00e9st \u00e9s az utaz\u00e1s k\u00f6lts\u00e9g\u00e9t biztos\u00edtjuk.<\/p>\n<p>De mir\u0151l is van sz\u00f3 pontosan? A <em><strong>Damj\u00e1n T\u00e1bor<\/strong><\/em> id\u00e9n <strong>j\u00falius 31. \u00e9s augusztus 4. k\u00f6z\u00f6tt a Debrecen melletti Dorcas Szabadid\u0151k\u00f6zpontban<\/strong> v\u00e1rja a fogyat\u00e9kkal \u00e9l\u0151 gyerekeket \u00e9s sz\u00fcleiket. Az \u00f6nk\u00e9ntes st\u00e1b a csoportvezet\u0151kkel \u00e9s a seg\u00edt\u0151kkel egy\u00fctt azon dolgozik, hogy mosolyt csaljon a t\u00e1boroz\u00f3k arc\u00e1ra, sz\u00ednes programokkal eml\u00e9kezetess\u00e9 tegye az egy\u00fctt t\u00f6lt\u00f6tt pillanatokat. A t\u00e1bori k\u00f6rnyezet, a lehet\u0151s\u00e9g, hogy egy m\u00e1sik emberr\u0151l gondoskodj &#8211; illetve seg\u00edts\u00e9get fogadj el -, hogy megismerd magad egy csapatban, valamint a rengeteg m\u00f3ka \u00e9s kacag\u00e1s adott. A szervez\u0151k mindent megtesznek az\u00e9rt, hogy a &#8222;szeretettankok&#8221; csordultig teljenek, \u00e9s felejthetetlen \u00e9lm\u00e9nyekkel gazdagodjanak a r\u00e9sztvev\u0151k.[\/vc_column_text][vc_empty_space][vc_single_image image=&#8221;40711&#8243; img_size=&#8221;full&#8221; alignment=&#8221;center&#8221;][vc_empty_space][vc_column_text]Sok szempontb\u00f3l k\u00fcl\u00f6nleges a t\u00e1bor, azonban ebben az \u00e9vben m\u00e9g k\u00fcl\u00f6nlegesebb\u00e9 teszi ezt a hetet, hogy imm\u00e1ron a <strong>20. alkalommal ker\u00fcl megrendez\u00e9sre<\/strong>. Az egyhetes \u00e9lm\u00e9nyre 90 enyhe vagy k\u00f6z\u00e9ps\u00falyos fogyat\u00e9kkal \u00e9l\u0151 gyerek \u00e9s feln\u0151tt t\u00e1boroz\u00f3t, valamint 110 k\u00f6z\u00e9piskol\u00e1s \u00e9s egyetemista seg\u00edt\u0151j\u00fcket v\u00e1rj\u00e1k.<\/p>\n<p>V\u00e1ltozatos programokkal k\u00e9sz\u00fclnek: lesz esti t\u00e1nch\u00e1z, <em>Nem Adom fel<\/em> egy\u00fcttes koncert, kuty\u00e1s bemutat\u00f3, t\u0171zolt\u00f3k \u00e9s rend\u0151r\u00f6k l\u00e1togat\u00e1sa, valamint a h\u00e9t legink\u00e1bb v\u00e1rt pillanata a Ki mit tud. A legt\u00f6bb t\u00e1boroz\u00f3nak ez az egy h\u00e9t jelenti a ny\u00e1ri felh\u0151tlen kikapcsol\u00f3d\u00e1st \u00e9s sz\u00f3rakoz\u00e1st. A t\u00e1bor a fogyat\u00e9kkal \u00e9l\u0151 gyerekeknek \u00e9s fiataloknak <strong>ingyenes<\/strong>, a szervez\u0151k adom\u00e1nyokb\u00f3l pr\u00f3b\u00e1lj\u00e1k fedezni a k\u00f6lts\u00e9geket. A JULIUS-K9\u00ae azt a <strong>445 ezer Ft-ot<\/strong> aj\u00e1nlotta fel, amit az adom\u00e1nygy\u0171jt\u00e9sben (adjukossze.hu) id\u00e9n c\u00e9lul t\u0171z\u00f6tt ki a t\u00e1borvezet\u00e9s. Ha \u00fagy d\u00f6ntesz, hogy Te is az \u00fcgy mell\u00e9 \u00e1llsz, <a href=\"https:\/\/www.adjukossze.hu\/projekt\/projektadatlap\/600\" target=\"_blank\" rel=\"noopener\">ITT<\/a> m\u00e9g megteheted.<\/p>\n<p>A t\u00e1bor ut\u00e1n \u00f6sszefoglal\u00f3val jelentkez\u00fcnk.<\/p>\n<p><a href=\"https:\/\/www.youtube.com\/watch?v=5l7qi0az91s\" target=\"_blank\" rel=\"noopener\">Pillants bele a t\u00e1bori percekbe<\/a><br \/>\n<a href=\"https:\/\/www.youtube.com\/watch?v=ZyxnJF742G0\" target=\"_blank\" rel=\"noopener\">A tavalyi t\u00e1bor \u00f6sszefoglal\u00f3ja<\/a><br \/>\n<a href=\"https:\/\/www.facebook.com\/DamjanTabor\" target=\"_blank\" rel=\"noopener\">K\u00f6vesd a Damj\u00e1n T\u00e1bort a Facebook-on<\/a><\/p>\n<p><em>\/A fot\u00f3k forr\u00e1sa az alap\u00edtv\u00e1ny k\u00f6z\u00f6ss\u00e9gi oldala\/<\/em>[\/vc_column_text][vc_empty_space][dt_photos_jgrid number=&#8221;20&#8243; category=&#8221;damjan&#8221;][\/vc_column][\/vc_row]<\/p>\n<\/div>","protected":false},"excerpt":{"rendered":"<p>[vc_row][vc_column][vc_column_text]M\u00e1r a csapb\u00f3l is az folyik, hogy a JULIUS-K9\u00ae id\u00e9n 20. sz\u00fclet\u00e9snapj\u00e1t \u00fcnnepli. \ud83d\ude42 \u00dagy gondoltuk, seg\u00edt\u00fcnk egy m\u00e1sik sz\u00fclinapos kezdem\u00e9nyez\u00e9snek,<\/p>\n","protected":false},"author":7,"featured_media":40711,"comment_status":"closed","ping_status":"open","sticky":false,"template":"","format":"standard","meta":{"_acf_changed":false,"footnotes":""},"categories":[223],"tags":[],"class_list":["post-40708","post","type-post","status-publish","format-standard","has-post-thumbnail","hentry","category-news-category-hu","category-223","description-off"],"acf":[],"_links":{"self":[{"href":"https:\/\/julius-k9.com\/hu\/wp-json\/wp\/v2\/posts\/40708","targetHints":{"allow":["GET"]}}],"collection":[{"href":"https:\/\/julius-k9.com\/hu\/wp-json\/wp\/v2\/posts"}],"about":[{"href":"https:\/\/julius-k9.com\/hu\/wp-json\/wp\/v2\/types\/post"}],"author":[{"embeddable":true,"href":"https:\/\/julius-k9.com\/hu\/wp-json\/wp\/v2\/users\/7"}],"replies":[{"embeddable":true,"href":"https:\/\/julius-k9.com\/hu\/wp-json\/wp\/v2\/comments?post=40708"}],"version-history":[{"count":0,"href":"https:\/\/julius-k9.com\/hu\/wp-json\/wp\/v2\/posts\/40708\/revisions"}],"wp:featuredmedia":[{"embeddable":true,"href":"https:\/\/julius-k9.com\/hu\/wp-json\/wp\/v2\/media\/40711"}],"wp:attachment":[{"href":"https:\/\/julius-k9.com\/hu\/wp-json\/wp\/v2\/media?parent=40708"}],"wp:term":[{"taxonomy":"category","embeddable":true,"href":"https:\/\/julius-k9.com\/hu\/wp-json\/wp\/v2\/categories?post=40708"},{"taxonomy":"post_tag","embeddable":true,"href":"https:\/\/julius-k9.com\/hu\/wp-json\/wp\/v2\/tags?post=40708"}],"curies":[{"name":"wp","href":"https:\/\/api.w.org\/{rel}","templated":true}]}}