{"id":39531,"date":"2017-03-16T10:20:13","date_gmt":"2017-03-16T10:20:13","guid":{"rendered":"http:\/\/julius-k9.com\/?p=39531&amp;lang=hu"},"modified":"2017-03-16T10:20:13","modified_gmt":"2017-03-16T10:20:13","slug":"2017-es-fotozasok","status":"publish","type":"post","link":"https:\/\/julius-k9.com\/hu\/2017-es-fotozasok\/","title":{"rendered":"2017-es fot\u00f3z\u00e1sok"},"content":{"rendered":"<div class=\"wpb-content-wrapper\"><p>[vc_row][vc_column width=&#8221;1\/2&#8243;][vc_column_text]<\/p>\n<h1><span style=\"font-weight: 400;\">Sziasztok<\/span><\/h1>\n<p>[\/vc_column_text][vc_empty_space][vc_column_text]Itt a tavasz, kezd\u0151dnek JULIUS-K9\u00ae-es szabadt\u00e9ri fot\u00f3z\u00e1sok.<br \/>\nKeress\u00fck azokat<!--more--> a v\u00e1llalkoz\u00f3 kedv\u0171 gazdis kutyusokat, akik sz\u00edvesen r\u00e9szt venn\u00e9nek ilyen rendezv\u00e9nyen. El\u0151tte k\u00e9rj\u00fck, olvasd el a t\u00e1j\u00e9koztat\u00f3t![\/vc_column_text][vc_empty_space][ultimate_heading main_heading=&#8221;Kiket keres\u00fcnk?&#8221; alignment=&#8221;left&#8221; spacer=&#8221;line_only&#8221; spacer_position=&#8221;bottom&#8221; line_height=&#8221;1&#8243;][\/ultimate_heading][vc_column_text]Olyan kutya-gazda p\u00e1rost, akik egy\u00fctt sportolnak. (A gazdi is rajta lesz a fot\u00f3n.) Rendszeresen futnak, t\u00far\u00e1znak a szabadban.<br \/>\nEz\u00fattal sajnos nem relev\u00e1ns az agility vagy a kutyaiskol\u00e1s engedelmess\u00e9gi szabadt\u00e9ri tev\u00e9kenys\u00e9g.[\/vc_column_text][vc_empty_space][ultimate_heading main_heading=&#8221;Milyen koroszt\u00e1lyban?&#8221; alignment=&#8221;left&#8221; spacer=&#8221;line_only&#8221; spacer_position=&#8221;bottom&#8221; line_height=&#8221;1&#8243;][\/ultimate_heading][vc_column_text]Legoptim\u00e1lisabb a 30+ koroszt\u00e1ly. De szeretettel v\u00e1rjuk a 40, 50, s\u0151t 60 \u00e9veseket is.[\/vc_column_text][vc_empty_space][ultimate_heading main_heading=&#8221;Mikor lesz a fot\u00f3z\u00e1s?&#8221; alignment=&#8221;left&#8221; spacer=&#8221;line_only&#8221; spacer_position=&#8221;bottom&#8221; line_height=&#8221;1&#8243;][\/ultimate_heading][vc_column_text]<span style=\"font-weight: 400;\">A fot\u00f3z\u00e1sokat folyamatosan tervezz\u00fck. Most m\u00e1rciusban kezd\u00fcnk, \u00e9s eg\u00e9sz ny\u00e1ron \u00e1t tartanak. Teh\u00e1t nem csak egy fot\u00f3z\u00e1sr\u00f3l van sz\u00f3.<\/span>[\/vc_column_text][vc_empty_space][ultimate_heading main_heading=&#8221;Hol lesz?&#8221; alignment=&#8221;left&#8221; spacer=&#8221;line_only&#8221; spacer_position=&#8221;bottom&#8221; line_height=&#8221;1&#8243;][\/ultimate_heading][vc_column_text]<span style=\"font-weight: 400;\">Ezt nem tudjuk megmondani. \u00c1ltal\u00e1ban Budapest 40-50 km-es k\u00f6rzet\u00e9ben rendezz\u00fck. Speci\u00e1lis esetben viszont utazunk a kiszemelt helysz\u00ednre.<\/span>[\/vc_column_text][vc_empty_space][ultimate_heading main_heading=&#8221;Milyen kuty\u00e1t v\u00e1runk?&#8221; alignment=&#8221;left&#8221; spacer=&#8221;line_only&#8221; spacer_position=&#8221;bottom&#8221; line_height=&#8221;1&#8243;][\/ultimate_heading][vc_column_text]Nek\u00fcnk minden kutya kedves \u00e9s gy\u00f6ny\u00f6r\u0171. Kicsi, nagy, kever\u00e9k, fajtatiszta, lusta \u00e9s izg\u00e1ga\u2026 mindegy! L\u00e9nyeg, hogy rendelkezzen alapszint\u0171 engedelmess\u00e9gi ismeretekkel. Sajnos azonban &#8211; fot\u00f3technikailag &#8211; neh\u00e9z a koromfekete \u00e9s a h\u00f3feh\u00e9r ebekkel dolgoznunk.[\/vc_column_text][vc_empty_space][ultimate_heading main_heading=&#8221;Hol, hogyan jelentkezz?&#8221; alignment=&#8221;left&#8221; spacer=&#8221;line_only&#8221; spacer_position=&#8221;bottom&#8221; line_height=&#8221;1&#8243;][\/ultimate_heading][vc_column_text]<span style=\"font-weight: 400;\">Jelentkezni kiz\u00e1r\u00f3lag <\/span><\/p>\n<ul>\n<li style=\"font-weight: 400;\"><span style=\"font-weight: 400;\">a <\/span><a href=\"mailto:foto@julius-k9.com\"><span style=\"font-weight: 400;\">foto@julius-k9.com<\/span><\/a><span style=\"font-weight: 400;\"> email c\u00edmre k\u00fcld\u00f6tt \u00fczenettel vagy <\/span><\/li>\n<li style=\"font-weight: 400;\"><span style=\"font-weight: 400;\">az itt tal\u00e1lhat\u00f3 \u00fczenetablak elk\u00fcld\u00e9s\u00e9vel lehet.<\/span><\/li>\n<\/ul>\n<p><span style=\"font-weight: 400;\">K\u00e9rj\u00fck, felt\u00e9tlen\u00fcl \u00edrd meg:<\/span><\/p>\n<ul>\n<li style=\"font-weight: 400;\"><span style=\"font-weight: 400;\">telefonos el\u00e9rhet\u0151s\u00e9gedet<\/span><\/li>\n<li style=\"font-weight: 400;\"><span style=\"font-weight: 400;\">a kutya fajt\u00e1j\u00e1t<\/span><\/li>\n<li style=\"font-weight: 400;\"><span style=\"font-weight: 400;\">k\u00e9pek R\u00f3latok &#8211; de az is elegend\u0151, hogy ha egy facebookos c\u00edmedet \u00edrod meg. Fontos, hogy rajta legyen a kutyus is \u00e9s nyilv\u00e1nos legyen. Ha nem nyilv\u00e1nos, nem tudjuk megtekinteni.<\/span><\/li>\n<\/ul>\n<p>[\/vc_column_text][\/vc_column][vc_column width=&#8221;1\/2&#8243;][dt_photos_masonry type=&#8221;grid&#8221; padding=&#8221;5&#8243; proportion=&#8221;1:1&#8243; column_width=&#8221;150&#8243; category=&#8221;2017-es-fotozas&#8221;][vc_empty_space][vc_column_text]<\/p>\n<h3>\u00dczenet mez\u0151<\/h3>\n<p>[\/vc_column_text][vc_column_text]Itt k\u00f6zvetlen\u00fcl is tudsz \u00fczenetet k\u00fcldeni[\/vc_column_text][contact-form-7 id=&#8221;39282&#8243;][\/vc_column][\/vc_row]<\/p>\n<\/div>","protected":false},"excerpt":{"rendered":"<p>[vc_row][vc_column width=&#8221;1\/2&#8243;][vc_column_text] Sziasztok [\/vc_column_text][vc_empty_space][vc_column_text]Itt a tavasz, kezd\u0151dnek JULIUS-K9\u00ae-es szabadt\u00e9ri fot\u00f3z\u00e1sok. Keress\u00fck azokat<\/p>\n","protected":false},"author":4,"featured_media":39537,"comment_status":"closed","ping_status":"open","sticky":false,"template":"","format":"standard","meta":{"_acf_changed":false,"footnotes":""},"categories":[223],"tags":[],"class_list":["post-39531","post","type-post","status-publish","format-standard","has-post-thumbnail","hentry","category-news-category-hu","category-223","description-off"],"acf":[],"_links":{"self":[{"href":"https:\/\/julius-k9.com\/hu\/wp-json\/wp\/v2\/posts\/39531","targetHints":{"allow":["GET"]}}],"collection":[{"href":"https:\/\/julius-k9.com\/hu\/wp-json\/wp\/v2\/posts"}],"about":[{"href":"https:\/\/julius-k9.com\/hu\/wp-json\/wp\/v2\/types\/post"}],"author":[{"embeddable":true,"href":"https:\/\/julius-k9.com\/hu\/wp-json\/wp\/v2\/users\/4"}],"replies":[{"embeddable":true,"href":"https:\/\/julius-k9.com\/hu\/wp-json\/wp\/v2\/comments?post=39531"}],"version-history":[{"count":0,"href":"https:\/\/julius-k9.com\/hu\/wp-json\/wp\/v2\/posts\/39531\/revisions"}],"wp:featuredmedia":[{"embeddable":true,"href":"https:\/\/julius-k9.com\/hu\/wp-json\/wp\/v2\/media\/39537"}],"wp:attachment":[{"href":"https:\/\/julius-k9.com\/hu\/wp-json\/wp\/v2\/media?parent=39531"}],"wp:term":[{"taxonomy":"category","embeddable":true,"href":"https:\/\/julius-k9.com\/hu\/wp-json\/wp\/v2\/categories?post=39531"},{"taxonomy":"post_tag","embeddable":true,"href":"https:\/\/julius-k9.com\/hu\/wp-json\/wp\/v2\/tags?post=39531"}],"curies":[{"name":"wp","href":"https:\/\/api.w.org\/{rel}","templated":true}]}}