{"id":184339,"date":"2024-09-16T12:30:59","date_gmt":"2024-09-16T12:30:59","guid":{"rendered":"https:\/\/julius-k9.com\/serg-skhot-es-sebo-gyula-feltalalok-osszefogasa-az-allatokert\/"},"modified":"2024-09-16T12:30:59","modified_gmt":"2024-09-16T12:30:59","slug":"serg-skhot-es-sebo-gyula-feltalalok-osszefogasa-az-allatokert","status":"publish","type":"post","link":"https:\/\/julius-k9.com\/hu\/serg-skhot-es-sebo-gyula-feltalalok-osszefogasa-az-allatokert\/","title":{"rendered":"Serg Skhot \u00e9s Seb\u0151 Gyula: feltal\u00e1l\u00f3k \u00f6sszefog\u00e1sa az \u00e1llatok\u00e9rt"},"content":{"rendered":"\n<p>Serg Skhot, a Puller karika feltal\u00e1l\u00f3ja \u00e9s sport\u00e1g\u00e1nak \u00fatt\u00f6r\u0151je nemr\u00e9g a Julius-K9 eur\u00f3pai k\u00f6zpontj\u00e1ba l\u00e1togatott, ahol tal\u00e1lkozott Seb\u0151 Gyul\u00e1val, a Julius-K9 tulajdonos\u00e1val. A k\u00e9t feltal\u00e1l\u00f3 k\u00f6z\u00f6s j\u00f3t\u00e9konys\u00e1gi akci\u00f3 keret\u00e9ben fogott \u00f6ssze, hogy seg\u00edts\u00e9get ny\u00fajtsanak a r\u00e1szorul\u00f3 \u00e1llatoknak. <\/p>\n<div class=\"wp-block-image\">\n<figure class=\"aligncenter size-large\"><img fetchpriority=\"high\" decoding=\"async\" width=\"1024\" height=\"626\" src=\"https:\/\/julius-k9.com\/wp-content\/uploads\/2024\/09\/455246888_7672121992894466_4217629692773491365_n-1024x626.jpg\" alt=\"\" class=\"wp-image-184258\" srcset=\"https:\/\/julius-k9.com\/wp-content\/uploads\/2024\/09\/455246888_7672121992894466_4217629692773491365_n-1024x626.jpg 1024w, https:\/\/julius-k9.com\/wp-content\/uploads\/2024\/09\/455246888_7672121992894466_4217629692773491365_n-300x184.jpg 300w, https:\/\/julius-k9.com\/wp-content\/uploads\/2024\/09\/455246888_7672121992894466_4217629692773491365_n-768x470.jpg 768w, https:\/\/julius-k9.com\/wp-content\/uploads\/2024\/09\/455246888_7672121992894466_4217629692773491365_n.jpg 1280w\" sizes=\"(max-width: 1024px) 100vw, 1024px\" \/><\/figure>\n<\/div>\n<p>Serg Skhot elmondta, hogy Ukrajn\u00e1ban akt\u00edvan r\u00e9szt vesz az \u00e1llatment\u00e9sben, ahol rengeteg elhagyott, s\u00e9r\u00fclt vagy vesz\u00e9lyeztetett kuty\u00e1t \u00e9s macsk\u00e1t gy\u0171jtenek be \u2013 gyakran a h\u00e1bor\u00fa s\u00fajtotta z\u00f3n\u00e1kb\u00f3l. Az \u00e1llatok ment\u00e9se folyamatos kih\u00edv\u00e1st jelent, \u00e9s minden seg\u00edts\u00e9g \u00e9letment\u0151 lehet sz\u00e1mukra. Ebben a neh\u00e9z helyzetben Serg \u00e9s csapata kiemelt figyelmet ford\u00edt a r\u00e1szorul\u00f3 \u00e1llatok t\u00e1mogat\u00e1s\u00e1ra \u2013 a pr\u00e1gai Dog Puller Vil\u00e1gbajnoks\u00e1g egyik legfontosabb j\u00f3t\u00e9konys\u00e1gi projektje is az \u00e1llatment\u00e9s k\u00f6r\u00e9 \u00e9p\u00fclt.   <\/p>\n<div class=\"wp-block-image\">\n<figure class=\"aligncenter size-large\"><img decoding=\"async\" width=\"1024\" height=\"768\" src=\"https:\/\/julius-k9.com\/wp-content\/uploads\/2024\/09\/455347742_7672121832894482_2383157244603803855_n-1024x768.jpg\" alt=\"\" class=\"wp-image-184282\" srcset=\"https:\/\/julius-k9.com\/wp-content\/uploads\/2024\/09\/455347742_7672121832894482_2383157244603803855_n-1024x768.jpg 1024w, https:\/\/julius-k9.com\/wp-content\/uploads\/2024\/09\/455347742_7672121832894482_2383157244603803855_n-300x225.jpg 300w, https:\/\/julius-k9.com\/wp-content\/uploads\/2024\/09\/455347742_7672121832894482_2383157244603803855_n-768x576.jpg 768w, https:\/\/julius-k9.com\/wp-content\/uploads\/2024\/09\/455347742_7672121832894482_2383157244603803855_n.jpg 1280w\" sizes=\"(max-width: 1024px) 100vw, 1024px\" \/><\/figure>\n<\/div>\n<p>Seb\u0151 Gyula, felismerve a helyzet s\u00falyoss\u00e1g\u00e1t \u00e9s a nemes c\u00e9l fontoss\u00e1g\u00e1t, adom\u00e1nnyal seg\u00edtette Serg munk\u00e1j\u00e1t. Megt\u00f6lt\u00f6tte Serg aut\u00f3j\u00e1t kutyat\u00e1pokkal \u00e9s egy\u00e9b sz\u00fcks\u00e9ges felszerel\u00e9sekkel, hogy ezekkel a n\u00e9lk\u00fcl\u00f6zhetetlen eszk\u00f6z\u00f6kkel t\u00e1mogassa a mentett \u00e1llatok ell\u00e1t\u00e1s\u00e1t. Ez az adom\u00e1ny nemcsak az \u00e1llatment\u0151k sz\u00e1m\u00e1ra jelent \u00f3ri\u00e1si seg\u00edts\u00e9get, hanem azt is jelzi, hogy a Dog Puller Sport \u00e9s a Julius-K9 k\u00f6z\u00f6ss\u00e9ge elk\u00f6telezett az \u00e1llatok j\u00f3l\u00e9te \u00e9s v\u00e9delme mellett. Az ilyen j\u00f3t\u00e9konys\u00e1gi akci\u00f3k mutatj\u00e1k meg, hogy az \u00e1llatszeret\u0151 k\u00f6z\u00f6ss\u00e9gek \u00f6sszefog\u00e1sa glob\u00e1lis szinten is hat\u00e1ssal lehet az \u00e1llatok sors\u00e1ra.<br\/>   <\/p>\n\n<p>Serg Skhot \u00e9s Seb\u0151 Gyula k\u00f6z\u00f6s er\u0151fesz\u00edt\u00e9sei inspir\u00e1l\u00f3 p\u00e9ldak\u00e9nt szolg\u00e1lnak mindenkinek, aki elk\u00f6telezett az \u00e1llatok megseg\u00edt\u00e9se ir\u00e1nt.<\/p>\n\n<p><em>&#8211; Rusk\u00f3 Bea &#8211;<\/em><\/p>\n<div class=\"wp-block-image\">\n<figure class=\"aligncenter size-large\"><img decoding=\"async\" width=\"1024\" height=\"643\" src=\"https:\/\/julius-k9.com\/wp-content\/uploads\/2024\/09\/team-1024x643.jpg\" alt=\"\" class=\"wp-image-184306\" srcset=\"https:\/\/julius-k9.com\/wp-content\/uploads\/2024\/09\/team-1024x643.jpg 1024w, https:\/\/julius-k9.com\/wp-content\/uploads\/2024\/09\/team-300x188.jpg 300w, https:\/\/julius-k9.com\/wp-content\/uploads\/2024\/09\/team-768x482.jpg 768w, https:\/\/julius-k9.com\/wp-content\/uploads\/2024\/09\/team.jpg 1280w\" sizes=\"(max-width: 1024px) 100vw, 1024px\" \/><\/figure>\n<\/div>","protected":false},"excerpt":{"rendered":"<p>Serg Skhot, a Puller karika feltal\u00e1l\u00f3ja \u00e9s sport\u00e1g\u00e1nak \u00fatt\u00f6r\u0151je nemr\u00e9g a Julius-K9 eur\u00f3pai k\u00f6zpontj\u00e1ba l\u00e1togatott, ahol tal\u00e1lkozott Seb\u0151 Gyul\u00e1val, a Julius-K9 tulajdonos\u00e1val. <\/p>\n","protected":false},"author":7,"featured_media":184321,"comment_status":"closed","ping_status":"closed","sticky":false,"template":"","format":"standard","meta":{"_acf_changed":false,"footnotes":""},"categories":[223],"tags":[],"class_list":["post-184339","post","type-post","status-publish","format-standard","has-post-thumbnail","hentry","category-news-category-hu","category-223","description-off"],"acf":[],"_links":{"self":[{"href":"https:\/\/julius-k9.com\/hu\/wp-json\/wp\/v2\/posts\/184339","targetHints":{"allow":["GET"]}}],"collection":[{"href":"https:\/\/julius-k9.com\/hu\/wp-json\/wp\/v2\/posts"}],"about":[{"href":"https:\/\/julius-k9.com\/hu\/wp-json\/wp\/v2\/types\/post"}],"author":[{"embeddable":true,"href":"https:\/\/julius-k9.com\/hu\/wp-json\/wp\/v2\/users\/7"}],"replies":[{"embeddable":true,"href":"https:\/\/julius-k9.com\/hu\/wp-json\/wp\/v2\/comments?post=184339"}],"version-history":[{"count":1,"href":"https:\/\/julius-k9.com\/hu\/wp-json\/wp\/v2\/posts\/184339\/revisions"}],"predecessor-version":[{"id":184342,"href":"https:\/\/julius-k9.com\/hu\/wp-json\/wp\/v2\/posts\/184339\/revisions\/184342"}],"wp:featuredmedia":[{"embeddable":true,"href":"https:\/\/julius-k9.com\/hu\/wp-json\/wp\/v2\/media\/184321"}],"wp:attachment":[{"href":"https:\/\/julius-k9.com\/hu\/wp-json\/wp\/v2\/media?parent=184339"}],"wp:term":[{"taxonomy":"category","embeddable":true,"href":"https:\/\/julius-k9.com\/hu\/wp-json\/wp\/v2\/categories?post=184339"},{"taxonomy":"post_tag","embeddable":true,"href":"https:\/\/julius-k9.com\/hu\/wp-json\/wp\/v2\/tags?post=184339"}],"curies":[{"name":"wp","href":"https:\/\/api.w.org\/{rel}","templated":true}]}}