{"id":149734,"date":"2022-11-16T07:24:51","date_gmt":"2022-11-16T07:24:51","guid":{"rendered":"https:\/\/julius-k9.com\/szellemi-tulajdon-vedelme-szegedi-tudomanyegyetem-innovacios-nap-2022\/"},"modified":"2022-11-16T07:24:51","modified_gmt":"2022-11-16T07:24:51","slug":"szellemi-tulajdon-vedelme-szegedi-tudomanyegyetem-innovacios-nap-2022","status":"publish","type":"post","link":"https:\/\/julius-k9.com\/hu\/szellemi-tulajdon-vedelme-szegedi-tudomanyegyetem-innovacios-nap-2022\/","title":{"rendered":"Szellemi tulajdon v\u00e9delme \u2013 Szegedi Tudom\u00e1nyegyetem Innov\u00e1ci\u00f3s Nap 2022"},"content":{"rendered":"\n<p>Id\u00e9n imm\u00e1r 10. alkalommal szervezett a Szegedi Tudom\u00e1nyegyetem innov\u00e1ci\u00f3s napot 2022 november 3-\u00e1n. Az egyetem meghat\u00e1roz\u00f3 alakjai mellett nagyv\u00e1llalati vezet\u0151k \u00e9s szakemberek r\u00e9szv\u00e9tel\u00e9vel kerekasztalbesz\u00e9lget\u00e9sre is sor ker\u00fclt, a <strong>JULIUS-K9\u00ae<\/strong> v\u00e1llalatot <strong>Seb\u0151 Gyula<\/strong> c\u00e9galap\u00edt\u00f3 k\u00e9pviselte. A besz\u00e9lget\u00e9s alatt k\u00f6rvonalaz\u00f3dott, hogy a digit\u00e1lis vil\u00e1g velej\u00e1r\u00f3ja az online kereskedelem, melyben neh\u00e9z megakad\u00e1lyozni az egyes innov\u00e1ci\u00f3kkal val\u00f3 vissza\u00e9l\u00e9seket. A szellemi tulajdonok v\u00e9delm\u00e9vel kapcsolatos <strong>strat\u00e9giai tervez\u00e9s<\/strong> ez\u00e9rt minden v\u00e1llalat, start-up \u00e9let\u00e9ben \u00faj ir\u00e1nyt kell kapjon.   <\/p>\n\n<p>Mivel az egyetem sz\u00e1mos fejleszt\u00e9si projektben vesz r\u00e9szt, ez\u00e9rt az \u00e9rt\u00e9kteremt\u00e9s teljes id\u0151szak\u00e1ra vonatkoz\u00f3an kell figyelmet ford\u00edtani az adatok nem elt\u00falzott, de alapos v\u00e9delm\u00e9re is. <strong>Dr. R\u00e9v\u00e9sz Bal\u00e1zs<\/strong> int\u00e9zetvezet\u0151 egyetemi docens felk\u00e9r\u00e9s\u00e9re Seb\u0151 Gyula tavasszal k\u00f6zvetlen\u00fcl a di\u00e1kok sz\u00e1m\u00e1ra fejti majd ki egy el\u0151ad\u00e1s keretein bel\u00fcl a fentiekkel kapcsolatos \u00e1ll\u00e1spontj\u00e1t. <\/p>\n","protected":false},"excerpt":{"rendered":"<p>Id\u00e9n imm\u00e1r 10. alkalommal szervezett a Szegedi Tudom\u00e1nyegyetem innov\u00e1ci\u00f3s napot 2022 november 3-\u00e1n. <\/p>\n","protected":false},"author":7,"featured_media":149713,"comment_status":"closed","ping_status":"closed","sticky":false,"template":"","format":"standard","meta":{"_acf_changed":false,"footnotes":""},"categories":[211],"tags":[],"class_list":["post-149734","post","type-post","status-publish","format-standard","has-post-thumbnail","hentry","category-blog-hu","category-211","description-off"],"acf":[],"_links":{"self":[{"href":"https:\/\/julius-k9.com\/hu\/wp-json\/wp\/v2\/posts\/149734","targetHints":{"allow":["GET"]}}],"collection":[{"href":"https:\/\/julius-k9.com\/hu\/wp-json\/wp\/v2\/posts"}],"about":[{"href":"https:\/\/julius-k9.com\/hu\/wp-json\/wp\/v2\/types\/post"}],"author":[{"embeddable":true,"href":"https:\/\/julius-k9.com\/hu\/wp-json\/wp\/v2\/users\/7"}],"replies":[{"embeddable":true,"href":"https:\/\/julius-k9.com\/hu\/wp-json\/wp\/v2\/comments?post=149734"}],"version-history":[{"count":0,"href":"https:\/\/julius-k9.com\/hu\/wp-json\/wp\/v2\/posts\/149734\/revisions"}],"wp:featuredmedia":[{"embeddable":true,"href":"https:\/\/julius-k9.com\/hu\/wp-json\/wp\/v2\/media\/149713"}],"wp:attachment":[{"href":"https:\/\/julius-k9.com\/hu\/wp-json\/wp\/v2\/media?parent=149734"}],"wp:term":[{"taxonomy":"category","embeddable":true,"href":"https:\/\/julius-k9.com\/hu\/wp-json\/wp\/v2\/categories?post=149734"},{"taxonomy":"post_tag","embeddable":true,"href":"https:\/\/julius-k9.com\/hu\/wp-json\/wp\/v2\/tags?post=149734"}],"curies":[{"name":"wp","href":"https:\/\/api.w.org\/{rel}","templated":true}]}}