{"id":110701,"date":"2022-08-17T05:29:17","date_gmt":"2022-08-17T05:29:17","guid":{"rendered":"https:\/\/julius-k9.com\/bandi-pancsol\/"},"modified":"2022-08-24T13:25:09","modified_gmt":"2022-08-24T13:25:09","slug":"bandi-pancsol","status":"publish","type":"post","link":"https:\/\/julius-k9.com\/hu\/bandi-pancsol\/","title":{"rendered":"Bandi pancsol"},"content":{"rendered":"\n<p>Ebben a ny\u00e1ri melegben m\u00faltkor megleptem a m\u00e1r nyugd\u00edjas Bandit egy pancsol\u00e1ssal. Tavaly l\u00e1tv\u00e1nyosan \u00f3vatosabb volt a v\u00edzben, ez\u00e9rt id\u00e9n beszereztem neki egy <a href=\"https:\/\/shop.julius-k9.com\/hu\/kutyahamok\/specialis-kutyahamok\/multifunkcionalis-kutyamelleny-3-in-1\/idc-multifunkcionalis-kutyamelleny-3in1.html\" target=\"_blank\" rel=\"noreferrer noopener\">Multifunkcion\u00e1lis IDC kutyamell\u00e9nyt<\/a>, ami seg\u00edt neki fennmaradni a v\u00edzen. Alig v\u00e1rtam, hogy kipr\u00f3b\u00e1ljuk, hogy l\u00e1ssam, mit sz\u00f3l hozz\u00e1.  <\/p>\n\n\n\n<p>Igazi retrieverk\u00e9nt Bandi m\u00e1r k\u00f6ly\u00f6kkora \u00f3ta im\u00e1d \u00faszni. Amikor kisz\u00e1lltunk a kocsib\u00f3l, r\u00f6gt\u00f6n meg\u00e9rezte a v\u00edz illat\u00e1t. Mintha kicser\u00e9lt\u00e9k volna, a f\u00e1j\u00f3s l\u00e1b\u00fa, nehezen mozg\u00f3 kuty\u00e1m azonnal megfiatalodott. Alig b\u00edrtam visszatartani, annyira h\u00fazott a v\u00edz fel\u00e9, hogy v\u00e9gre f\u00fcr\u00f6dhessen.    <\/p>\n\n\n<div class=\"wp-block-image\">\n<figure class=\"aligncenter size-full\"><img fetchpriority=\"high\" decoding=\"async\" width=\"940\" height=\"320\" src=\"https:\/\/julius-k9.com\/wp-content\/uploads\/2022\/08\/Bandi.jpg\" alt=\"\" class=\"wp-image-110668\" srcset=\"https:\/\/julius-k9.com\/wp-content\/uploads\/2022\/08\/Bandi.jpg 940w, https:\/\/julius-k9.com\/wp-content\/uploads\/2022\/08\/Bandi-300x102.jpg 300w, https:\/\/julius-k9.com\/wp-content\/uploads\/2022\/08\/Bandi-768x261.jpg 768w\" sizes=\"(max-width: 940px) 100vw, 940px\" \/><\/figure>\n<\/div>\n\n\n<p>A parton r\u00e1adtam a mell\u00e9nyt, \u00e9s elengedtem. Azt a boldogs\u00e1got! Vigyorogva szaladt be a v\u00edzbe. A m\u00e9ly vizet ker\u00fclte, de lelkesen s\u00e9t\u00e1lt fel-al\u00e1 a mellkasig \u00e9r\u0151 v\u00edzben. Amikor el\u0151vettem a t\u00e1sk\u00e1mb\u00f3l a <a href=\"https:\/\/shop.julius-k9.com\/hu\/jk9r-multidummy.html\" target=\"_blank\" rel=\"noreferrer noopener\">Multidummyt<\/a>, azonnal t\u00fcrelmetlen\u00fcl elkezdett ugatni, hogy dobjam m\u00e1r el. \u00c9pp csak egy picit dobtam beljebb, hogy csak kicsit kelljen \u00fasznia, \u00e9s r\u00f6gt\u00f6n ut\u00e1navetette mag\u00e1t. Boldogan \u00faszott vele kifel\u00e9, majd a sek\u00e9ly v\u00edzben sz\u00e1j\u00e1ban a j\u00e1t\u00e9kkal belehasalt a v\u00edzbe. Alig akarta visszaadni. \ud83d\ude42 T\u00f6k\u00e9letes reggel volt.        <\/p>\n","protected":false},"excerpt":{"rendered":"<p>Ebben a ny\u00e1ri melegben m\u00faltkor megleptem a m\u00e1r nyugd\u00edjas Bandit egy pancsol\u00e1ssal. <\/p>\n","protected":false},"author":7,"featured_media":110689,"comment_status":"closed","ping_status":"closed","sticky":false,"template":"","format":"standard","meta":{"_acf_changed":false,"footnotes":""},"categories":[211],"tags":[],"class_list":["post-110701","post","type-post","status-publish","format-standard","has-post-thumbnail","hentry","category-blog-hu","category-211","description-off"],"acf":[],"_links":{"self":[{"href":"https:\/\/julius-k9.com\/hu\/wp-json\/wp\/v2\/posts\/110701","targetHints":{"allow":["GET"]}}],"collection":[{"href":"https:\/\/julius-k9.com\/hu\/wp-json\/wp\/v2\/posts"}],"about":[{"href":"https:\/\/julius-k9.com\/hu\/wp-json\/wp\/v2\/types\/post"}],"author":[{"embeddable":true,"href":"https:\/\/julius-k9.com\/hu\/wp-json\/wp\/v2\/users\/7"}],"replies":[{"embeddable":true,"href":"https:\/\/julius-k9.com\/hu\/wp-json\/wp\/v2\/comments?post=110701"}],"version-history":[{"count":0,"href":"https:\/\/julius-k9.com\/hu\/wp-json\/wp\/v2\/posts\/110701\/revisions"}],"wp:featuredmedia":[{"embeddable":true,"href":"https:\/\/julius-k9.com\/hu\/wp-json\/wp\/v2\/media\/110689"}],"wp:attachment":[{"href":"https:\/\/julius-k9.com\/hu\/wp-json\/wp\/v2\/media?parent=110701"}],"wp:term":[{"taxonomy":"category","embeddable":true,"href":"https:\/\/julius-k9.com\/hu\/wp-json\/wp\/v2\/categories?post=110701"},{"taxonomy":"post_tag","embeddable":true,"href":"https:\/\/julius-k9.com\/hu\/wp-json\/wp\/v2\/tags?post=110701"}],"curies":[{"name":"wp","href":"https:\/\/api.w.org\/{rel}","templated":true}]}}