{"id":107425,"date":"2022-07-04T13:36:43","date_gmt":"2022-07-04T13:36:43","guid":{"rendered":"https:\/\/julius-k9.com\/ratalalni-az-igazira\/"},"modified":"2022-07-04T13:38:27","modified_gmt":"2022-07-04T13:38:27","slug":"ratalalni-az-igazira","status":"publish","type":"post","link":"https:\/\/julius-k9.com\/hu\/ratalalni-az-igazira\/","title":{"rendered":"R\u00e1tal\u00e1lni az Igazira"},"content":{"rendered":"\n<p>A menhelyes kutyusok t\u00f6bbs\u00e9ge neh\u00e9z m\u00falt eml\u00e9keit cipeli. Mindannyiuknak ugyanaz a v\u00e1gya: r\u00e1tal\u00e1lni az Igazi Gazdira, h\u00e1trahagyni a m\u00faltat, \u00e9s hazat\u00e9rni. Vannak kutyusok, akik szerencs\u00e9sek, \u00e9s csak r\u00f6vid id\u0151t kell a menhely r\u00e1csai m\u00f6g\u00f6tt t\u00f6lteni\u00fck. Vannak olyanok, akik p\u00e1r \u00e9vig t\u00fcrelmesen v\u00e1rnak, mire hazat\u00e9rhetnek a Gazdival, \u00e9s vannak, akik a menhelyen \u00f6regednek meg.   <\/p>\n\n\n\n<p>A menhelyeken a k\u00f6ly\u00f6kkuty\u00e1kat keresik gyakrabban, m\u00edg az id\u0151s kutyusok a h\u00e1tt\u00e9rbe szorulnak. T\u00e9ny, hogy n\u00e9ha \u0151k t\u00f6bb odafigyel\u00e9st \u00e9s t\u00f6r\u0151d\u00e9st ig\u00e9nyelnek. Ilyenkor m\u00e1r el\u0151fordulhatnak eg\u00e9szs\u00e9g\u00fcgyi probl\u00e9m\u00e1k, \u00e9s a sok szeretet mellett sz\u00fcks\u00e9g\u00fck lehet gy\u00f3gyszeres kezel\u00e9sekre is. A nyugd\u00edjas n\u00e9gyl\u00e1b\u00faak minden figyelmet \u00e9s gondoskod\u00e1st meg\u00e9rdemelnek, ez\u00e9rt fontos, hogy a napi s\u00e9t\u00e1ra is a lehet\u0151 legkomfortosabban indulhassanak el. Az <a href=\"https:\/\/shop.julius-k9.com\/hu\/kutyahamok\/idc-powerham-egyszinu\/idc-powerharness-single-colored.html\" target=\"_blank\" rel=\"noreferrer noopener\">IDC\u00aePowerh\u00e1m<\/a> t\u00f6k\u00e9letes kell\u00e9k a napi eg\u00e9szs\u00e9g\u00fcgyi kutyagol\u00e1shoz az id\u0151s\u00f6d\u0151 kuty\u00e1k sz\u00e1m\u00e1ra.     K\u00f6nnyen, gyorsan r\u00f6gz\u00edthet\u0151, \u00e9s a fog\u00f3j\u00e1val seg\u00edteni is lehet a nehezen mozg\u00f3 kuty\u00e1t. F\u00e9nyvisszaver\u0151 elemeinek k\u00f6sz\u00f6nhet\u0151en pedig este is k\u00f6nnyen \u00e9szrevehet\u0151 marad a lassan bandukol\u00f3, \u00f6regecske ebecske. <\/p>\n\n\n\n<p>Val\u00f3 igaz, hogy az \u00f6r\u00f6kbefogad\u00e1sra v\u00e1r\u00f3 id\u0151s kutyusok \u00e9let\u00fck java r\u00e9sz\u00e9t m\u00e1r meg\u00e9lt\u00e9k, de minden nap h\u00e1l\u00e1sak lesznek, hogy a Gazdi mellett t\u00f6lthetik el nyugd\u00edjas \u00e9veiket. Minden \u0151sz\u00fcl\u0151 n\u00e9gyl\u00e1b\u00fa meg\u00e9rdemli, hogy utols\u00f3 \u00e9veit a menhely r\u00e1csait h\u00e1trahagyva, a kanap\u00e9n t\u00f6lthesse, szorosan a Gazdihoz b\u00fajva. <\/p>\n","protected":false},"excerpt":{"rendered":"<p>A menhelyes kutyusok t\u00f6bbs\u00e9ge neh\u00e9z m\u00falt eml\u00e9keit cipeli. <\/p>\n","protected":false},"author":7,"featured_media":107398,"comment_status":"closed","ping_status":"closed","sticky":false,"template":"","format":"standard","meta":{"_acf_changed":false,"footnotes":""},"categories":[211],"tags":[],"class_list":["post-107425","post","type-post","status-publish","format-standard","has-post-thumbnail","hentry","category-blog-hu","category-211","description-off"],"acf":[],"_links":{"self":[{"href":"https:\/\/julius-k9.com\/hu\/wp-json\/wp\/v2\/posts\/107425","targetHints":{"allow":["GET"]}}],"collection":[{"href":"https:\/\/julius-k9.com\/hu\/wp-json\/wp\/v2\/posts"}],"about":[{"href":"https:\/\/julius-k9.com\/hu\/wp-json\/wp\/v2\/types\/post"}],"author":[{"embeddable":true,"href":"https:\/\/julius-k9.com\/hu\/wp-json\/wp\/v2\/users\/7"}],"replies":[{"embeddable":true,"href":"https:\/\/julius-k9.com\/hu\/wp-json\/wp\/v2\/comments?post=107425"}],"version-history":[{"count":0,"href":"https:\/\/julius-k9.com\/hu\/wp-json\/wp\/v2\/posts\/107425\/revisions"}],"wp:featuredmedia":[{"embeddable":true,"href":"https:\/\/julius-k9.com\/hu\/wp-json\/wp\/v2\/media\/107398"}],"wp:attachment":[{"href":"https:\/\/julius-k9.com\/hu\/wp-json\/wp\/v2\/media?parent=107425"}],"wp:term":[{"taxonomy":"category","embeddable":true,"href":"https:\/\/julius-k9.com\/hu\/wp-json\/wp\/v2\/categories?post=107425"},{"taxonomy":"post_tag","embeddable":true,"href":"https:\/\/julius-k9.com\/hu\/wp-json\/wp\/v2\/tags?post=107425"}],"curies":[{"name":"wp","href":"https:\/\/api.w.org\/{rel}","templated":true}]}}