{"id":106447,"date":"2022-06-20T05:19:00","date_gmt":"2022-06-20T05:19:00","guid":{"rendered":"https:\/\/julius-k9.com\/eletet-menthet-a-kutyaham-felirat\/"},"modified":"2022-06-21T05:45:25","modified_gmt":"2022-06-21T05:45:25","slug":"eletet-menthet-a-kutyaham-felirat","status":"publish","type":"post","link":"https:\/\/julius-k9.com\/hu\/eletet-menthet-a-kutyaham-felirat\/","title":{"rendered":"\u00c9letet menthet a kutyah\u00e1m felirat"},"content":{"rendered":"\n<p>F\u00e1radtan rogytam le a parkban egy padra, kezemben M\u00e1zli p\u00f3r\u00e1z\u00e1val. M\u00e1r \u00f3r\u00e1k \u00f3ta kerestem h\u0171s\u00e9ges kedvencemet. Azon a balszerencs\u00e9s d\u00e9lut\u00e1non elvesztettem a kiskuty\u00e1mat. Megszokott s\u00e9t\u00e1nkon elengedtem M\u00e1zlit a parkban, ahogy oly sokszor. Kor\u00e1bban egy szavamra visszat\u00e9rt hozz\u00e1m. Azon a bor\u00fas napon azonban felbukkant az a purrog\u00f3 cirmos. A macska, aki ha felt\u0171nt, M\u00e1zlinak sosem lehetett parancsolni, mert a kiskuty\u00e1m r\u00e1tartian ut\u00e1naeredt.      <\/p>\n\n\n\n<p>Azonnal a keres\u00e9s\u00e9re indultam. Le\u00edr\u00e1st adtam M\u00e1zlir\u00f3l: \u201eFekete labrador jelleg\u0171, mentett kutyus. Nagyon k\u00f6zvetlen ebecske, piros Julius-K9 Powerh\u00e1mot viselt az elt\u0171n\u00e9sekor.\u201d Csak rem\u00e9ltem, hogy kedvenc h\u00e1mj\u00e1nak k\u00f6sz\u00f6nhet\u0151en s\u00f6t\u00e9ted\u00e9s ut\u00e1n sem keveredett aut\u00f3k kerekei al\u00e1, hiszen a f\u00e9nyvisszaver\u0151 funkci\u00f3j\u00e1nak k\u00f6sz\u00f6nhet\u0151en az esti s\u00e9t\u00e1kon egy\u00fctt is k\u00f6nnyen \u00e9szrevehet\u0151ek voltunk. <\/p>\n\n\n\n<p>Fel\u00e1lltam a padr\u00f3l, hogy tov\u00e1bb folytassam a keres\u00e9st, amikor hirtelen megsz\u00f3lalt a telefon! Kedves, id\u0151s hang: \u201eJ\u00f3 est\u00e9t, ismer \u00f6n egy b\u00e1jos, fekete kutyust?\u201d M\u00e1zli!  <\/p>\n\n\n\n<p>A parkt\u00f3l nem messze lakott a n\u00e9ni, aki m\u00e1r a kapuban v\u00e1rt. M\u00e1zli torped\u00f3k\u00e9nt ugrott a nyakamba. A kedves h\u00f6lgy elmes\u00e9lte, hogy esti s\u00e9t\u00e1ja alatt botlott kiskuty\u00e1mba. A n\u00e9ni nyom\u00e1ba szeg\u0151d\u00f6tt, \u0151 ekkor vette \u00e9szre a h\u00e1mfeliraton a telefonsz\u00e1mom. Mag\u00e1val \u00e9desgette kedvencemet, \u00e9s felh\u00edvott, amint haza\u00e9rt.    <\/p>\n\n\n\n<p>Boldogan indultunk haza M\u00e1zlival, \u00fatba ejtve a kutyafuttat\u00f3t, ahol nagyot j\u00e1tszott bar\u00e1taival. A legjobb d\u00f6nt\u00e9s volt a h\u00e1mfelirathoz a telefonsz\u00e1momat v\u00e1lasztani. M\u00e1zli \u00fajra velem volt, biztons\u00e1gban.  <\/p>\n","protected":false},"excerpt":{"rendered":"<p>F\u00e1radtan rogytam le a parkban egy padra, kezemben M\u00e1zli p\u00f3r\u00e1z\u00e1val. M\u00e1r \u00f3r\u00e1k \u00f3ta kerestem h\u0171s\u00e9ges kedvencemet. <\/p>\n","protected":false},"author":7,"featured_media":106435,"comment_status":"closed","ping_status":"closed","sticky":false,"template":"","format":"standard","meta":{"_acf_changed":false,"footnotes":""},"categories":[211],"tags":[],"class_list":["post-106447","post","type-post","status-publish","format-standard","has-post-thumbnail","hentry","category-blog-hu","category-211","description-off"],"acf":[],"_links":{"self":[{"href":"https:\/\/julius-k9.com\/hu\/wp-json\/wp\/v2\/posts\/106447","targetHints":{"allow":["GET"]}}],"collection":[{"href":"https:\/\/julius-k9.com\/hu\/wp-json\/wp\/v2\/posts"}],"about":[{"href":"https:\/\/julius-k9.com\/hu\/wp-json\/wp\/v2\/types\/post"}],"author":[{"embeddable":true,"href":"https:\/\/julius-k9.com\/hu\/wp-json\/wp\/v2\/users\/7"}],"replies":[{"embeddable":true,"href":"https:\/\/julius-k9.com\/hu\/wp-json\/wp\/v2\/comments?post=106447"}],"version-history":[{"count":0,"href":"https:\/\/julius-k9.com\/hu\/wp-json\/wp\/v2\/posts\/106447\/revisions"}],"wp:featuredmedia":[{"embeddable":true,"href":"https:\/\/julius-k9.com\/hu\/wp-json\/wp\/v2\/media\/106435"}],"wp:attachment":[{"href":"https:\/\/julius-k9.com\/hu\/wp-json\/wp\/v2\/media?parent=106447"}],"wp:term":[{"taxonomy":"category","embeddable":true,"href":"https:\/\/julius-k9.com\/hu\/wp-json\/wp\/v2\/categories?post=106447"},{"taxonomy":"post_tag","embeddable":true,"href":"https:\/\/julius-k9.com\/hu\/wp-json\/wp\/v2\/tags?post=106447"}],"curies":[{"name":"wp","href":"https:\/\/api.w.org\/{rel}","templated":true}]}}